{"id":1053450,"date":"2026-07-09T10:44:15","date_gmt":"2026-07-09T10:44:15","guid":{"rendered":"https:\/\/www.europesays.com\/fr\/1053450\/"},"modified":"2026-07-09T10:44:15","modified_gmt":"2026-07-09T10:44:15","slug":"comment-limiter-lacces-des-enfants-aux-reseaux-sociaux-lue-proche-dune-decision-actualites","status":"publish","type":"post","link":"https:\/\/www.europesays.com\/fr\/1053450\/","title":{"rendered":"Comment limiter l&rsquo;acc\u00e8s des enfants aux r\u00e9seaux sociaux? L&rsquo;UE proche d&rsquo;une d\u00e9cision : Actualit\u00e9s"},"content":{"rendered":"<p class=\"lead \">L&rsquo;UE doit-elle interdire les r\u00e9seaux sociaux aux enfants et adolescents en dessous d&rsquo;un certain \u00e2ge, ou se contenter de faciliter les mesures mises en place par certains Etats? La r\u00e9flexion progresse au sein de la Commission europ\u00e9enne, qui devrait annoncer des d\u00e9cisions \u00e0 la rentr\u00e9e.<\/p>\n<p class=\"lead \">\u00ab\u00a0Lorsqu&rsquo;un quart de nos jeunes sont confront\u00e9s \u00e0 des contenus probl\u00e9matiques en ligne &#8211; discours de haine, pressions li\u00e9es \u00e0 l&rsquo;image corporelle, violences inattendues &#8211; c&rsquo;est un signal clair qu&rsquo;il est temps d&rsquo;agir\u00a0\u00bb, avait lanc\u00e9 mi-juin la cheffe de l&rsquo;ex\u00e9cutif europ\u00e9en, Ursula von der Leyen, \u00e0 la fin des travaux d&rsquo;un comit\u00e9 d&rsquo;experts.<\/p>\n<p class=\"lead \">Ce comit\u00e9 sur la s\u00e9curit\u00e9 des enfants en ligne, pr\u00e9sid\u00e9 par l&rsquo;\u00e9pid\u00e9miologiste fran\u00e7aise Maria Melchior et l&rsquo;universitaire allemand J\u00f6rg Fegert, remettra lundi ses recommandations \u00e0 la pr\u00e9sidente de la Commission, pour nourrir sa r\u00e9flexion.<\/p>\n<p class=\"lead \">Bruxelles r\u00e9fl\u00e9chit depuis l&rsquo;an dernier \u00e0 l&rsquo;opportunit\u00e9 de mettre en place une \u00ab\u00a0majorit\u00e9 num\u00e9rique\u00a0\u00bb \u00e0 l&rsquo;\u00e9chelle de toute l&rsquo;UE, alors qu&rsquo;au sein des 27, plusieurs pays, France en t\u00eate, sont en train de mettre en place des interdictions d&rsquo;acc\u00e8s aux r\u00e9seaux sociaux pour les enfants et ados, ou l&rsquo;envisagent.<\/p>\n<p class=\"lead \">Plusieurs pistes sont possibles, allant d&rsquo;une interdiction g\u00e9n\u00e9ralis\u00e9e en dessous d&rsquo;un certain \u00e2ge, \u00e0 une approche plus gradu\u00e9e selon l&rsquo;\u00e2ge, en passant par une approche alternative consistant \u00e0 rendre les plateformes plus s\u00fbres d\u00e8s le d\u00e9part (\u00ab\u00a0by design\u00a0\u00bb), au b\u00e9n\u00e9fice des utilisateurs de tous \u00e2ges.<\/p>\n<p class=\"lead \">M\u00eame si Mme von der Leyen a soutenu \u00e0 titre personnel une interdiction, comme celle instaur\u00e9e l&rsquo;an dernier en Australie, Bruxelles assure que toutes les options restent sur la table.<\/p>\n<p class=\"lead \">Une d\u00e9cision pourrait \u00eatre annonc\u00e9e en septembre, la Commission laissant entendre que l&rsquo;affaire sera tranch\u00e9e d&rsquo;ici la fin de l&rsquo;\u00e9t\u00e9.<\/p>\n<p class=\"lead \">Le professeur Fegert a justement particip\u00e9 \u00e0 une commission ind\u00e9pendante en Allemagne, qui vient de proposer \u00e0 Berlin deux options pour renforcer la protection des mineurs en ligne.<\/p>\n<p class=\"lead \">D&rsquo;un c\u00f4t\u00e9, une interdiction gradu\u00e9e des r\u00e9seaux sociaux en fonction de l&rsquo;\u00e2ge, avec une interdiction totale aux moins de 13 ans et un acc\u00e8s limit\u00e9 au-del\u00e0.<\/p>\n<p class=\"lead \">De l&rsquo;autre, des restrictions sp\u00e9cifiques, en fonction des risques propres \u00e0 chaque plateforme, sans \u00e2ge minimum uniforme.<\/p>\n<p class=\"lead \">&#8211; \u00ab\u00a0Choix de conception\u00a0\u00bb &#8211;<\/p>\n<p class=\"lead \">La ministre allemande de la Famille Karin Prien a d&rsquo;ores et d\u00e9j\u00e0 exprim\u00e9 sa pr\u00e9f\u00e9rence pour une majorit\u00e9 num\u00e9rique fix\u00e9e \u00e0 13 ans.<\/p>\n<p class=\"lead \">Par ailleurs, la Commission europ\u00e9enne a reconnu le droit \u00e0 la France d&rsquo;instaurer une majorit\u00e9 num\u00e9rique, dans son avis officiel sur la proposition de loi fran\u00e7aise interdisant les r\u00e9seaux aux moins de 15 ans, bien qu&rsquo;elle ait conclu qu&rsquo;elle n&rsquo;\u00e9tait pas pleinement compatible avec le droit europ\u00e9en.<\/p>\n<p class=\"lead \">Mais au fond, \u00ab\u00a0la question n&rsquo;est pas de savoir quand les enfants ou les adolescents devraient pouvoir acc\u00e9der aux r\u00e9seaux sociaux, c&rsquo;est plut\u00f4t de savoir quand on devrait donner aux r\u00e9seaux sociaux l&rsquo;acc\u00e8s \u00e0 nos enfants et adolescents\u00a0\u00bb, a fait valoir Ursula von der Leyen, lors d&rsquo;un d\u00e9placement la semaine derni\u00e8re en Irlande.<\/p>\n<p class=\"lead \">De son c\u00f4t\u00e9, le commissaire europ\u00e9en Michael McGrath, qui pr\u00e9pare pour la fin de l&rsquo;ann\u00e9e un projet de loi sur la protection des consommateurs en ligne, promet des mesures en faveur des enfants.<\/p>\n<p class=\"lead \">\u00ab\u00a0Alors que l&rsquo;Europe d\u00e9bat de la meilleure mani\u00e8re de prot\u00e9ger les enfants en ligne, un principe doit nous guider: si des mineurs sont en ligne, ils doivent \u00eatre prot\u00e9g\u00e9s d\u00e8s le d\u00e9part\u00a0\u00bb, a-t-il d\u00e9clar\u00e9 \u00e0 l&rsquo;AFP.<\/p>\n<p class=\"lead \">\u00ab\u00a0Quelles que soient les d\u00e9cisions qui seront prises en fonction de l&rsquo;\u00e2ge des utilisateurs, nous devons aussi nous attaquer aux mod\u00e8les d&rsquo;activit\u00e9 et aux choix de conception qui mod\u00e8lent tout ce que les enfants font en ligne\u00a0\u00bb, comme les interfaces addictives et autres pratiques nocives, plaide-t-il.<\/p>\n<p class=\"lead \">Certains d\u00e9fenseurs des droits en ligne num\u00e9riques pr\u00f4nent ouvertement l&rsquo;approche consistant \u00e0 rendre les plateformes plus s\u00fbres, plut\u00f4t que d&rsquo;en priver sans distinction toute une partie de la population.<\/p>\n<p class=\"lead \">Un sondage publi\u00e9 jeudi par l&rsquo;ONG Reset Tech, r\u00e9alis\u00e9 dans 5 pays, montre qu&rsquo;une large majorit\u00e9 d&rsquo;Europ\u00e9ens (75%) pr\u00e9f\u00e8re qu&rsquo;on impose aux plateformes \u00ab\u00a0de d\u00e9montrer que leurs produits sont sans risques\u00a0\u00bb, si elles veulent \u00eatre accessibles aux enfants.<\/p>\n<p class=\"lead \">\u00ab\u00a0L&rsquo;exclusion n&rsquo;est pas la bonne r\u00e9ponse\u00a0\u00bb, a assur\u00e9 \u00e0 l&rsquo;AFP Simeon de Brouwer, de l&rsquo;ONG European Digital Rights, esp\u00e9rant pour sa part des propositions \u00ab\u00a0ambitieuses\u00a0\u00bb de la Commission pour combattre les aspects nuisibles des plateformes. Mais pour l&rsquo;instant, il reproche \u00e0 celle-ci sa \u00ab\u00a0timidit\u00e9\u00a0\u00bb \u00e0 l&rsquo;\u00e9gard des g\u00e9ants de la tech.<\/p>\n<p class=\"small font-weight-bold text-gray3 \"> publi\u00e9 le 9 juillet \u00e0 12h23, AFP<\/p>\n<p>                             Partager<\/p>\n","protected":false},"excerpt":{"rendered":"L&rsquo;UE doit-elle interdire les r\u00e9seaux sociaux aux enfants et adolescents en dessous d&rsquo;un certain \u00e2ge, ou se contenter&hellip;\n","protected":false},"author":2,"featured_media":1053451,"comment_status":"","ping_status":"","sticky":false,"template":"","format":"standard","meta":{"footnotes":"","_share_on_mastodon":"0"},"categories":[1586],"tags":[11,1719,1777,674,1779,1011,27,310,421,12,316,82004,25,42,1778,364],"class_list":["post-1053450","post","type-post","status-publish","format-standard","has-post-thumbnail","category-europe","tag-actualites","tag-enfants","tag-eu","tag-europe","tag-european-union","tag-fr","tag-france","tag-internet","tag-lois","tag-news","tag-politique","tag-rseaux","tag-republique-francaise","tag-technologies","tag-ue","tag-union-europeenne"],"share_on_mastodon":{"url":"","error":""},"_links":{"self":[{"href":"https:\/\/www.europesays.com\/fr\/wp-json\/wp\/v2\/posts\/1053450","targetHints":{"allow":["GET"]}}],"collection":[{"href":"https:\/\/www.europesays.com\/fr\/wp-json\/wp\/v2\/posts"}],"about":[{"href":"https:\/\/www.europesays.com\/fr\/wp-json\/wp\/v2\/types\/post"}],"author":[{"embeddable":true,"href":"https:\/\/www.europesays.com\/fr\/wp-json\/wp\/v2\/users\/2"}],"replies":[{"embeddable":true,"href":"https:\/\/www.europesays.com\/fr\/wp-json\/wp\/v2\/comments?post=1053450"}],"version-history":[{"count":0,"href":"https:\/\/www.europesays.com\/fr\/wp-json\/wp\/v2\/posts\/1053450\/revisions"}],"wp:featuredmedia":[{"embeddable":true,"href":"https:\/\/www.europesays.com\/fr\/wp-json\/wp\/v2\/media\/1053451"}],"wp:attachment":[{"href":"https:\/\/www.europesays.com\/fr\/wp-json\/wp\/v2\/media?parent=1053450"}],"wp:term":[{"taxonomy":"category","embeddable":true,"href":"https:\/\/www.europesays.com\/fr\/wp-json\/wp\/v2\/categories?post=1053450"},{"taxonomy":"post_tag","embeddable":true,"href":"https:\/\/www.europesays.com\/fr\/wp-json\/wp\/v2\/tags?post=1053450"}],"curies":[{"name":"wp","href":"https:\/\/api.w.org\/{rel}","templated":true}]}}