{"id":105347,"date":"2025-05-16T21:09:14","date_gmt":"2025-05-16T21:09:14","guid":{"rendered":"https:\/\/www.europesays.com\/fr\/105347\/"},"modified":"2025-05-16T21:09:14","modified_gmt":"2025-05-16T21:09:14","slug":"revivez-lyon-psg-3-0-premiere-ligue-finale-ol-psg","status":"publish","type":"post","link":"https:\/\/www.europesays.com\/fr\/105347\/","title":{"rendered":"Revivez Lyon-PSG (3-0) &#8211; Premi\u00e8re Ligue &#8211; Finale &#8211; OL-PSG"},"content":{"rendered":"<p>En tout cas comme la saison derni\u00e8re, la finale voit l&rsquo;OL affrontait le PSG pour ce classique du football f\u00e9minin fran\u00e7ais, reste \u00e0 savoir si la logique du championnat va \u00eatre invers\u00e9e. Les Lyonnaises ont termin\u00e9 la saison invaincue avec 10 points d&rsquo;avance sur son dauphin parisien mais le PSG a sembl\u00e9 retrouv\u00e9 des couleurs lors de ses deux derniers matchs sous la mandature de Paulo C\u00e9sar qui est venu remplac\u00e9 Fabrice Abriel, mis \u00e0 pied par le club apr\u00e8s la d\u00e9faite en finale de Coupe de France.<\/p>\n","protected":false},"excerpt":{"rendered":"En tout cas comme la saison derni\u00e8re, la finale voit l&rsquo;OL affrontait le PSG pour ce classique du&hellip;\n","protected":false},"author":2,"featured_media":105348,"comment_status":"","ping_status":"","sticky":false,"template":"","format":"standard","meta":{"footnotes":""},"categories":[1889],"tags":[1111,47,11,61,2430,69,65,64,1777,674,63,1011,27,68,66,2428,12,62,70,25,67],"class_list":{"0":"post-105347","1":"post","2":"type-post","3":"status-publish","4":"format-standard","5":"has-post-thumbnail","7":"category-lyon","8":"tag-actu","9":"tag-actualite","10":"tag-actualites","11":"tag-actus-football","12":"tag-auvergne-rhone-alpes","13":"tag-bundesliga","14":"tag-championnats-europeens","15":"tag-equipe-de-france","16":"tag-eu","17":"tag-europe","18":"tag-football","19":"tag-fr","20":"tag-france","21":"tag-ligua","22":"tag-ligue-1","23":"tag-lyon","24":"tag-news","25":"tag-news-foot","26":"tag-premier-league","27":"tag-republique-francaise","28":"tag-serie-a"},"share_on_mastodon":{"url":"https:\/\/pubeurope.com\/@fr\/114519563477247396","error":""},"_links":{"self":[{"href":"https:\/\/www.europesays.com\/fr\/wp-json\/wp\/v2\/posts\/105347","targetHints":{"allow":["GET"]}}],"collection":[{"href":"https:\/\/www.europesays.com\/fr\/wp-json\/wp\/v2\/posts"}],"about":[{"href":"https:\/\/www.europesays.com\/fr\/wp-json\/wp\/v2\/types\/post"}],"author":[{"embeddable":true,"href":"https:\/\/www.europesays.com\/fr\/wp-json\/wp\/v2\/users\/2"}],"replies":[{"embeddable":true,"href":"https:\/\/www.europesays.com\/fr\/wp-json\/wp\/v2\/comments?post=105347"}],"version-history":[{"count":0,"href":"https:\/\/www.europesays.com\/fr\/wp-json\/wp\/v2\/posts\/105347\/revisions"}],"wp:featuredmedia":[{"embeddable":true,"href":"https:\/\/www.europesays.com\/fr\/wp-json\/wp\/v2\/media\/105348"}],"wp:attachment":[{"href":"https:\/\/www.europesays.com\/fr\/wp-json\/wp\/v2\/media?parent=105347"}],"wp:term":[{"taxonomy":"category","embeddable":true,"href":"https:\/\/www.europesays.com\/fr\/wp-json\/wp\/v2\/categories?post=105347"},{"taxonomy":"post_tag","embeddable":true,"href":"https:\/\/www.europesays.com\/fr\/wp-json\/wp\/v2\/tags?post=105347"}],"curies":[{"name":"wp","href":"https:\/\/api.w.org\/{rel}","templated":true}]}}