{"id":105351,"date":"2025-05-16T21:12:14","date_gmt":"2025-05-16T21:12:14","guid":{"rendered":"https:\/\/www.europesays.com\/fr\/105351\/"},"modified":"2025-05-16T21:12:14","modified_gmt":"2025-05-16T21:12:14","slug":"mort-dune-jeune-femme-apres-un-refus-dobtemperer-a-paris-en-2022-non-lieu-pour-les-policiers","status":"publish","type":"post","link":"https:\/\/www.europesays.com\/fr\/105351\/","title":{"rendered":"Mort d&rsquo;une jeune femme apr\u00e8s un refus d&rsquo;obtemp\u00e9rer \u00e0 Paris en 2022 : non-lieu pour les policiers"},"content":{"rendered":"<p>            Par<br \/>\n        <strong><br \/>\n            <a href=\"https:\/\/actu.fr\/auteur\/redaction-paris\" title=\"Consulter tous les articles de R\u00e9daction Paris\" rel=\"nofollow noopener\" target=\"_blank\">R\u00e9daction Paris<\/a><br \/>\n        <\/strong><\/p>\n<p>        Publi\u00e9 le<\/p>\n<p>            16 mai 2025 \u00e0 21h19        <\/p>\n<p>La justice a tranch\u00e9, et estim\u00e9 que la situation relevait de la <strong>l\u00e9gitime d\u00e9fense<\/strong>. Les trois policiers qui <a href=\"https:\/\/actu.fr\/ile-de-france\/paris_75056\/tirs-mortels-a-paris-le-conducteur-en-garde-a-vue-appel-a-temoins-le-point-sur-l-enquete_51511768.html\" rel=\"nofollow noopener\" target=\"_blank\">avaient ouvert le feu<\/a> en juin\u00a02022 dans le 18e arrondissement de <a href=\"https:\/\/actu.fr\/paris\/\" rel=\"nofollow noopener\" target=\"_blank\">Paris<\/a> apr\u00e8s le <a href=\"https:\/\/actu.fr\/ile-de-france\/paris_75056\/tirs-mortels-lors-d-un-controle-de-police-a-paris-le-conducteur-mis-en-examen_51591129.html\" rel=\"nofollow noopener\" target=\"_blank\">refus d\u2019obtemp\u00e9rer d\u2019un conducteur<\/a>, ont b\u00e9n\u00e9fici\u00e9 d\u2019un <strong>non-lieu<\/strong>, a-t-on appris vendredi de source proche du dossier, confirmant une information du <a href=\"https:\/\/www.leparisien.fr\/faits-divers\/refus-dobtemperer-a-paris-non-lieu-pour-le-policier-qui-a-tue-rayana-les-proches-de-la-passagere-scandalises-16-05-2025-VGYPU5L4FJCLTET4UDTBTQWA2M.php?at_variant=photo&amp;at_creation=Le%20Parisien&amp;at_campaign=Partage%20Twitter%20CM&amp;at_medium=Social%20media\" rel=\"nofollow noopener\" target=\"_blank\">Parisien<\/a>. L\u2019un des tirs avait mortellement atteint <strong>Rayana<\/strong>, l\u2019une des passag\u00e8res.<\/p>\n<p>Des tirs \u00ab\u2009absolument n\u00e9cessaires\u2009\u00bb<\/p>\n<p class=\" wall-content\">Selon l\u2019ordonnance des juges d\u2019instruction du 5\u00a0mai 2025, les tirs des fonctionnaires de police \u00ab\u2009\u00e9taient absolument n\u00e9cessaires et <strong>strictement proportionn\u00e9s<\/strong> au regard de la situation cr\u00e9\u00e9e\u2009\u00bb par le conducteur, \u00ab\u2009du fait de ses multiples refus d\u2019obtemp\u00e9rer, de sa d\u00e9termination \u00e0 se soustraire aux contr\u00f4les, du danger objectif qu\u2019il repr\u00e9sentait pour les autres usagers de la route [\u2026] et de la menace l\u00e9gitimement per\u00e7ue par les fonctionnaires de police pour leur vie\u2009\u00bb. Plusieurs parties civiles ont indiqu\u00e9 avoir <strong>fait appel<\/strong> de ce non-lieu.<\/p>\n<p class=\" wall-content\">Le 4\u00a0juin 2022, aux alentours de 10h45, trois policiers \u00e0 VTT avaient voulu contr\u00f4ler une Peugeot 207, dont les passagers arri\u00e8re ne portaient pas leur ceinture de s\u00e9curit\u00e9. Le conducteur n\u2019obtemp\u00e9rait pas et continuait sa route \u00e0 vive allure pendant 300\u00a0m\u00e8tres jusqu\u2019au boulevard Barb\u00e8s, dans le 18e arrondissement, relatent les magistrats instructeurs.<\/p>\n<p class=\" wall-content\">Positionn\u00e9s autour de la voiture coinc\u00e9e dans les bouchons qui tentait de red\u00e9marrer, ils ont fait feu respectivement cinq fois, trois fois et une fois. Seul le policier auteur des tirs qui avaient <strong>atteint mortellement \u00e0 la t\u00eate<\/strong> la passag\u00e8re avant du v\u00e9hicule, Rayana, et bless\u00e9 le conducteur au thorax, avait \u00e9t\u00e9 mis en examen en 2023 pour violence volontaire par personne d\u00e9positaire de l\u2019autorit\u00e9 publique ayant entra\u00een\u00e9 la mort sans intention de la donner notamment. Les deux autres policiers avaient \u00e9t\u00e9 plac\u00e9s sous le statut interm\u00e9diaire de <strong>t\u00e9moin assist\u00e9<\/strong>.<\/p>\n<p>\u00ab\u2009La famille de Rayana est sid\u00e9r\u00e9e\u2009\u00bb<\/p>\n<p class=\" wall-content\">Au cours de l\u2019information judiciaire, le policier auteur du tir mortel, n\u00e9 en 1990 et jamais condamn\u00e9, a expliqu\u00e9 avoir craint pour sa vie et celle de sa coll\u00e8gue lorsque la voiture avait red\u00e9marr\u00e9, et avoir \u00ab\u2009concentr\u00e9 ses tirs en direction du conducteur\u2009\u00bb.<\/p>\n<p>Vid\u00e9os : en ce moment sur Actu<\/p>\n<p class=\" wall-content\">Ce que les passagers arri\u00e8re du v\u00e9hicule ont contredit, soutenant que les policiers n\u2019\u00e9taient pas en danger quand ils avaient tir\u00e9. \u00ab\u2009La famille de Rayana est sid\u00e9r\u00e9e et <strong>se sent profond\u00e9ment m\u00e9pris\u00e9e<\/strong> par les termes approximatifs de cette d\u00e9cision dont la motivation est particuli\u00e8rement lacunaire et mince\u2009\u00bb, a r\u00e9agi aupr\u00e8s de l\u2019AFP Me Florian Lastelle, avocat de la famille de Rayana, qui avait 21\u00a0ans au moment de son d\u00e9c\u00e8s.<\/p>\n<p class=\" wall-content\">\u00ab\u2019Selon que vous soyez puissant ou mis\u00e9rable, les jugements de cour vous rendront blanc ou noir\u2019. Cette triste morale d\u2019une fable de La Fontaine est incarn\u00e9e par cette d\u00e9cision de non-lieu. La supr\u00e9matie des syndicats est ici plus forte que le droit\u2009\u00bb, a r\u00e9agi pour sa part Me Marie Violleau, avocate de la passag\u00e8re arri\u00e8re, partie civile.<\/p>\n<p class=\" wall-content\">Avec AFP.<\/p>\n<p class=\" wall-content\">Suivez toute l\u2019actualit\u00e9 de vos villes et m\u00e9dias favoris en vous inscrivant \u00e0 <a href=\"https:\/\/moncompte.actu.fr\" title=\"D\u00e9couvez Mon Actu\" rel=\"nofollow noopener\" data-trk=\"{&quot;cta&quot;:{&quot;action&quot;:&quot;https:\\\/\\\/moncompte.actu.fr&quot;,&quot;category&quot;:&quot;mon compte&quot;,&quot;from&quot;:&quot;article footer&quot;,&quot;name&quot;:&quot;Mon actu&quot;,&quot;type&quot;:&quot;cta&quot;}}\" target=\"_blank\">Mon Actu<\/a>.<\/p>\n","protected":false},"excerpt":{"rendered":"Par R\u00e9daction Paris Publi\u00e9 le 16 mai 2025 \u00e0 21h19 La justice a tranch\u00e9, et estim\u00e9 que la&hellip;\n","protected":false},"author":2,"featured_media":104834,"comment_status":"","ping_status":"","sticky":false,"template":"","format":"standard","meta":{"footnotes":""},"categories":[1888],"tags":[1111,1928,11,1927,1777,674,1011,27,303,12,1926,626,1925,1072,2852,25,104],"class_list":{"0":"post-105351","1":"post","2":"type-post","3":"status-publish","4":"format-standard","5":"has-post-thumbnail","7":"category-paris","8":"tag-actu","9":"tag-actu-paris","10":"tag-actualites","11":"tag-actualites-paris","12":"tag-eu","13":"tag-europe","14":"tag-fr","15":"tag-france","16":"tag-justice","17":"tag-news","18":"tag-news-paris","19":"tag-paris","20":"tag-paris-news","21":"tag-police","22":"tag-refus-dobtemperer","23":"tag-republique-francaise","24":"tag-societe"},"share_on_mastodon":{"url":"https:\/\/pubeurope.com\/@fr\/114519575301513748","error":""},"_links":{"self":[{"href":"https:\/\/www.europesays.com\/fr\/wp-json\/wp\/v2\/posts\/105351","targetHints":{"allow":["GET"]}}],"collection":[{"href":"https:\/\/www.europesays.com\/fr\/wp-json\/wp\/v2\/posts"}],"about":[{"href":"https:\/\/www.europesays.com\/fr\/wp-json\/wp\/v2\/types\/post"}],"author":[{"embeddable":true,"href":"https:\/\/www.europesays.com\/fr\/wp-json\/wp\/v2\/users\/2"}],"replies":[{"embeddable":true,"href":"https:\/\/www.europesays.com\/fr\/wp-json\/wp\/v2\/comments?post=105351"}],"version-history":[{"count":0,"href":"https:\/\/www.europesays.com\/fr\/wp-json\/wp\/v2\/posts\/105351\/revisions"}],"wp:featuredmedia":[{"embeddable":true,"href":"https:\/\/www.europesays.com\/fr\/wp-json\/wp\/v2\/media\/104834"}],"wp:attachment":[{"href":"https:\/\/www.europesays.com\/fr\/wp-json\/wp\/v2\/media?parent=105351"}],"wp:term":[{"taxonomy":"category","embeddable":true,"href":"https:\/\/www.europesays.com\/fr\/wp-json\/wp\/v2\/categories?post=105351"},{"taxonomy":"post_tag","embeddable":true,"href":"https:\/\/www.europesays.com\/fr\/wp-json\/wp\/v2\/tags?post=105351"}],"curies":[{"name":"wp","href":"https:\/\/api.w.org\/{rel}","templated":true}]}}