{"id":105354,"date":"2025-05-16T21:14:31","date_gmt":"2025-05-16T21:14:31","guid":{"rendered":"https:\/\/www.europesays.com\/fr\/105354\/"},"modified":"2025-05-16T21:14:31","modified_gmt":"2025-05-16T21:14:31","slug":"quinte-quinte-du-samedi-17-mai-a-auteuil-remembrance-peut-trouver-son-jour","status":"publish","type":"post","link":"https:\/\/www.europesays.com\/fr\/105354\/","title":{"rendered":"Quint\u00e9+: Quint\u00e9+ du samedi 17 mai \u00e0 Auteuil : Remembrance peut trouver son jour"},"content":{"rendered":"<p><strong>Les partants du Quint\u00e9+ de ce samedi 17 mai<\/strong><strong style=\"float: left;margin-left: 2%;\">PRIX LE PARISIEN (PRIX LE GUALES DE MEZAUBRAN)<\/strong><strong style=\"float: right;margin-right: 2%;\">SAMEDI 17 MAI<\/strong><br \/>AUTEUIL &#8211; 3600 METRES &#8211; \u00a0<img decoding=\"async\" alt=\"picto_obstacle\" class=\"img2\" src=\"https:\/\/www.europesays.com\/fr\/wp-content\/uploads\/2025\/04\/obstacles.svg.svg+xml\"\/>D\u00c9PART : 15H15<\/p>\n<tr class=\"row1\" style=\"border: thin solid #020338; width: 50%; padding: 5px; background-color: #020338; color: #FFFFFF; text-align: left; line-height: 15px;\">N\u00b0\u00a0CHEVAL\u00a0JOCKEYPOIDS\u00a0ENTRA\u00ceNEURVALEURGAINS<\/tr>\n<tr class=\"row2\" style=\"text-align: left; background-color: #FFFFFF; line-height: 15px;\">\n<td class=\"col1\" style=\"text-align: center; width: 65px;font-weight: bold;\">1<\/td>\n<td class=\"col2\"><a href=\"https:\/\/www.equidia.fr\/chevaux\/oupss?horse_uuid=428a2ed4-b152-4375-8170-d11f61dfe9f0\" target=\"_blank\" rel=\"noopener\">OUPSS<\/a><\/td>\n<td class=\"col3\">W.LAJON<\/td>\n<td class=\"col4\">70.0 kg<\/td>\n<td class=\"col5\">J.DELAUNAY (S)<\/td>\n<td class=\"col6\" style=\"text-align: center;\">62.0<\/td>\n<td class=\"col7\" style=\"text-align: right;\">46750 \u20ac<\/td>\n<\/tr>\n<tr class=\"row3\" style=\"text-align: left; background-color: rgb(218, 218, 226); line-height: 15px;\">\n<td class=\"col1\" style=\"text-align: center; width: 65px;font-weight: bold;\">2<\/td>\n<td class=\"col2\"><a href=\"https:\/\/www.equidia.fr\/chevaux\/le-colombar?horse_uuid=c30973ed-d004-49ae-9b57-0f8dbf262b24\" target=\"_blank\" rel=\"noopener\">LE COLOMBAR<\/a><\/td>\n<td class=\"col3\">L.ZULIANI<\/td>\n<td class=\"col4\">70.0 kg<\/td>\n<td class=\"col5\">M.SEROR (S)<\/td>\n<td class=\"col6\" style=\"text-align: center;\">62.0<\/td>\n<td class=\"col7\" style=\"text-align: right;\">29700 \u20ac<\/td>\n<\/tr>\n<tr class=\"row2\" style=\"text-align: left; background-color: #FFFFFF; line-height: 15px;\">\n<td class=\"col1\" style=\"text-align: center; width: 65px;font-weight: bold;\">3<\/td>\n<td class=\"col2\"><a href=\"https:\/\/www.equidia.fr\/chevaux\/wells-park?horse_uuid=c439b9e7-030b-4ecb-9b16-b87c946fffa6\" target=\"_blank\" rel=\"noopener\">WELLS PARK<\/a><\/td>\n<td class=\"col3\">J.CHARRON<\/td>\n<td class=\"col4\">70.0 kg<\/td>\n<td class=\"col5\">MME D.MELE<\/td>\n<td class=\"col6\" style=\"text-align: center;\">62.0<\/td>\n<td class=\"col7\" style=\"text-align: right;\">19610 \u20ac<\/td>\n<\/tr>\n<tr class=\"row3\" style=\"text-align: left; background-color: rgb(218, 218, 226); line-height: 15px;\">\n<td class=\"col1\" style=\"text-align: center; width: 65px;font-weight: bold;\">4<\/td>\n<td class=\"col2\"><a href=\"https:\/\/www.equidia.fr\/chevaux\/clarte-du-sourire?horse_uuid=6bc5eb3d-4b83-441d-b98c-f4fa0354461e\" target=\"_blank\" rel=\"noopener\">CLARTE DU SOURIRE<\/a><\/td>\n<td class=\"col3\">G.MASURE<\/td>\n<td class=\"col4\">69.0 kg<\/td>\n<td class=\"col5\">CHAILLE-CHAILLE &amp; PAMART<\/td>\n<td class=\"col6\" style=\"text-align: center;\">61.0<\/td>\n<td class=\"col7\" style=\"text-align: right;\">36150 \u20ac<\/td>\n<\/tr>\n<tr class=\"row2\" style=\"text-align: left; background-color: #FFFFFF; line-height: 15px;\">\n<td class=\"col1\" style=\"text-align: center; width: 65px;font-weight: bold;\">5<\/td>\n<td class=\"col2\"><a href=\"https:\/\/www.equidia.fr\/chevaux\/lorenzo-du-chenet?horse_uuid=3efcc2d5-045a-41fd-905c-2b1cae36583d\" target=\"_blank\" rel=\"noopener\">LORENZO DU CHENET<\/a><\/td>\n<td class=\"col3\">J.REVELEY<\/td>\n<td class=\"col4\">68.0 kg<\/td>\n<td class=\"col5\">J.BERTRAN DE BALANDA (S)<\/td>\n<td class=\"col6\" style=\"text-align: center;\">60.0<\/td>\n<td class=\"col7\" style=\"text-align: right;\">34450 \u20ac<\/td>\n<\/tr>\n<tr class=\"row3\" style=\"text-align: left; background-color: rgb(218, 218, 226); line-height: 15px;\">\n<td class=\"col1\" style=\"text-align: center; width: 65px;font-weight: bold;\">6<\/td>\n<td class=\"col2\"><a href=\"https:\/\/www.equidia.fr\/chevaux\/nectaris-1?horse_uuid=124c3e50-0f90-48ff-bab0-24bfd5e5220a\" target=\"_blank\" rel=\"noopener\">NECTARIS<\/a><\/td>\n<td class=\"col3\">K.NABET<\/td>\n<td class=\"col4\">67.0 kg<\/td>\n<td class=\"col5\">N. GEORGE &amp; A. ZETTERHOLM<\/td>\n<td class=\"col6\" style=\"text-align: center;\">59.0<\/td>\n<td class=\"col7\" style=\"text-align: right;\">32575 \u20ac<\/td>\n<\/tr>\n<tr class=\"row2\" style=\"text-align: left; background-color: #FFFFFF; line-height: 15px;\">\n<td class=\"col1\" style=\"text-align: center; width: 65px;font-weight: bold;\">7<\/td>\n<td class=\"col2\"><a href=\"https:\/\/www.equidia.fr\/chevaux\/maniysa-bleue?horse_uuid=7da2ed0c-8a55-4768-babc-7b7255c15739\" target=\"_blank\" rel=\"noopener\">MANIYSA BLEUE<\/a><\/td>\n<td class=\"col3\">A.RENARD<\/td>\n<td class=\"col4\">67.0 kg<\/td>\n<td class=\"col5\">E.ANDIGNE D&rsquo;<\/td>\n<td class=\"col6\" style=\"text-align: center;\">59.0<\/td>\n<td class=\"col7\" style=\"text-align: right;\">27760 \u20ac<\/td>\n<\/tr>\n<tr class=\"row3\" style=\"text-align: left; background-color: rgb(218, 218, 226); line-height: 15px;\">\n<td class=\"col1\" style=\"text-align: center; width: 65px;font-weight: bold;\">8<\/td>\n<td class=\"col2\"><a href=\"https:\/\/www.equidia.fr\/chevaux\/le-petit-cheval?horse_uuid=b112ff64-69f3-461c-82e4-0d8e249faa1a\" target=\"_blank\" rel=\"noopener\">LE PETIT CHEVAL<\/a><\/td>\n<td class=\"col3\">B.LE CLERC<\/td>\n<td class=\"col4\">67.0 kg<\/td>\n<td class=\"col5\">F.BELLEMERE<\/td>\n<td class=\"col6\" style=\"text-align: center;\">59.0<\/td>\n<td class=\"col7\" style=\"text-align: right;\">20590 \u20ac<\/td>\n<\/tr>\n<tr class=\"row2\" style=\"text-align: left; background-color: #FFFFFF; line-height: 15px;\">\n<td class=\"col1\" style=\"text-align: center; width: 65px;font-weight: bold;\">9<\/td>\n<td class=\"col2\"><a href=\"https:\/\/www.equidia.fr\/chevaux\/nonoleta?horse_uuid=52dd5642-60b8-474f-9929-e4f7b66e2874\" target=\"_blank\" rel=\"noopener\">NONOLETA<\/a><\/td>\n<td class=\"col3\">B.LESTRADE<\/td>\n<td class=\"col4\">67.0 kg<\/td>\n<td class=\"col5\">C&amp;Y.LERNER (S)<\/td>\n<td class=\"col6\" style=\"text-align: center;\">59.0<\/td>\n<td class=\"col7\" style=\"text-align: right;\">20280 \u20ac<\/td>\n<\/tr>\n<tr class=\"row3\" style=\"text-align: left; background-color: rgb(218, 218, 226); line-height: 15px;\">\n<td class=\"col1\" style=\"text-align: center; width: 65px;font-weight: bold;\">10<\/td>\n<td class=\"col2\"><a href=\"https:\/\/www.equidia.fr\/chevaux\/kiff-me-five?horse_uuid=d2c98fd9-e8db-4cd0-baac-fe6789aca1a8\" target=\"_blank\" rel=\"noopener\">KIFF ME FIVE<\/a><\/td>\n<td class=\"col3\">F.GILES<\/td>\n<td class=\"col4\">67.0 kg<\/td>\n<td class=\"col5\">GAB.LEENDERS (S)<\/td>\n<td class=\"col6\" style=\"text-align: center;\">59.0<\/td>\n<td class=\"col7\" style=\"text-align: right;\">24370 \u20ac<\/td>\n<\/tr>\n<tr class=\"row2\" style=\"text-align: left; background-color: #FFFFFF; line-height: 15px;\">\n<td class=\"col1\" style=\"text-align: center; width: 65px;font-weight: bold;\">11<\/td>\n<td class=\"col2\"><a href=\"https:\/\/www.equidia.fr\/chevaux\/moonraker-chic?horse_uuid=bc1094cb-0643-4c2a-a84a-ec2bcffb0cd6\" target=\"_blank\" rel=\"noopener\">MOONRAKER CHIC<\/a><\/td>\n<td class=\"col3\">T.ANDRIEUX<\/td>\n<td class=\"col4\">66.5 kg<\/td>\n<td class=\"col5\">N. GEORGE &amp; A. ZETTERHOLM<\/td>\n<td class=\"col6\" style=\"text-align: center;\">58.5<\/td>\n<td class=\"col7\" style=\"text-align: right;\">20665 \u20ac<\/td>\n<\/tr>\n<tr class=\"row3\" style=\"text-align: left; background-color: rgb(218, 218, 226); line-height: 15px;\">\n<td class=\"col1\" style=\"text-align: center; width: 65px;font-weight: bold;\">12<\/td>\n<td class=\"col2\"><a href=\"https:\/\/www.equidia.fr\/chevaux\/leading-raffles?horse_uuid=83c85f91-4ee9-4b9c-ad90-a37847222138\" target=\"_blank\" rel=\"noopener\">LEADING RAFFLES<\/a><\/td>\n<td class=\"col3\">B.FROST<\/td>\n<td class=\"col4\">66.0 kg<\/td>\n<td class=\"col5\">M.SEROR (S)<\/td>\n<td class=\"col6\" style=\"text-align: center;\">58.0<\/td>\n<td class=\"col7\" style=\"text-align: right;\">22930 \u20ac<\/td>\n<\/tr>\n<tr class=\"row2\" style=\"text-align: left; background-color: #FFFFFF; line-height: 15px;\">\n<td class=\"col1\" style=\"text-align: center; width: 65px;font-weight: bold;\">13<\/td>\n<td class=\"col2\"><a href=\"https:\/\/www.equidia.fr\/chevaux\/royal-louis-has?horse_uuid=32fbe880-110a-48ed-90d0-7d3b5d39f5e9\" target=\"_blank\" rel=\"noopener\">ROYAL LOUIS HAS<\/a><\/td>\n<td class=\"col3\">C.LEFEBVRE<\/td>\n<td class=\"col4\">66.0 kg<\/td>\n<td class=\"col5\">SOURDEAU DE BEAUREGARD (S<\/td>\n<td class=\"col6\" style=\"text-align: center;\">58.0<\/td>\n<td class=\"col7\" style=\"text-align: right;\">16460 \u20ac<\/td>\n<\/tr>\n<tr class=\"row3\" style=\"text-align: left; background-color: rgb(218, 218, 226); line-height: 15px;\">\n<td class=\"col1\" style=\"text-align: center; width: 65px;font-weight: bold;\">14<\/td>\n<td class=\"col2\"><a href=\"https:\/\/www.equidia.fr\/chevaux\/master-dautan?horse_uuid=0c6625a6-7eeb-4bb1-9bba-9c76bb37ae37\" target=\"_blank\" rel=\"noopener\">MASTER D&rsquo;AUTAN<\/a><\/td>\n<td class=\"col3\">G.SHEEHAN<\/td>\n<td class=\"col4\">66.0 kg<\/td>\n<td class=\"col5\">N. GEORGE &amp; A. ZETTERHOLM<\/td>\n<td class=\"col6\" style=\"text-align: center;\">58.0<\/td>\n<td class=\"col7\" style=\"text-align: right;\">31240 \u20ac<\/td>\n<\/tr>\n<tr class=\"row2\" style=\"text-align: left; background-color: #FFFFFF; line-height: 15px;\">\n<td class=\"col1\" style=\"text-align: center; width: 65px;font-weight: bold;\">15<\/td>\n<td class=\"col2\"><a href=\"https:\/\/www.equidia.fr\/chevaux\/remembrance?horse_uuid=bcf544ff-2fac-4342-8cad-b666d8b68b46\" target=\"_blank\" rel=\"noopener\">REMEMBRANCE<\/a><\/td>\n<td class=\"col3\">L.PHILIPPERON<\/td>\n<td class=\"col4\">65.0 kg<\/td>\n<td class=\"col5\">M.ROLLAND (S)<\/td>\n<td class=\"col6\" style=\"text-align: center;\">57.0<\/td>\n<td class=\"col7\" style=\"text-align: right;\">21520 \u20ac<\/td>\n<\/tr>\n<tr class=\"row3\" style=\"text-align: left; background-color: rgb(218, 218, 226); line-height: 15px;\">\n<td class=\"col1\" style=\"text-align: center; width: 65px;font-weight: bold;\">16<\/td>\n<td class=\"col2\"><a href=\"https:\/\/www.equidia.fr\/chevaux\/dempy?horse_uuid=928a0e50-1af4-4e4c-b450-efd076b4ecfd\" target=\"_blank\" rel=\"noopener\">DEMPY<\/a><\/td>\n<td class=\"col3\">THO .JOURNIAC<\/td>\n<td class=\"col4\">65.0 kg<\/td>\n<td class=\"col5\">D.BONILLA (S)<\/td>\n<td class=\"col6\" style=\"text-align: center;\">57.0<\/td>\n<td class=\"col7\" style=\"text-align: right;\">12555 \u20ac<\/td>\n<\/tr>\n<p><strong>Les forces en pr\u00e9sence<\/strong><\/p>\n<p style=\"text-align: justify;\">Malchanceuse le 30 mars, <a href=\"https:\/\/www.equidia.fr\/chevaux\/remembrance?horse_uuid=bcf544ff-2fac-4342-8cad-b666d8b68b46\" target=\"_blank\" rel=\"noopener\">REMEMBRANCE (15)<\/a> a remis les pendules \u00e0 l&rsquo;heure d\u00e8s sa sortie suivante (2e), tout en se montrant un peu froide. Si les \u0153ill\u00e8res australiennes produisent l&rsquo;effet escompt\u00e9, elle est capable d&rsquo;ouvrir son palmar\u00e8s d\u00e8s son premier essai dans un Quint\u00e9+. Bien d&rsquo;autres protagonistes peuvent \u00e9galement esp\u00e9rer la victoire, \u00e0 commencer par <a href=\"https:\/\/www.equidia.fr\/chevaux\/nonoleta?horse_uuid=52dd5642-60b8-474f-9929-e4f7b66e2874\" target=\"_blank\" rel=\"noopener\">NONOLETA (9)<\/a>, dont la cinqui\u00e8me place dans l&rsquo;\u00e9v\u00e9nement du 15 avril est excellente, <a href=\"https:\/\/www.equidia.fr\/chevaux\/dempy?horse_uuid=928a0e50-1af4-4e4c-b450-efd076b4ecfd\" target=\"_blank\" rel=\"noopener\">DEMPY (16)<\/a>, remarqu\u00e9 lors de ses trois premi\u00e8res sorties dans la discipline, <a href=\"https:\/\/www.equidia.fr\/chevaux\/le-colombar?horse_uuid=c30973ed-d004-49ae-9b57-0f8dbf262b24\" target=\"_blank\" rel=\"noopener\">LE COLOMBAR (2)<\/a>, laur\u00e9at d&rsquo;une course \u00e0 conditions r\u00e9cemment \u00e0 Lyon-Parilly, et <a href=\"https:\/\/www.equidia.fr\/chevaux\/royal-louis-has?horse_uuid=32fbe880-110a-48ed-90d0-7d3b5d39f5e9\" target=\"_blank\" rel=\"noopener\">ROYAL LOUIS HAS (13)<\/a>, bien trait\u00e9 au poids pour ses d\u00e9buts dans les handicaps. <a href=\"https:\/\/www.equidia.fr\/chevaux\/clarte-du-sourire?horse_uuid=6bc5eb3d-4b83-441d-b98c-f4fa0354461e\" target=\"_blank\" rel=\"noopener\">CLARTE DU SOURIRE (4)<\/a> a d\u00e9voil\u00e9 de s\u00e9rieux moyens en province et vient de laisser une belle impression ici m\u00eame, dans une Classe 1 pour femelles bien compos\u00e9e. D\u00e8s lors, elle m\u00e9rite une note de m\u00e9fiance, tout comme <a href=\"https:\/\/www.equidia.fr\/chevaux\/moonraker-chic?horse_uuid=bc1094cb-0643-4c2a-a84a-ec2bcffb0cd6\" target=\"_blank\" rel=\"noopener\">MOONRAKER CHIC (11)<\/a>, un sujet tardif qui ne cesse de progresser, et <a href=\"https:\/\/www.equidia.fr\/chevaux\/nectaris-1?horse_uuid=124c3e50-0f90-48ff-bab0-24bfd5e5220a\" target=\"_blank\" rel=\"noopener\">NECTARIS (6)<\/a>, s\u00e9duisant en l\u00e9ger retrait dans le Prix Gaston Bran\u00e8re (6e).<\/p>\n<p><strong>Le prono de Micka\u00ebl AFRIAT<\/strong><\/p>\n<tr cellpadding=\"0\" cellspacing=\"10\" class=\"row5\" style=\"text-align: left; background-color: #FFFFFF; font-size: 130%;\">\n<td style=\"text-align: center;\">15<\/td>\n<td style=\"text-align: center;\">9<\/td>\n<td style=\"text-align: center;\">16<\/td>\n<td style=\"text-align: center;\">2<\/td>\n<td style=\"text-align: center;\">13<\/td>\n<td style=\"text-align: center;\">4<\/td>\n<td style=\"text-align: center;\">11<\/td>\n<td style=\"text-align: center;\">6<\/td>\n<\/tr>\n<tr class=\"row6\" style=\"text-align: center; background-color: #FFFFFF; column-width: 6rem;\">\n<td class=\"col15\"><img decoding=\"async\" alt=\"casaque_REMEMBRANCE\" class=\"cas\" src=\"https:\/\/www.europesays.com\/fr\/wp-content\/uploads\/2025\/05\/20250517-r1c5p15-png.png\" style=\" width: 70%;\"\/><\/p>\n<p class=\"col10\" style=\"font-size: x-small; line-height: 11px;;\">REMEMBRANCE<\/p>\n<\/td>\n<td class=\"col9\"><img decoding=\"async\" alt=\"casaque_NONOLETA\" class=\"cas\" src=\"https:\/\/www.europesays.com\/fr\/wp-content\/uploads\/2025\/05\/20250517-r1c5p9-png.png\" style=\" width: 70%;\"\/><\/p>\n<p class=\"col10\" style=\"font-size: x-small; line-height: 11px;;\">NONOLETA<\/p>\n<\/td>\n<td class=\"col16\"><img decoding=\"async\" alt=\"casaque_DEMPY\" class=\"cas\" src=\"https:\/\/www.europesays.com\/fr\/wp-content\/uploads\/2025\/05\/20250517-r1c5p16-png.png\" style=\" width: 70%;\"\/><\/p>\n<p class=\"col10\" style=\"font-size: x-small; line-height: 11px;;\">DEMPY<\/p>\n<\/td>\n<td class=\"col2\"><img decoding=\"async\" alt=\"casaque_LE COLOMBAR\" class=\"cas\" src=\"https:\/\/www.europesays.com\/fr\/wp-content\/uploads\/2025\/05\/20250517-r1c5p2-png.png\" style=\" width: 70%;\"\/><\/p>\n<p class=\"col10\" style=\"font-size: x-small; line-height: 11px;;\">LE COLOMBAR<\/p>\n<\/td>\n<td class=\"col13\"><img decoding=\"async\" alt=\"casaque_ROYAL LOUIS HAS\" class=\"cas\" src=\"https:\/\/www.europesays.com\/fr\/wp-content\/uploads\/2025\/05\/20250517-r1c5p13-png.png\" style=\" width: 70%;\"\/><\/p>\n<p class=\"col10\" style=\"font-size: x-small; line-height: 11px;;\">ROYAL LOUIS HAS<\/p>\n<\/td>\n<td class=\"col4\"><img decoding=\"async\" alt=\"casaque_CLARTE DU SOURIRE\" class=\"cas\" src=\"https:\/\/www.europesays.com\/fr\/wp-content\/uploads\/2025\/05\/20250517-r1c5p4-png.png\" style=\" width: 70%;\"\/><\/p>\n<p class=\"col10\" style=\"font-size: x-small; line-height: 11px;;\">CLARTE DU SOURIRE<\/p>\n<\/td>\n<td class=\"col11\"><img decoding=\"async\" alt=\"casaque_MOONRAKER CHIC\" class=\"cas\" src=\"https:\/\/www.europesays.com\/fr\/wp-content\/uploads\/2025\/05\/20250517-r1c5p11-png.png\" style=\" width: 70%;\"\/><\/p>\n<p class=\"col10\" style=\"font-size: x-small; line-height: 11px;;\">MOONRAKER CHIC<\/p>\n<\/td>\n<td class=\"col6\"><img decoding=\"async\" alt=\"casaque_NECTARIS\" class=\"cas\" src=\"https:\/\/www.europesays.com\/fr\/wp-content\/uploads\/2025\/05\/20250517-r1c5p6-png.png\" style=\" width: 70%;\"\/><\/p>\n<p class=\"col10\" style=\"font-size: x-small; line-height: 11px;;\">NECTARIS<\/p>\n<\/td>\n<\/tr>\n<p><a href=\"https:\/\/servedby.revive-adserver.net\/ck.php?n=a3265498&amp;cb=1234\" target=\"_blank\" rel=\"noopener\"><img decoding=\"async\" alt=\"\" border=\"0\" src=\"https:\/\/www.europesays.com\/fr\/wp-content\/uploads\/2025\/05\/avw\"\/><\/a><\/p>\n<p><strong>Les partants en d\u00e9tail (par M. AFRIAT) et l&rsquo;avis des pros (par M. BERTELLA)<\/strong><\/p>\n<p id=\"ch_OUPSS\" style=\"margin-bottom: 1%;\"><a href=\"https:\/\/www.equidia.fr\/chevaux\/oupss?horse_uuid=428a2ed4-b152-4375-8170-d11f61dfe9f0\" target=\"_blank\" rel=\"noopener\">1 &#8211; \u00a0<img decoding=\"async\" alt=\"casaque_OUPSS\" src=\"https:\/\/www.europesays.com\/fr\/wp-content\/uploads\/2025\/05\/20250517-r1c5p1-png.png\" style=\"width: 4.5%; margin :0; vertical-align : middle;\"\/>\u00a0\u00a0OUPSS<\/a><\/p>\n<p style=\"text-align: justify;\">Plaisant en d\u00e9but de carri\u00e8re \u00e0 Clairefontaine, ce prot\u00e9g\u00e9 de J\u00e9r\u00f4me Delaunay s&rsquo;est impos\u00e9 facilement lors de ses deux parcours de l&rsquo;ann\u00e9e. Il d\u00e9bute \u00e0 Auteuil et monte de cat\u00e9gorie, mais ses limites actuelles sont difficiles \u00e0 cerner. Un regret.<\/p>\n<p><strong>J\u00e9r\u00f4me Delaunay, entra\u00eeneur : <\/strong><\/p>\n<p style=\"text-align: justify;\">\u00ab Je n&rsquo;ai pas le choix des engagements avec Oupss (1) et nous avons toujours \u00e9t\u00e9 au plus simple avec lui. Il faut d\u00e9sormais monter un palier, mais le cheval est parfait. Il devrait bien s&rsquo;adapter \u00e0 la piste d&rsquo;Auteuil. Malgr\u00e9 sa lourde charge, nous esp\u00e9rons le voir accrocher une bonne place. \u00bb<\/p>\n<p id=\"ch_LE COLOMBAR\" style=\"margin-bottom: 1%;\"><a href=\"https:\/\/www.equidia.fr\/chevaux\/le-colombar?horse_uuid=c30973ed-d004-49ae-9b57-0f8dbf262b24\" target=\"_blank\" rel=\"noopener\">2 &#8211; \u00a0<img decoding=\"async\" alt=\"casaque_LE COLOMBAR\" src=\"https:\/\/www.europesays.com\/fr\/wp-content\/uploads\/2025\/05\/1747430059_217_20250517-r1c5p2-png.png\" style=\"width: 4.5%; margin :0; vertical-align : middle;\"\/>\u00a0\u00a0LE COLOMBAR<\/a><\/p>\n<p style=\"text-align: justify;\">Apr\u00e8s une r\u00e9apparition n\u00e9cessaire, cet ex-pensionnaire de Fran\u00e7ois Nicolle s&rsquo;est impos\u00e9 de toute une classe le 3 mai \u00e0 Lyon, pour ses d\u00e9buts dans les handicaps. Ce succ\u00e8s lui vaut quatre kilos de surcharge, mais il n&rsquo;a pas encore montr\u00e9 l&rsquo;\u00e9tendue de son potentiel. Son retour \u00e0 Auteuil se pr\u00e9sente bien.<\/p>\n<p><strong>Micka\u00ebl Seror, entra\u00eeneur : <\/strong><\/p>\n<p style=\"text-align: justify;\">\u00ab Je trouve que Le Colombar (2) est un peu pris haut sur l&rsquo;\u00e9chelle des valeurs pour disputer son premier handicap sur l&rsquo;hippodrome d&rsquo;Auteuil. Nous allons pouvoir le juger, mais ce qui est s\u00fbr, c&rsquo;est que le cheval est en excellente forme et qu&rsquo;il arrive au top pour cet essai. \u00bb<\/p>\n<p id=\"ch_WELLS PARK\" style=\"margin-bottom: 1%;\"><a href=\"https:\/\/www.equidia.fr\/chevaux\/wells-park?horse_uuid=c439b9e7-030b-4ecb-9b16-b87c946fffa6\" target=\"_blank\" rel=\"noopener\">3 &#8211; \u00a0<img decoding=\"async\" alt=\"casaque_WELLS PARK\" src=\"https:\/\/www.europesays.com\/fr\/wp-content\/uploads\/2025\/05\/20250517-r1c5p3-png.png\" style=\"width: 4.5%; margin :0; vertical-align : middle;\"\/>\u00a0\u00a0WELLS PARK<\/a><\/p>\n<p style=\"text-align: justify;\">Remarqu\u00e9 \u00e0 deux reprises l&rsquo;an dernier sur l&rsquo;hippodrome de Compi\u00e8gne, il nous a un peu laiss\u00e9s sur notre faim lors de ses premiers pas \u00e0 Auteuil, le 15 f\u00e9vrier (6e). N\u00e9anmoins, il poss\u00e8de quelques lignes int\u00e9ressantes puisqu&rsquo;il a d\u00e9j\u00e0 devanc\u00e9 Sir Marvel, lequel s&rsquo;est class\u00e9 quatri\u00e8me d&rsquo;un r\u00e9cent Groupe 3. Pourquoi pas ?<\/p>\n<p><strong>Johnny Charron, jockey : <\/strong><\/p>\n<p style=\"text-align: justify;\">\u00ab Wells Park (3) n&rsquo;a plus couru depuis trois mois, mais sachez qu&rsquo;il est en forme. Je suis all\u00e9 le travailler vendredi dernier et il \u00e9tait parfait. Ses d\u00e9buts \u00e0 Auteuil \u00e9taient corrects. C&rsquo;est un cheval qui devrait bien s&rsquo;adapter \u00e0 ce genre de course, car il est facile, bon sauteur et ne tire pas. Je trouve qu&rsquo;il a le profil id\u00e9al pour les handicaps. \u00bb<\/p>\n<p id=\"ch_CLARTE DU SOURIRE\" style=\"margin-bottom: 1%;\"><a href=\"https:\/\/www.equidia.fr\/chevaux\/clarte-du-sourire?horse_uuid=6bc5eb3d-4b83-441d-b98c-f4fa0354461e\" target=\"_blank\" rel=\"noopener\">4 &#8211; \u00a0<img decoding=\"async\" alt=\"casaque_CLARTE DU SOURIRE\" src=\"https:\/\/www.europesays.com\/fr\/wp-content\/uploads\/2025\/05\/1747430060_600_20250517-r1c5p4-png.png\" style=\"width: 4.5%; margin :0; vertical-align : middle;\"\/>\u00a0\u00a0CLARTE DU SOURIRE<\/a><\/p>\n<p style=\"text-align: justify;\">Tr\u00e8s plaisante en province, cette repr\u00e9sentante de Patrick Sitruk a sign\u00e9 des d\u00e9buts encourageants \u00e0 Auteuil, dans une bonne Classe 1 pour femelles (3e). Sa t\u00e2che se complique face aux m\u00e2les, mais elle semble d\u00e9tenir un s\u00e9rieux potentiel. \u00c0 retenir en bon rang.<\/p>\n<p><strong>L&rsquo;avis du reporter : <\/strong><\/p>\n<p style=\"text-align: justify;\">\u00ab Clart\u00e9 du Sourire (4) a sign\u00e9 de probants d\u00e9buts \u00e0 Auteuil le 10 avril (3e) mais change de registre ce samedi. En effet, elle d\u00e9bute dans les handicaps et doit cette fois affronter les m\u00e2les. Elle peut manquer de duret\u00e9 mais a probablement le potentiel pour briller en pareille soci\u00e9t\u00e9. Vu l&rsquo;habilet\u00e9 de son entourage, il convient de s&rsquo;en m\u00e9fier. \u00bb<\/p>\n<p id=\"ch_LORENZO DU CHENET\" style=\"margin-bottom: 1%;\"><a href=\"https:\/\/www.equidia.fr\/chevaux\/lorenzo-du-chenet?horse_uuid=3efcc2d5-045a-41fd-905c-2b1cae36583d\" target=\"_blank\" rel=\"noopener\">5 &#8211; \u00a0<img decoding=\"async\" alt=\"casaque_LORENZO DU CHENET\" src=\"https:\/\/www.europesays.com\/fr\/wp-content\/uploads\/2025\/05\/20250517-r1c5p5-png.png\" style=\"width: 4.5%; margin :0; vertical-align : middle;\"\/>\u00a0\u00a0LORENZO DU CHENET<\/a><\/p>\n<p style=\"text-align: justify;\">Apr\u00e8s un d\u00e9but de carri\u00e8re sans fausse note, il a radicalement \u00e9chou\u00e9 lors de ses deux essais dans des Quint\u00e9+, alors qu&rsquo;il \u00e9tait tr\u00e8s chuchot\u00e9 \u00e0 chaque fois. Il a \u00e9t\u00e9 d\u00e9lest\u00e9 d&rsquo;un kilo et doit rassurer, mais ses meilleures performances lui conf\u00e8rent une chance. Pas impossible.<\/p>\n<p><strong>Jehan Bertran de Balanda, entra\u00eeneur : <\/strong><\/p>\n<p style=\"text-align: justify;\">\u00ab Cela ne s&rsquo;est pas bien pass\u00e9 pour Lorenzo du Ch\u00eanet (5) lors de ses deux derni\u00e8res sorties \u00e0 Auteuil, mais le cheval garde toute mon estime. La derni\u00e8re fois, nous l&rsquo;avons mont\u00e9 un peu \u00ab\u00a0off\u00a0\u00bb et il n&rsquo;a pas du tout appr\u00e9ci\u00e9. Lors de son avant-derni\u00e8re course, la selle avait avanc\u00e9. Il est rest\u00e9 au top et James Reveley a souhait\u00e9 le monter une nouvelle fois, donc c&rsquo;est plut\u00f4t bon signe. Il est tout \u00e0 fait capable de se racheter. \u00bb<\/p>\n<p id=\"ch_NECTARIS\" style=\"margin-bottom: 1%;\"><a href=\"https:\/\/www.equidia.fr\/chevaux\/nectaris-1?horse_uuid=124c3e50-0f90-48ff-bab0-24bfd5e5220a\" target=\"_blank\" rel=\"noopener\">6 &#8211; \u00a0<img decoding=\"async\" alt=\"casaque_NECTARIS\" src=\"https:\/\/www.europesays.com\/fr\/wp-content\/uploads\/2025\/05\/1747430061_905_20250517-r1c5p6-png.png\" style=\"width: 4.5%; margin :0; vertical-align : middle;\"\/>\u00a0\u00a0NECTARIS<\/a><\/p>\n<p style=\"text-align: justify;\">Inexistant l&rsquo;an dernier, il s&rsquo;est pleinement r\u00e9v\u00e9l\u00e9 cette saison sur l&rsquo;hippodrome d&rsquo;Auteuil. Il a fourni un bon effort final dans le Quint\u00e9+ r\u00e9f\u00e9rence du 15 avril (6e), apr\u00e8s avoir musard\u00e9 en queue de peloton, et peut faire encore mieux ce samedi.<\/p>\n<p><strong>Noel George, entra\u00eeneur : <\/strong><\/p>\n<p style=\"text-align: justify;\">\u00ab Apr\u00e8s avoir remport\u00e9 facilement une deuxi\u00e8me \u00e9preuve, Nectaris (6) s&rsquo;est class\u00e9 sixi\u00e8me d&rsquo;un Quint\u00e9+ \u00e0 Auteuil en se montrant un peu allant. Sachez qu&rsquo;il sera aid\u00e9 par la lice \u00e0 z\u00e9ro car c&rsquo;est un cheval qui saute beaucoup \u00e0 gauche. De plus, le bon terrain sera \u00e0 son avantage. S&rsquo;il arrive \u00e0 rester d\u00e9tendu et qu&rsquo;il ne consomme pas trop d&rsquo;\u00e9nergie pendant le parcours, il a une premi\u00e8re chance \u00e0 d\u00e9fendre. \u00bb<\/p>\n<p id=\"ch_MANIYSA BLEUE\" style=\"margin-bottom: 1%;\"><a href=\"https:\/\/www.equidia.fr\/chevaux\/maniysa-bleue?horse_uuid=7da2ed0c-8a55-4768-babc-7b7255c15739\" target=\"_blank\" rel=\"noopener\">7 &#8211; \u00a0<img decoding=\"async\" alt=\"casaque_MANIYSA BLEUE\" src=\"https:\/\/www.europesays.com\/fr\/wp-content\/uploads\/2025\/05\/20250517-r1c5p7-png.png\" style=\"width: 4.5%; margin :0; vertical-align : middle;\"\/>\u00a0\u00a0MANIYSA BLEUE<\/a><\/p>\n<p style=\"text-align: justify;\">Issue d&rsquo;une bonne souche maternelle, cette repr\u00e9sentante Papot s&rsquo;est montr\u00e9e d\u00e9cevante apr\u00e8s de probants d\u00e9buts dans le convoit\u00e9 Prix G\u00e9ographie (2e). Elle effectue sa rentr\u00e9e et d\u00e9bute dans les handicaps \u00e0 une valeur assez \u00e9lev\u00e9e. D&rsquo;autres protagonistes lui sont pr\u00e9f\u00e9rables.<\/p>\n<p><strong>Etienne d&rsquo;Andign\u00e9, entra\u00eeneur : <\/strong><\/p>\n<p style=\"text-align: justify;\">\u00ab Maniysa Bleue (7) va effectuer son retour en comp\u00e9tition apr\u00e8s une longue absence. Cela fait un moment qu&rsquo;elle a repris l&rsquo;entra\u00eenement, mais elle a eu quelques petits ennuis qui ont repouss\u00e9 l&rsquo;\u00e9ch\u00e9ance. Elle a beaucoup de travail et du gaz, mais ce n&rsquo;est pas simple de faire une rentr\u00e9e dans ce genre d&rsquo;\u00e9preuve. Son passage sur le steeple-chase ne s&rsquo;est pas d\u00e9roul\u00e9 comme nous le voulions, mais nous n&rsquo;avons pas le choix des engagements si nous voulons courir en haies. Nous visons une place en fin de combinaison. \u00bb<\/p>\n<p id=\"ch_LE PETIT CHEVAL\" style=\"margin-bottom: 1%;\"><a href=\"https:\/\/www.equidia.fr\/chevaux\/le-petit-cheval?horse_uuid=b112ff64-69f3-461c-82e4-0d8e249faa1a\" target=\"_blank\" rel=\"noopener\">8 &#8211; \u00a0<img decoding=\"async\" alt=\"casaque_LE PETIT CHEVAL\" src=\"https:\/\/www.europesays.com\/fr\/wp-content\/uploads\/2025\/05\/20250517-r1c5p8-png.png\" style=\"width: 4.5%; margin :0; vertical-align : middle;\"\/>\u00a0\u00a0LE PETIT CHEVAL<\/a><\/p>\n<p style=\"text-align: justify;\">Convaincant \u00e0 Fontainebleau l&rsquo;an dernier, ce hongre affiche, en revanche, un z\u00e9ro point\u00e9 sur l&rsquo;hippodrome d&rsquo;Auteuil (deux chutes et une 10e place en trois essais). Il a fini en retrait dans une r\u00e9cente Listed \u00e0 Compi\u00e8gne et devra montrer un tout autre visage pour briller ici. En bout de piste seulement.<\/p>\n<p><strong>Florian Bellemere, entra\u00eeneur : <\/strong><\/p>\n<p style=\"text-align: justify;\">\u00ab Le Petit Cheval (8) avait besoin de reprendre confiance en lui, et cela a \u00e9t\u00e9 le cas en dernier lieu \u00e0 Compi\u00e8gne. Il a jou\u00e9 de malchance lors de ses sorties pr\u00e9c\u00e9dentes, mais c&rsquo;est un cheval que j&rsquo;estime beaucoup et je pense qu&rsquo;il peut \u00eatre comp\u00e9titif \u00e0 ce niveau. Je suis confiant. \u00bb<\/p>\n<p id=\"ch_NONOLETA\" style=\"margin-bottom: 1%;\"><a href=\"https:\/\/www.equidia.fr\/chevaux\/nonoleta?horse_uuid=52dd5642-60b8-474f-9929-e4f7b66e2874\" target=\"_blank\" rel=\"noopener\">9 &#8211; \u00a0<img decoding=\"async\" alt=\"casaque_NONOLETA\" src=\"https:\/\/www.europesays.com\/fr\/wp-content\/uploads\/2025\/05\/1747430063_539_20250517-r1c5p9-png.png\" style=\"width: 4.5%; margin :0; vertical-align : middle;\"\/>\u00a0\u00a0NONOLETA<\/a><\/p>\n<p style=\"text-align: justify;\">Arr\u00eat\u00e9e lors de sa rentr\u00e9e, elle a affich\u00e9 de nets progr\u00e8s dans le Prix Gaston Bran\u00e8re (5e). Elle est comp\u00e9titive \u00e0 cette valeur et devrait appr\u00e9cier la piste assez rapide. \u00c0 l&rsquo;issue d&rsquo;un parcours sans encombre, sa place est dans les cinq premiers.<\/p>\n<p><strong>Yann Lerner, entra\u00eeneur : <\/strong><\/p>\n<p style=\"text-align: justify;\">\u00ab Nonoleta (9) avait marqu\u00e9 le pas lors de sa rentr\u00e9e, mais pour sa deuxi\u00e8me sortie, elle a prouv\u00e9 sa comp\u00e9titivit\u00e9. Elle est venue relativement t\u00f4t \u00e0 l&rsquo;ext\u00e9rieur dans le dernier tournant et elle a r\u00e9alis\u00e9 une excellente course. Elle est rest\u00e9e au top et devrait pouvoir r\u00e9p\u00e9ter cette performance. \u00bb<\/p>\n<p id=\"ch_KIFF ME FIVE\" style=\"margin-bottom: 1%;\"><a href=\"https:\/\/www.equidia.fr\/chevaux\/kiff-me-five?horse_uuid=d2c98fd9-e8db-4cd0-baac-fe6789aca1a8\" target=\"_blank\" rel=\"noopener\">10 &#8211; \u00a0<img decoding=\"async\" alt=\"casaque_KIFF ME FIVE\" src=\"https:\/\/www.europesays.com\/fr\/wp-content\/uploads\/2025\/05\/20250517-r1c5p10-png.png\" style=\"width: 4.5%; margin :0; vertical-align : middle;\"\/>\u00a0\u00a0KIFF ME FIVE<\/a><\/p>\n<p style=\"text-align: justify;\">Cet \u00e9l\u00e8ve de Gabriel Leenders a sign\u00e9 une tr\u00e8s belle rentr\u00e9e \u00e0 Fontainebleau (2e), alors qu&rsquo;il d\u00e9butait en steeple. Plaisant sur les \u00ab\u00a0balais\u00a0\u00bb l&rsquo;an pass\u00e9, il semble en outre correctement trait\u00e9 au poids pour son premier handicap. Une possibilit\u00e9 parmi tant d&rsquo;autres.<\/p>\n<p><strong>Gabriel Leenders, entra\u00eeneur : <\/strong><\/p>\n<p style=\"text-align: justify;\">\u00ab Kiff Me Five (10) a r\u00e9alis\u00e9 une bonne rentr\u00e9e sur l&rsquo;hippodrome de Fontainebleau. Il est mont\u00e9 en condition et arrive dans un \u00e9tat magnifique pour cette course. Il va d\u00e9couvrir l&rsquo;hippodrome d&rsquo;Auteuil et la cat\u00e9gorie des handicaps, mais je pense qu&rsquo;il devrait s&rsquo;adapter sans probl\u00e8me. Il a le profil pour bien faire, car il est gentil et facile. Pour moi, c&rsquo;est un cheval qui va faire sa saison dans les Quint\u00e9+. Je vous conseille de le suivre d&rsquo;entr\u00e9e de jeu. \u00bb<\/p>\n<p id=\"ch_MOONRAKER CHIC\" style=\"margin-bottom: 1%;\"><a href=\"https:\/\/www.equidia.fr\/chevaux\/moonraker-chic?horse_uuid=bc1094cb-0643-4c2a-a84a-ec2bcffb0cd6\" target=\"_blank\" rel=\"noopener\">11 &#8211; \u00a0<img decoding=\"async\" alt=\"casaque_MOONRAKER CHIC\" src=\"https:\/\/www.europesays.com\/fr\/wp-content\/uploads\/2025\/05\/1747430064_172_20250517-r1c5p11-png.png\" style=\"width: 4.5%; margin :0; vertical-align : middle;\"\/>\u00a0\u00a0MOONRAKER CHIC<\/a><\/p>\n<p style=\"text-align: justify;\">Ce poulain britannique a seulement d\u00e9but\u00e9 au mois de mars et affiche des progr\u00e8s \u00e0 chacune de ses sorties. Il d\u00e9bute \u00e0 Auteuil, mais les \u0153ill\u00e8res australiennes lui ont visiblement fait le plus grand bien. \u00c0 cette valeur, il peut frapper un grand coup d\u00e8s ses d\u00e9buts \u00e0 ce niveau !<\/p>\n<p><strong>Noel George, entra\u00eeneur : <\/strong><\/p>\n<p style=\"text-align: justify;\">\u00ab Moonraker Chic (11) compte trois performances int\u00e9ressantes dans de bonnes courses \u00e0 Compi\u00e8gne. Il va d\u00e9couvrir l&rsquo;hippodrome d&rsquo;Auteuil et je pense que ce profil va \u00eatre un peu dur pour lui. Toutefois, je pense qu&rsquo;il a un peu de marge \u00e0 cette valeur-l\u00e0\u2026 \u00bb<\/p>\n<p id=\"ch_LEADING RAFFLES\" style=\"margin-bottom: 1%;\"><a href=\"https:\/\/www.equidia.fr\/chevaux\/leading-raffles?horse_uuid=83c85f91-4ee9-4b9c-ad90-a37847222138\" target=\"_blank\" rel=\"noopener\">12 &#8211; \u00a0<img decoding=\"async\" alt=\"casaque_LEADING RAFFLES\" src=\"https:\/\/www.europesays.com\/fr\/wp-content\/uploads\/2025\/05\/20250517-r1c5p12-png.png\" style=\"width: 4.5%; margin :0; vertical-align : middle;\"\/>\u00a0\u00a0LEADING RAFFLES<\/a><\/p>\n<p style=\"text-align: justify;\">Mont\u00e9e offensivement dans la course cl\u00e9 du 15 avril, cette AQPS semblait en bout de course lorsqu&rsquo;elle a chut\u00e9 \u00e0 l&rsquo;ultime haie. Elle a pris ses marques \u00e0 Auteuil et la piste plus ferme devrait servir ses int\u00e9r\u00eats. \u00c0 glisser \u00e9ventuellement en fin de combinaison.<\/p>\n<p><strong>Micka\u00ebl Seror, entra\u00eeneur : <\/strong><\/p>\n<p style=\"text-align: justify;\">\u00ab Leading Raffles (12) est tomb\u00e9e en dernier lieu \u00e0 Auteuil alors qu&rsquo;elle aurait s\u00fbrement \u00e9t\u00e9 \u00e0 l&rsquo;arriv\u00e9e. Elle a eu une course parfaite, mais ce sont des choses qui arrivent. J&rsquo;esp\u00e8re qu&rsquo;elle ne va pas s&rsquo;en souvenir et qu&rsquo;elle partira avec de l&rsquo;envie. En tout cas, elle est bien revenue de sa course et me semble parfaite le matin \u00e0 l&rsquo;entra\u00eenement \u00bb<\/p>\n<p id=\"ch_ROYAL LOUIS HAS\" style=\"margin-bottom: 1%;\"><a href=\"https:\/\/www.equidia.fr\/chevaux\/royal-louis-has?horse_uuid=32fbe880-110a-48ed-90d0-7d3b5d39f5e9\" target=\"_blank\" rel=\"noopener\">13 &#8211; \u00a0<img decoding=\"async\" alt=\"casaque_ROYAL LOUIS HAS\" src=\"https:\/\/www.europesays.com\/fr\/wp-content\/uploads\/2025\/05\/1747430065_457_20250517-r1c5p13-png.png\" style=\"width: 4.5%; margin :0; vertical-align : middle;\"\/>\u00a0\u00a0ROYAL LOUIS HAS<\/a><\/p>\n<p style=\"text-align: justify;\">Chuchot\u00e9 en d\u00e9butant dans le convoit\u00e9 Prix Pride of Kildare (7e \u00e0 7\/1), il s&rsquo;est montr\u00e9 courageux lors de son retour sur la butte Mortemart, dans le Prix Romantisme (4e). Pour ses premiers pas dans les handicaps, sa valeur semble lui laisser toutes ses chances. M\u00eame s&rsquo;il peut p\u00e9cher par manque d&rsquo;exp\u00e9rience, il m\u00e9rite du cr\u00e9dit.<\/p>\n<p><strong>Donatien Sourdeau de Beauregard, entra\u00eeneur : <\/strong><\/p>\n<p style=\"text-align: justify;\">\u00ab Royal Louis Has (13) a bien couru derni\u00e8rement sur ce parcours dans une Classe 2. Il n&rsquo;a pas beaucoup de m\u00e9tier et peut s&rsquo;av\u00e9rer un peu tendre pour ce genre de course, mais le cheval me pla\u00eet beaucoup. Il est en pleine forme et, je pense, pris \u00e0 sa valeur. Cette course aura valeur de test \u00e0 ce niveau, mais j&rsquo;esp\u00e8re le voir bien courir. \u00bb<\/p>\n<p id=\"ch_MASTER D'AUTAN\" style=\"margin-bottom: 1%;\"><a href=\"https:\/\/www.equidia.fr\/chevaux\/master-dautan?horse_uuid=0c6625a6-7eeb-4bb1-9bba-9c76bb37ae37\" target=\"_blank\" rel=\"noopener\">14 &#8211; \u00a0<img decoding=\"async\" alt=\"casaque_MASTER D'AUTAN\" src=\"https:\/\/www.europesays.com\/fr\/wp-content\/uploads\/2025\/05\/20250517-r1c5p14-png.png\" style=\"width: 4.5%; margin :0; vertical-align : middle;\"\/>\u00a0\u00a0MASTER D&rsquo;AUTAN<\/a><\/p>\n<p style=\"text-align: justify;\">Globalement d\u00e9cevant sur la C\u00f4te d&rsquo;Azur durant l&rsquo;hiver, ce fils de Doctor Dino a d\u00fb se pr\u00e9senter dans une course \u00e0 r\u00e9clamer bellifontaine pour ouvrir son palmar\u00e8s. Il a tout \u00e0 prouver \u00e0 Auteuil, et seule sa forme nous incite \u00e0 ne pas l&rsquo;\u00e9carter totalement.<\/p>\n<p><strong>Noel George, entra\u00eeneur : <\/strong><\/p>\n<p style=\"text-align: justify;\">\u00ab Master d&rsquo;Autan (14) a gagn\u00e9 facilement l&rsquo;autre jour \u00e0 Fontainebleau dans une cat\u00e9gorie inf\u00e9rieure, une \u00e9preuve \u00e0 r\u00e9clamer. En \u00e9tant mont\u00e9 de mani\u00e8re offensive, sur une lice \u00e0 z\u00e9ro, je le pense capable de bien se comporter. \u00bb<\/p>\n<p id=\"ch_REMEMBRANCE\" style=\"margin-bottom: 1%;\"><a href=\"https:\/\/www.equidia.fr\/chevaux\/remembrance?horse_uuid=bcf544ff-2fac-4342-8cad-b666d8b68b46\" target=\"_blank\" rel=\"noopener\">15 &#8211; \u00a0<img decoding=\"async\" alt=\"casaque_REMEMBRANCE\" src=\"https:\/\/www.europesays.com\/fr\/wp-content\/uploads\/2025\/05\/1747430066_838_20250517-r1c5p15-png.png\" style=\"width: 4.5%; margin :0; vertical-align : middle;\"\/>\u00a0\u00a0REMEMBRANCE<\/a><\/p>\n<p style=\"text-align: justify;\">Cette \u00e9l\u00e8ve de Marcel Rolland s&rsquo;est montr\u00e9e assez froide en dernier lieu, sur ce parcours, mais a tout de m\u00eame pris une excellente deuxi\u00e8me place. Elle est tr\u00e8s bien plac\u00e9e au poids et ne devrait plus tarder \u00e0 percer dans les handicaps. Notre coup de c\u0153ur.<\/p>\n<p><strong>Marcel Rolland, entra\u00eeneur : <\/strong><\/p>\n<p style=\"text-align: justify;\">\u00ab Remembrance (15) a bien couru en dernier lieu, ici m\u00eame. Elle sera cette fois munie d&rsquo;\u0153ill\u00e8res australiennes car elle n&rsquo;est pas tr\u00e8s courageuse. Cela devrait lui donner un peu plus d&rsquo;allant. Elle a bien pris sa course et affiche une condition optimale. Je m&rsquo;attends \u00e0 la voir courir correctement. En tout cas, je pense qu&rsquo;elle peut \u00eatre comp\u00e9titive \u00e0 ce poids. \u00bb<\/p>\n<p id=\"ch_DEMPY\" style=\"margin-bottom: 1%;\"><a href=\"https:\/\/www.equidia.fr\/chevaux\/dempy?horse_uuid=928a0e50-1af4-4e4c-b450-efd076b4ecfd\" target=\"_blank\" rel=\"noopener\">16 &#8211; \u00a0<img decoding=\"async\" alt=\"casaque_DEMPY\" src=\"https:\/\/www.europesays.com\/fr\/wp-content\/uploads\/2025\/05\/1747430067_411_20250517-r1c5p16-png.png\" style=\"width: 4.5%; margin :0; vertical-align : middle;\"\/>\u00a0\u00a0DEMPY<\/a><\/p>\n<p style=\"text-align: justify;\">Apr\u00e8s une belle carri\u00e8re en plat, il est en passe de r\u00e9ussir sa reconversion en obstacle. En effet, ses trois premi\u00e8res sorties dans la discipline sont tr\u00e8s encourageantes. En bas de tableau, il fait logiquement partie des belles possibilit\u00e9s, au moins pour les places.<\/p>\n<p><strong>L&rsquo;avis du reporter : <\/strong><\/p>\n<p style=\"text-align: justify;\">\u00ab Apr\u00e8s avoir \u00e9volu\u00e9 en plat, Dempy (16) a \u00e9t\u00e9 orient\u00e9 sur les haies. Ses trois sorties dans la discipline sont bonnes et cela va \u00eatre int\u00e9ressant de le voir \u00e9voluer dans les handicaps \u00e0 ce poids. Il ne faut pas le n\u00e9gliger pour les places. \u00bb<\/p>\n<p><strong>Les favoris de la presse<\/strong><\/p>\n<p class=\"synthese\"><strong>SYNTH\u00c8SE \u00a0\u00a0\u00a0\u00a04\u00a0\u00a0&#8211;\u00a0\u00a06\u00a0\u00a0&#8211;\u00a0\u00a09\u00a0\u00a0&#8211;\u00a0\u00a010\u00a0\u00a0&#8211;\u00a0\u00a01\u00a0\u00a0&#8211;\u00a0\u00a011\u00a0\u00a0&#8211;\u00a0\u00a02\u00a0\u00a0&#8211;\u00a0\u00a03<\/strong><\/p>\n<p><a href=\"https:\/\/servedby.revive-adserver.net\/ck.php?n=aa10a822&amp;cb=1234\" target=\"_blank\" rel=\"noopener\"><img decoding=\"async\" alt=\"\" border=\"0\" src=\"https:\/\/www.europesays.com\/fr\/wp-content\/uploads\/2025\/05\/1747430068_614_avw\"\/><\/a><\/p>\n<p><strong>Les stats du jour<\/strong><\/p>\n<p><img decoding=\"async\" src=\"https:\/\/www.europesays.com\/fr\/wp-content\/uploads\/2025\/05\/0517_stats-web_2025-jpg\"\/><\/p>\n<p><strong>Nos \u00e9missions de pronos<\/strong><a href=\"https:\/\/www.equidia.fr\/emissions\/3-mn-q-2023\" target=\"_blank\" rel=\"noopener\"><img decoding=\"async\" alt=\"3min-pronos\" class=\"img_prono\" src=\"https:\/\/www.europesays.com\/fr\/wp-content\/uploads\/2025\/04\/vignette-article-3min-pronos-jpg-1.jpeg\"\/><\/a>3 mn PRONOS du 17\/05<br \/>(Disponible vendredi 16 mai 2025, \u00e0 partir de 20h25)<a href=\"https:\/\/www.equidia.fr\/emissions\/ticket-gagnant-2023\" target=\"_blank\" rel=\"noopener\"><img decoding=\"async\" alt=\"ticket-gagnant\" class=\"img_prono\" src=\"https:\/\/www.europesays.com\/fr\/wp-content\/uploads\/2025\/04\/vignette-article-ticket-gagnant-jpg-1.jpeg\"\/><\/a>TICKET GAGNANT du 17\/05<br \/>(Disponible vendredi 16 mai 2025, \u00e0 partir de 20h30)<\/p>\n","protected":false},"excerpt":{"rendered":"Les partants du Quint\u00e9+ de ce samedi 17 maiPRIX LE PARISIEN (PRIX LE GUALES DE MEZAUBRAN)SAMEDI 17 MAIAUTEUIL&hellip;\n","protected":false},"author":2,"featured_media":105355,"comment_status":"","ping_status":"","sticky":false,"template":"","format":"standard","meta":{"footnotes":""},"categories":[1888],"tags":[11,1777,674,1011,27,3014,10339,12,626,1821,3015,25],"class_list":{"0":"post-105354","1":"post","2":"type-post","3":"status-publish","4":"format-standard","5":"has-post-thumbnail","7":"category-paris","8":"tag-actualites","9":"tag-eu","10":"tag-europe","11":"tag-fr","12":"tag-france","13":"tag-galop","14":"tag-haies","15":"tag-news","16":"tag-paris","17":"tag-pronostics","18":"tag-qrcode","19":"tag-republique-francaise"},"share_on_mastodon":{"url":"https:\/\/pubeurope.com\/@fr\/114519583858899429","error":""},"_links":{"self":[{"href":"https:\/\/www.europesays.com\/fr\/wp-json\/wp\/v2\/posts\/105354","targetHints":{"allow":["GET"]}}],"collection":[{"href":"https:\/\/www.europesays.com\/fr\/wp-json\/wp\/v2\/posts"}],"about":[{"href":"https:\/\/www.europesays.com\/fr\/wp-json\/wp\/v2\/types\/post"}],"author":[{"embeddable":true,"href":"https:\/\/www.europesays.com\/fr\/wp-json\/wp\/v2\/users\/2"}],"replies":[{"embeddable":true,"href":"https:\/\/www.europesays.com\/fr\/wp-json\/wp\/v2\/comments?post=105354"}],"version-history":[{"count":0,"href":"https:\/\/www.europesays.com\/fr\/wp-json\/wp\/v2\/posts\/105354\/revisions"}],"wp:featuredmedia":[{"embeddable":true,"href":"https:\/\/www.europesays.com\/fr\/wp-json\/wp\/v2\/media\/105355"}],"wp:attachment":[{"href":"https:\/\/www.europesays.com\/fr\/wp-json\/wp\/v2\/media?parent=105354"}],"wp:term":[{"taxonomy":"category","embeddable":true,"href":"https:\/\/www.europesays.com\/fr\/wp-json\/wp\/v2\/categories?post=105354"},{"taxonomy":"post_tag","embeddable":true,"href":"https:\/\/www.europesays.com\/fr\/wp-json\/wp\/v2\/tags?post=105354"}],"curies":[{"name":"wp","href":"https:\/\/api.w.org\/{rel}","templated":true}]}}