{"id":105357,"date":"2025-05-16T21:16:11","date_gmt":"2025-05-16T21:16:11","guid":{"rendered":"https:\/\/www.europesays.com\/fr\/105357\/"},"modified":"2025-05-16T21:16:11","modified_gmt":"2025-05-16T21:16:11","slug":"pourparlers-ukraine-russie-a-istanbul-un-echangede-prisonniers-mais-pas-de-treve","status":"publish","type":"post","link":"https:\/\/www.europesays.com\/fr\/105357\/","title":{"rendered":"Pourparlers Ukraine &#8211; Russie \u00e0 Istanbul : un \u00e9changede prisonniers mais pas de tr\u00eave"},"content":{"rendered":"<p><img decoding=\"async\" class=\"c-ad__placeholder__logo\" src=\"https:\/\/www.europesays.com\/fr\/wp-content\/uploads\/2025\/03\/logo-euronews-grey-6-180x22.svg.svg+xml\" width=\"180\" height=\"22\" alt=\"\" loading=\"lazy\"\/>PUBLICIT\u00c9<\/p>\n<p>Les premi\u00e8res discussions directes entre Moscou et Kyiv depuis que la Russie a lanc\u00e9 son invasion totale de l&rsquo;Ukraine en 2022 se sont termin\u00e9es apr\u00e8s moins de deux heures vendredi.<\/p>\n<p>Aucun accord n&rsquo;a \u00e9t\u00e9 conclu concernant un cessez-le-feu complet de 30 jours et Moscou aurait exig\u00e9 que Kiev se retire de quatre r\u00e9gions qu&rsquo;elle a envahies. Un responsable ukrainien a accus\u00e9 la Russie d\u2019avoir formul\u00e9 des demandes territoriales \u00ab\u00a0inacceptables\u00a0\u00bb pour faire d\u00e9railler les n\u00e9gociations.<\/p>\n<p>Selon les deux d\u00e9l\u00e9gations, les deux parties ont convenu d&rsquo;\u00e9changer un millier de prisonniers de guerre chacune, ce qui constitue l&rsquo;\u00e9change le plus important depuis le d\u00e9but de la guerre.<\/p>\n<p>Le ministre turc des affaires \u00e9trang\u00e8res, Hakan Fidan, a d\u00e9clar\u00e9 que les deux parties avaient convenu \u00ab\u00a0en principe\u00a0\u00bb de se rencontrer \u00e0 nouveau.<\/p>\n<p>Le principal d\u00e9l\u00e9gu\u00e9 ukrainien, le ministre de la d\u00e9fense Rustem Umerov, a d\u00e9clar\u00e9 que les deux parties avaient \u00e9galement discut\u00e9 d&rsquo;une rencontre entre leurs chefs d&rsquo;\u00c9tat. Le conseiller pr\u00e9sidentiel russe Vladimir Medinsky, qui dirigeait la d\u00e9l\u00e9gation de Moscou, a d\u00e9clar\u00e9 que les deux parties s&rsquo;\u00e9taient mises d&rsquo;accord pour fournir des propositions d\u00e9taill\u00e9es de cessez-le-feu.<\/p>\n<p>Le pr\u00e9sident ukrainien, Volodymr Zelenskyy, a d\u00e9clar\u00e9 qu&rsquo;il avait discut\u00e9 des discussions avec des alli\u00e9s am\u00e9ricains, fran\u00e7ais, allemands, britanniques et polonais. Dans un message post\u00e9 sur X, il a appel\u00e9 \u00e0 des \u00ab\u00a0sanctions s\u00e9v\u00e8res\u00a0\u00bb \u00e0 l&rsquo;encontre de Moscou si celle-ci refusait \u00ab\u00a0un cessez-le-feu total et inconditionnel et la fin des massacres\u00a0\u00bb.<\/p>\n<p>Volodymyr Zelensky se trouvait en Albanie avec les dirigeants de dizaines de pays europ\u00e9ens pour discuter de la s\u00e9curit\u00e9, de la d\u00e9fense et des normes d\u00e9mocratiques dans le contexte de la guerre de la Russie contre l&rsquo;Ukraine.<\/p>\n<p>Le pr\u00e9sident am\u00e9ricain Donald Trump, qui a press\u00e9 Moscou et Kiev de mettre fin au conflit, a d\u00e9clar\u00e9 qu&rsquo;une rencontre entre lui-m\u00eame et le pr\u00e9sident russe Vladimir Poutine aurait lieu \u00ab\u00a0d\u00e8s que nous pourrons l&rsquo;organiser\u00a0\u00bb. \u00ab\u00a0Je pense qu&rsquo;il est temps pour nous de le faire\u00a0\u00bb, a d\u00e9clar\u00e9 M. Trump aux journalistes \u00e0 Abou Dhabi, \u00e0 l&rsquo;issue d&rsquo;un voyage au Moyen-Orient.<\/p>\n<p>Sources additionnelles<strong> \u2022 AP<\/strong><\/p>\n","protected":false},"excerpt":{"rendered":"PUBLICIT\u00c9 Les premi\u00e8res discussions directes entre Moscou et Kyiv depuis que la Russie a lanc\u00e9 son invasion totale&hellip;\n","protected":false},"author":2,"featured_media":105358,"comment_status":"","ping_status":"","sticky":false,"template":"","format":"standard","meta":{"footnotes":""},"categories":[1591],"tags":[11,1887,131,2025,11229,1916,12,1885,1886,132,22225,3496,220],"class_list":{"0":"post-105357","1":"post","2":"type-post","3":"status-publish","4":"format-standard","5":"has-post-thumbnail","7":"category-russie","8":"tag-actualites","9":"tag-federation-de-russie","10":"tag-guerre-en-ukraine","11":"tag-invasion-de-la-russie-en-ukraine","12":"tag-kiev","13":"tag-moscou","14":"tag-news","15":"tag-russia","16":"tag-russian-federation","17":"tag-russie","18":"tag-tension-diplomatique","19":"tag-turquie","20":"tag-ukraine"},"share_on_mastodon":{"url":"https:\/\/pubeurope.com\/@fr\/114519591180475377","error":""},"_links":{"self":[{"href":"https:\/\/www.europesays.com\/fr\/wp-json\/wp\/v2\/posts\/105357","targetHints":{"allow":["GET"]}}],"collection":[{"href":"https:\/\/www.europesays.com\/fr\/wp-json\/wp\/v2\/posts"}],"about":[{"href":"https:\/\/www.europesays.com\/fr\/wp-json\/wp\/v2\/types\/post"}],"author":[{"embeddable":true,"href":"https:\/\/www.europesays.com\/fr\/wp-json\/wp\/v2\/users\/2"}],"replies":[{"embeddable":true,"href":"https:\/\/www.europesays.com\/fr\/wp-json\/wp\/v2\/comments?post=105357"}],"version-history":[{"count":0,"href":"https:\/\/www.europesays.com\/fr\/wp-json\/wp\/v2\/posts\/105357\/revisions"}],"wp:featuredmedia":[{"embeddable":true,"href":"https:\/\/www.europesays.com\/fr\/wp-json\/wp\/v2\/media\/105358"}],"wp:attachment":[{"href":"https:\/\/www.europesays.com\/fr\/wp-json\/wp\/v2\/media?parent=105357"}],"wp:term":[{"taxonomy":"category","embeddable":true,"href":"https:\/\/www.europesays.com\/fr\/wp-json\/wp\/v2\/categories?post=105357"},{"taxonomy":"post_tag","embeddable":true,"href":"https:\/\/www.europesays.com\/fr\/wp-json\/wp\/v2\/tags?post=105357"}],"curies":[{"name":"wp","href":"https:\/\/api.w.org\/{rel}","templated":true}]}}