{"id":105359,"date":"2025-05-16T21:17:10","date_gmt":"2025-05-16T21:17:10","guid":{"rendered":"https:\/\/www.europesays.com\/fr\/105359\/"},"modified":"2025-05-16T21:17:10","modified_gmt":"2025-05-16T21:17:10","slug":"guerre-en-ukraine-ce-quil-faut-retenir-des-pourparlers-entre-kiev-et-moscou-en-labsence-de-leurs-dirigeants","status":"publish","type":"post","link":"https:\/\/www.europesays.com\/fr\/105359\/","title":{"rendered":"Guerre en Ukraine : ce qu&rsquo;il faut retenir des pourparlers entre Kiev et Moscou, en l&rsquo;absence de leurs dirigeants"},"content":{"rendered":"<p>Vendredi 16 mai, Russes et Ukrainiens se sont r\u00e9unis \u00e0 Istanbul pour leurs premiers pourparlers de paix depuis le d\u00e9but de la guerre.Mais les discussions ont tourn\u00e9 court, une source ukrainienne accusant la d\u00e9l\u00e9gation russe d\u2019avoir pr\u00e9sent\u00e9 des \u00ab\u00a0demandes inacceptables\u00a0\u00bb.Voici ce qu&rsquo;il faut retenir de cette journ\u00e9e.<a href=\"https:\/\/www.tf1info.fr\/actualite\/guerre-russie-ukraine-negociations-et-pourparlers-pour-changer-le-cours-du-conflit-12909\/\" rel=\"noopener\" class=\"jsx-3118104007 Link jsx-1428418400 jsx-554215408\" target=\"_blank\"><\/p>\n<p style=\"font-weight:400\" class=\"jsx-1837267516\">Suivez la couverture compl\u00e8te<\/p>\n<p style=\"font-weight:800\" class=\"jsx-1837267516\">Pourparlers Ukraine-Russie : des n\u00e9gociations pour changer le cours du conflit<\/p>\n<p><\/a><\/p>\n<p data-module=\"article-paragraph\" class=\"jsx-362436225 Paragraph Paragraph__End\">Il fallait sans doute ne pas avoir trop d&rsquo;attentes pour ce rendez-vous. Le week-end dernier, Vladimir Poutine avait surpris en proposant des <a href=\"https:\/\/www.tf1info.fr\/international\/poutine-propose-des-negociations-directes-avec-kiev-une-facon-de-ne-pas-repondre-a-la-treve-juge-macron-interview-2370073.html\" target=\"_blank\" rel=\"noopener\">n\u00e9gociations directes avec Kiev<\/a>, apr\u00e8s un ultimatum des alli\u00e9s de Kiev qui ont tent\u00e9 un bras de fer pour obtenir un cessez-le-feu de 30 jours. Mis au d\u00e9fi par Volodymyr Zelensky de se rendre \u00e0 Istanbul pour n\u00e9gocier directement avec lui, le pr\u00e9sident russe <a href=\"https:\/\/www.tf1info.fr\/international\/guerre-ukraine-russie-vladimir-poutine-ne-se-rendra-pas-aux-pourparlers-de-paix-en-turquie-istanbul-cessez-le-feu-2370876.html\" target=\"_blank\" rel=\"noopener\">n&rsquo;a finalement pas fait le d\u00e9placement<\/a> ce vendredi. <a href=\"https:\/\/www.tf1info.fr\/international\/guerre-ukraine-russie-donald-trump-ne-va-pas-rencontrer-vladimir-poutine-mais-veut-le-faire-des-qu-il-sera-possible-2371230.html\" target=\"_blank\" rel=\"noopener\">Donald Trump<\/a>, qui avait entretenu le suspens ces derniers jours, ne s&rsquo;est pas non plus rendu sur place. Voici ce qu&rsquo;il faut retenir de cette journ\u00e9e.\u00a0<\/p>\n<p>Accord sur un \u00e9change de prisonniers\u2026 mais pas de tr\u00eave <\/p>\n<p data-module=\"article-paragraph\" class=\"jsx-362436225 Paragraph\">Ce vendredi matin, une premi\u00e8re rencontre d&rsquo;environ 1h entre Ukrainiens, Turcs et Am\u00e9ricains s&rsquo;est d\u00e9roul\u00e9e au palais de Dolmabah\u00e7e, \u00e0 Istanbul (Turquie). \u00c0 la mi-journ\u00e9e, les deux d\u00e9l\u00e9gations, men\u00e9es par le ministre de la D\u00e9fense c\u00f4t\u00e9 ukrainien, Roustem Oumerov, et par <a href=\"https:\/\/www.tf1info.fr\/international\/guerre-ukraine-russie-pourparlers-entre-ukraine-et-russie-vladimir-medinski-un-fidele-de-poutine-a-la-reputation-sulfureuse-2371006.html\" target=\"_blank\" rel=\"noopener\">Vladimir Medinski<\/a>, un conseiller pr\u00e9sidentiel de second plan, c\u00f4t\u00e9 russe, ont \u00e9chang\u00e9 pendant pr\u00e8s de 1h40, entour\u00e9es des m\u00e9diateurs turcs.\u00a0<\/p>\n<p data-module=\"article-paragraph\" class=\"jsx-362436225 Paragraph\">La rencontre s&rsquo;est sold\u00e9e sans annonce de <a href=\"https:\/\/www.tf1info.fr\/international\/guerre-russie-ukraine-zelensky-poutine-un-cessez-le-feu-complet-de-30-jours-propose-a-moscou-par-kiev-et-ses-allies-europeens-2369983.html\" target=\"_blank\" rel=\"noopener\">cessez-le-feu,<\/a> pourtant \u00ab\u00a0la priorit\u00e9\u00a0\u00bb affich\u00e9e par Kiev et ses alli\u00e9s. Russes et Ukrainiens ont toutefois annonc\u00e9 s&rsquo;\u00eatre mis d&rsquo;accord pour un \u00e9change \u00ab\u00a0massif\u00a0\u00bb de prisonniers, comme l&rsquo;a pr\u00e9cis\u00e9 Vladimir Medinski, \u00ab\u00a0\u00e0 raison de 1.000 contre 1.000\u00a0\u00bb, \u00ab\u00a0dans les prochains jours\u00a0\u00bb. Un accord salu\u00e9 par Roustem Oumerov.<\/p>\n<p data-module=\"article-paragraph\" class=\"jsx-362436225 Paragraph Paragraph__End\">Les n\u00e9gociateurs ont \u00e9galement pr\u00e9cis\u00e9 que la partie ukrainienne avait \u00e9voqu\u00e9 une \u00e9ventuelle rencontre entre les pr\u00e9sidents Volodymyr Zelensky et Vladimir Poutine, ce qui constituerait une premi\u00e8re depuis <a href=\"https:\/\/www.tf1info.fr\/international\/guerre-ukraine-russie-3-ans-apres-le-debut-de-l-invasion-russe-comment-les-ukrainiens-sont-devenus-les-as-des-drones-2355656.html\" target=\"_blank\" rel=\"noopener\">le d\u00e9but de l&rsquo;invasion russe<\/a>. \u00c0 l&rsquo;issue des discussions, si le n\u00e9gociateur en chef russe s&rsquo;est dit \u00ab\u00a0satisfait\u00a0\u00bb et pr\u00eat \u00ab\u00a0\u00e0 poursuivre les contacts\u00a0\u00bb avec l&rsquo;Ukraine, la partie ukrainienne a, elle, accus\u00e9 Moscou d&rsquo;avoir formul\u00e9 des demandes territoriales \u00ab\u00a0inacceptables\u00a0\u00bb.\u00a0<\/p>\n<p>Un front europ\u00e9en, avec Trump<\/p>\n<p data-module=\"article-paragraph\" class=\"jsx-362436225 Paragraph\"><a href=\"https:\/\/www.tf1info.fr\/international\/guerre-ukraine-russie-treve-en-ukraine-le-kremlin-denonce-l-ultimatum-inacceptable-de-kiev-et-ses-allies-2370347.html\" target=\"_blank\" rel=\"noopener\">Six jours apr\u00e8s leur visite \u00e0 Kiev<\/a>, le pr\u00e9sident fran\u00e7ais Emmanuel Macron, le chancelier allemand Friedrich Merz et les Premiers ministres britannique Keir Starmer et polonais Donald Tusk ont de leur c\u00f4t\u00e9 rejoint \u00e0 nouveau le pr\u00e9sident ukrainien Volodymyr Zelensky \u00e0 Tirana (Albanie), o\u00f9 se tenait un sommet des dirigeants du continent europ\u00e9en.\u00a0<\/p>\n<p data-module=\"article-paragraph\" class=\"jsx-362436225 Paragraph Paragraph__End\">Il est \u00ab\u00a0inacceptable, pour une deuxi\u00e8me fois, que la Russie, le pr\u00e9sident Poutine, ne r\u00e9pondent pas aux demandes qui ont \u00e9t\u00e9 faites par les Am\u00e9ricains, soutenus par l&rsquo;Ukraine et les Europ\u00e9ens\u00a0\u00bb, a lanc\u00e9 Emmanuel Macron. \u00ab\u00a0Pas de rendez-vous \u00e0 un niveau d\u00e9cisionnel\u00a0\u00bb en Turquie et \u00ab\u00a0pas de r\u00e9ponse \u00e0 un cessez-le-feu\u00a0\u00bb, a-t-il d\u00e9plor\u00e9. \u00ab\u00a0La partie russe n&rsquo;a fait montre d&rsquo;aucune bonne volont\u00e9\u00a0\u00bb, a rench\u00e9ri Donald Tusk.\u00a0<\/p>\n<ul class=\"jsx-3657663356 ReadMoreArticle__List flex flex-column\">\n<li class=\"jsx-3657663356\"><a href=\"https:\/\/www.tf1info.fr\/international\/video-guerre-ukraine-russie-recep-tayyip-erdogan-turquie-emissaire-de-la-paix-2370345.html\" rel=\"noopener\" class=\"jsx-4233824444 Link flex\" target=\"_blank\"><img decoding=\"async\" src=\"https:\/\/www.europesays.com\/fr\/wp-content\/uploads\/2025\/05\/erdogan-pose-ses-conditions-pour-l-entree-de-la-suede-dans-l-otan-909dd1-1@1x.jpeg\" alt=\"Erdogan pose ses conditions pour l'entr\u00e9e de la Su\u00e8de dans l'Otan.\" loading=\"lazy\" importance=\"low\" fetchpriority=\"low\" class=\"\"\/>\n<p class=\"jsx-3657663356 ReadMoreArticle__Title\">Lire aussi<\/p>\n<p class=\"jsx-3657663356\">Guerre en Ukraine : Recep Tayyip Erdogan, \u00e9missaire de la paix ?<\/p>\n<p><\/a><\/li>\n<\/ul>\n<p data-module=\"article-paragraph\" class=\"jsx-362436225 Paragraph Paragraph__End\">Comme depuis l&rsquo;Ukraine samedi, ils ont \u00e9chang\u00e9 au t\u00e9l\u00e9phone avec Donald Trump, longtemps jug\u00e9 proche de Moscou, mais plus h\u00e9sitant derni\u00e8rement. Emmanuel Macron a affirm\u00e9 que les Europ\u00e9ens poursuivaient la pr\u00e9paration de sanctions contre la Russie \u00ab\u00a0en coordination\u00a0\u00bb avec les \u00c9tats-Unis, et qu&rsquo;ils les imposeraient si Moscou continue de refuser un cessez-le-feu en Ukraine.<\/p>\n<p>Marie TERANNE<\/p>\n","protected":false},"excerpt":{"rendered":"Vendredi 16 mai, Russes et Ukrainiens se sont r\u00e9unis \u00e0 Istanbul pour leurs premiers pourparlers de paix depuis&hellip;\n","protected":false},"author":2,"featured_media":105360,"comment_status":"","ping_status":"","sticky":false,"template":"","format":"standard","meta":{"footnotes":""},"categories":[1590],"tags":[1111,11,1921,75,1073,1777,674,4710,1918,1922,2581,1916,12,22226,132,3496,220,1917,133,1920,135,134],"class_list":{"0":"post-105359","1":"post","2":"type-post","3":"status-publish","4":"format-standard","5":"has-post-thumbnail","7":"category-ukraine","8":"tag-actu","9":"tag-actualites","10":"tag-article-video","11":"tag-donald-trump","12":"tag-emmanuel-macron","13":"tag-eu","14":"tag-europe","15":"tag-friedrich-merz","16":"tag-guerre-en-ukraine-une-treve-en-negociation","17":"tag-info","18":"tag-keir-starmer","19":"tag-moscou","20":"tag-news","21":"tag-pourparlers-ukraine-russie-des-negociations-pour-changer-le-cours-du-conflit","22":"tag-russie","23":"tag-turquie","24":"tag-ukraine","25":"tag-ukraine-4-annee-de-guerre","26":"tag-video","27":"tag-video-international","28":"tag-vladimir-poutine","29":"tag-volodymyr-zelensky"},"share_on_mastodon":{"url":"https:\/\/pubeurope.com\/@fr\/114519595016038005","error":""},"_links":{"self":[{"href":"https:\/\/www.europesays.com\/fr\/wp-json\/wp\/v2\/posts\/105359","targetHints":{"allow":["GET"]}}],"collection":[{"href":"https:\/\/www.europesays.com\/fr\/wp-json\/wp\/v2\/posts"}],"about":[{"href":"https:\/\/www.europesays.com\/fr\/wp-json\/wp\/v2\/types\/post"}],"author":[{"embeddable":true,"href":"https:\/\/www.europesays.com\/fr\/wp-json\/wp\/v2\/users\/2"}],"replies":[{"embeddable":true,"href":"https:\/\/www.europesays.com\/fr\/wp-json\/wp\/v2\/comments?post=105359"}],"version-history":[{"count":0,"href":"https:\/\/www.europesays.com\/fr\/wp-json\/wp\/v2\/posts\/105359\/revisions"}],"wp:featuredmedia":[{"embeddable":true,"href":"https:\/\/www.europesays.com\/fr\/wp-json\/wp\/v2\/media\/105360"}],"wp:attachment":[{"href":"https:\/\/www.europesays.com\/fr\/wp-json\/wp\/v2\/media?parent=105359"}],"wp:term":[{"taxonomy":"category","embeddable":true,"href":"https:\/\/www.europesays.com\/fr\/wp-json\/wp\/v2\/categories?post=105359"},{"taxonomy":"post_tag","embeddable":true,"href":"https:\/\/www.europesays.com\/fr\/wp-json\/wp\/v2\/tags?post=105359"}],"curies":[{"name":"wp","href":"https:\/\/api.w.org\/{rel}","templated":true}]}}