{"id":1053658,"date":"2026-07-09T12:57:17","date_gmt":"2026-07-09T12:57:17","guid":{"rendered":"https:\/\/www.europesays.com\/fr\/1053658\/"},"modified":"2026-07-09T12:57:17","modified_gmt":"2026-07-09T12:57:17","slug":"deux-nouveaux-vice-presidents-au-conseil-departemental-du-val-de-marne","status":"publish","type":"post","link":"https:\/\/www.europesays.com\/fr\/1053658\/","title":{"rendered":"Deux nouveaux vice-pr\u00e9sidents au Conseil d\u00e9partemental du Val-de-Marne"},"content":{"rendered":"<p>            <a href=\"https:\/\/www.europesays.com\/fr\/wp-content\/uploads\/2026\/07\/charles-aslangul-et-marie-france-parrain-drville-de-maisons-alfort-1-e1783600656832.jpg\" data-caption=\"L'ex\u00e9cutif d\u00e9partemental a \u00e9t\u00e9 r\u00e9organis\u00e9 avec l'\u00e9lection, lundi, de Mary-France Parrain et de Charles Aslangul en tant que quatorzi\u00e8me et quinzi\u00e8me vice-pr\u00e9sidents. \u00a9 DR\"><img loading=\"lazy\" decoding=\"async\" width=\"1034\" height=\"572\" class=\"entry-thumb td-modal-image ewww_webp_lazy_load\" src=\"data:image\/svg+xml,%3Csvg%20xmlns=\" http:=\"\" alt=\"\" title=\"\" data-lazy-src=\"https:\/\/www.europesays.com\/fr\/wp-content\/uploads\/2026\/07\/charles-aslangul-et-marie-france-parrain-drville-de-maisons-alfort-1-e1783600656832.jpg\" data-lazy-src-webp=\"https:\/\/www.europesays.com\/fr\/wp-content\/uploads\/2026\/07\/charles-aslangul-et-marie-france-parrain-drville-de-maisons-alfort-1-e1783600656832.jpg.webp\"\/><\/a>L&rsquo;ex\u00e9cutif d\u00e9partemental a \u00e9t\u00e9 r\u00e9organis\u00e9 avec l&rsquo;\u00e9lection, lundi, de Mary-France Parrain et de Charles Aslangul en tant que quatorzi\u00e8me et quinzi\u00e8me vice-pr\u00e9sidents. \u00a9 DR<\/p>\n<p>Mary-France Parrain et Charles Aslangul ont \u00e9t\u00e9 \u00e9lus vice-pr\u00e9sidents du D\u00e9partement, ce lundi 6 juillet. Ces nominations font suite <a href=\"https:\/\/www.echoidf.fr\/le-departement-perd-son-premier-vice-president\/\" rel=\"nofollow noopener\" target=\"_blank\">au d\u00e9part de Paul Bazin qui a renonc\u00e9 \u00e0 ses fonctions de premier vice-pr\u00e9sident et de conseiller d\u00e9partemental fin 2025 pour raisons professionnelles<\/a>, et \u00e0 la d\u00e9mission de Nicolas Tryzna de ses fonctions de septi\u00e8me vice-pr\u00e9sident du D\u00e9partement, en vertu de la loi sur le non-cumul des mandats, apr\u00e8s son entr\u00e9e \u00e0 l\u2019Assembl\u00e9e nationale pour occuper le si\u00e8ge de d\u00e9put\u00e9 de <a href=\"https:\/\/www.echoidf.fr\/lancien-maire-de-lhay-les-roses-rejoint-le-nouveau-gouvernement\/\" rel=\"nofollow noopener\" target=\"_blank\">Vincent Jeanbrun (LR), devenu ministre de la Ville et du Logement<\/a>.<\/p>\n<p><strong>Petite enfance, jeunesse et enseignement<\/strong><\/p>\n<p>D\u00e9sormais quatorzi\u00e8me vice-pr\u00e9sidente du D\u00e9partement, Mary-France Parrain est charg\u00e9e des coll\u00e8ges, de la jeunesse, de la r\u00e9ussite \u00e9ducative, de la restauration scolaire, de l\u2019enseignement sup\u00e9rieur et de la recherche. Des politiques d\u00e9partementales que l\u2019ex-maire (LR) de Maisons-Alfort conna\u00eet bien puisqu\u2019elle \u00e9tait jusqu\u2019alors pr\u00e9sidente de la commission \u00ab \u00c9ducation, coll\u00e8ges, culture, jeunesse, sport et loisirs \u00bb et conseill\u00e8re d\u00e9partementale d\u00e9l\u00e9gu\u00e9e \u00e0 la r\u00e9ussite \u00e9ducative et \u00e0 la restauration scolaire.<\/p>\n<p>\u00ab C\u2019est un honneur de me voir confier cette d\u00e9l\u00e9gation particuli\u00e8rement exigeante \u00bb, r\u00e9agit Mary-France Parrain. \u00ab Le D\u00e9partement agit chaque jour pour am\u00e9liorer le cadre de vie, la s\u00e9curit\u00e9, la sant\u00e9 et la r\u00e9ussite des coll\u00e9giens, tout en accompagnant les familles. Je poursuivrai ce travail en lien \u00e9troit avec les services d\u00e9partementaux, l\u2019\u00c9ducation nationale et l\u2019ensemble des acteurs mobilis\u00e9s pour notre jeunesse \u00bb, s\u2019engage l\u2019\u00e9lue, qui aura notamment la responsabilit\u00e9 des 108 coll\u00e8ges du Val-de-Marne qui accueillent pr\u00e8s de 67 000 \u00e9l\u00e8ves.<\/p>\n<p>En tant que quinzi\u00e8me vice-pr\u00e9sident, Charles Aslangul est, lui, d\u00e9sormais en charge des solidarit\u00e9s, de la petite enfance et de la protection maternelle et infantile (PMI). \u00ab Enfant du Val-de-Marne, pass\u00e9 moi-m\u00eame par l\u2019une de ses cr\u00e8ches, je mesure avec \u00e9motion et responsabilit\u00e9 la confiance qui m\u2019est accord\u00e9e \u00bb et \u00ab je m\u2019engagerai pleinement pour poursuivre cette action de proximit\u00e9, aux c\u00f4t\u00e9s des agents d\u00e9partementaux \u00bb, promet le maire (LR) de Bry-sur-Marne.<\/p>\n<p>\u00ab Mary-France Parrain et Charles Aslangul connaissent parfaitement notre territoire, ses habitants et les enjeux des politiques publiques qu\u2019ils auront d\u00e9sormais la responsabilit\u00e9 de conduire. Leur exp\u00e9rience, leur engagement et leur proximit\u00e9 avec le terrain seront pr\u00e9cieux pour poursuivre les actions engag\u00e9es en faveur des coll\u00e9giens, des familles et des publics les plus fragiles \u00bb, estime Olivier Capitanio, le pr\u00e9sident (LR) du D\u00e9partement.<\/p>\n<p><strong>Nicolas Tryzna et Thomas Berruezo \u00e0 la commission permanente<\/strong><\/p>\n<p>S\u2019il n\u2019est plus vice-pr\u00e9sident du D\u00e9partement, Nicolas Tryzna si\u00e8ge dans la commission permanente (charg\u00e9e d\u2019assurer le suivi des affaires d\u00e9partementales entre les s\u00e9ances de l\u2019assembl\u00e9e) tout comme Thomas Berruezo, le conseiller d\u00e9partemental qui a remplac\u00e9 Paul Bazin dans le canton de Nogent-sur-Marne, et deuxi\u00e8me adjoint de la maire du Perreux-sur-Marne. Thomas Berruezo qui a \u00e9galement \u00e9t\u00e9 nomm\u00e9 pr\u00e9sident d\u00e9l\u00e9gu\u00e9 aupr\u00e8s du pr\u00e9sident du D\u00e9partement, en charge de l\u2019am\u00e9nagement et de l\u2019attractivit\u00e9 du territoire. Fonction assur\u00e9e jusqu\u2019alors par Charles Aslangul. Le D\u00e9partement compte au total quinze vice-pr\u00e9sidents et quatre pr\u00e9sidents d\u00e9l\u00e9gu\u00e9s.<\/p>\n<p>\n            [auto_promo_mpl_cutom url=\u00a0\u00bbhttps:\/\/mapresselocale.fr\/titres\/l-echo-d-ile-de-france\u00a0\u00bb]        <\/p>\n","protected":false},"excerpt":{"rendered":"L&rsquo;ex\u00e9cutif d\u00e9partemental a \u00e9t\u00e9 r\u00e9organis\u00e9 avec l&rsquo;\u00e9lection, lundi, de Mary-France Parrain et de Charles Aslangul en tant que&hellip;\n","protected":false},"author":2,"featured_media":1053659,"comment_status":"","ping_status":"","sticky":false,"template":"","format":"standard","meta":{"footnotes":"","_share_on_mastodon":"0"},"categories":[1592],"tags":[1111,11,109372,109373,79263,1777,674,108189,1011,27,662,109374,12,109375,626,316,25,109376,108153,1125,109377],"class_list":["post-1053658","post","type-post","status-publish","format-standard","has-post-thumbnail","category-ile-de-france","tag-actu","tag-actualites","tag-charles-aslangul","tag-commission-permanente","tag-conseil-du00e9partemental","tag-eu","tag-europe","tag-exu00e9cutif","tag-fr","tag-france","tag-ile-de-france","tag-mary-france-parrain","tag-news","tag-nicolas-tryzna","tag-paris","tag-politique","tag-republique-francaise","tag-thomas-berruezo","tag-u00e9lection","tag-val-de-marne","tag-vice-pru00e9sident"],"share_on_mastodon":{"url":"https:\/\/pubeurope.com\/@fr\/116890137165120899","error":""},"_links":{"self":[{"href":"https:\/\/www.europesays.com\/fr\/wp-json\/wp\/v2\/posts\/1053658","targetHints":{"allow":["GET"]}}],"collection":[{"href":"https:\/\/www.europesays.com\/fr\/wp-json\/wp\/v2\/posts"}],"about":[{"href":"https:\/\/www.europesays.com\/fr\/wp-json\/wp\/v2\/types\/post"}],"author":[{"embeddable":true,"href":"https:\/\/www.europesays.com\/fr\/wp-json\/wp\/v2\/users\/2"}],"replies":[{"embeddable":true,"href":"https:\/\/www.europesays.com\/fr\/wp-json\/wp\/v2\/comments?post=1053658"}],"version-history":[{"count":0,"href":"https:\/\/www.europesays.com\/fr\/wp-json\/wp\/v2\/posts\/1053658\/revisions"}],"wp:featuredmedia":[{"embeddable":true,"href":"https:\/\/www.europesays.com\/fr\/wp-json\/wp\/v2\/media\/1053659"}],"wp:attachment":[{"href":"https:\/\/www.europesays.com\/fr\/wp-json\/wp\/v2\/media?parent=1053658"}],"wp:term":[{"taxonomy":"category","embeddable":true,"href":"https:\/\/www.europesays.com\/fr\/wp-json\/wp\/v2\/categories?post=1053658"},{"taxonomy":"post_tag","embeddable":true,"href":"https:\/\/www.europesays.com\/fr\/wp-json\/wp\/v2\/tags?post=1053658"}],"curies":[{"name":"wp","href":"https:\/\/api.w.org\/{rel}","templated":true}]}}