{"id":105368,"date":"2025-05-16T21:22:09","date_gmt":"2025-05-16T21:22:09","guid":{"rendered":"https:\/\/www.europesays.com\/fr\/105368\/"},"modified":"2025-05-16T21:22:09","modified_gmt":"2025-05-16T21:22:09","slug":"une-petition-contre-les-therapies-de-conversion-dans-lue-depasse-le-million-de-signatures","status":"publish","type":"post","link":"https:\/\/www.europesays.com\/fr\/105368\/","title":{"rendered":"Une p\u00e9tition contre les \u00abth\u00e9rapies\u00bb de conversion dans l&rsquo;UE d\u00e9passe le million de signatures"},"content":{"rendered":"<p>En seulement trois jours, une p\u00e9tition appelant \u00e0 interdire les \u00ab th\u00e9rapies \u00bb de conversion dans l&rsquo;Union europ\u00e9enne, relay\u00e9e sur les r\u00e9seaux sociaux, a d\u00e9pass\u00e9 le cap du million de signatures. Assez pour contraindre la Commission europ\u00e9enne \u00e0 se prononcer.<\/p>\n<p>Exorcisme, stage, \u00e9lectrochocs&#8230; Les <strong><a href=\"https:\/\/www.rfi.fr\/fr\/podcasts\/reportage-france\/20211005-droits-des-lgbt-les-th\u00e9rapies-de-conversion-bient\u00f4t-interdites-en-france\" rel=\"nofollow noopener\" target=\"_blank\" data-ylk=\"slk:\u00ab th\u00e9rapies \u00bb de conversion;elm:context_link;itc:0;sec:content-canvas\" class=\"link \">\u00ab th\u00e9rapies \u00bb de conversion<\/a><\/strong> peuvent prendre plusieurs formes. Aucune n&rsquo;a prouv\u00e9 son efficacit\u00e9, mais toutes peuvent s&rsquo;av\u00e9rer \u00eatre des exp\u00e9riences tr\u00e8s traumatisantes. Ces pratiques pr\u00e9tendent corriger l&rsquo;orientation sexuelle d&rsquo;une personne ou son identit\u00e9 de genre, en assimilant notamment toute orientation autre qu&rsquo;h\u00e9t\u00e9rosexuelle \u00e0 une maladie.<\/p>\n<p>\u00c0 ce jour, ces \u00ab th\u00e9rapies \u00bb sont interdites dans seulement huit pays europ\u00e9ens : l&rsquo;Allemagne, la Belgique, Chypre, l&rsquo;Espagne, la France, la Gr\u00e8ce, Malte et le Portugal. Mais la Commission europ\u00e9enne n&rsquo;a pas l\u00e9gif\u00e9r\u00e9 pour les interdire dans les autres \u00c9tats membres.<\/p>\n<p>Pour pousser Bruxelles \u00e0 agir, de jeunes militants de l&rsquo;association Contre les th\u00e9rapies de conversion ont utilis\u00e9 l&rsquo;Initiative citoyenne europ\u00e9enne. \u00ab En raison de leur caract\u00e8re discriminatoire, d\u00e9gradant, nocif et frauduleux, ces pratiques ont \u00e9t\u00e9 qualifi\u00e9es de torture par les Nations unies \u00bb, rappellent-ils. Matt\u00e9o Garguilo, \u00e9tudiant fran\u00e7ais de 21 ans \u00e0 l&rsquo;origine de l&rsquo;initiative, entend \u00ab faire bouger les choses \u00bb avec cette campagne.<\/p>\n<p>\u00c0 \u00e9couter aussi<a href=\"https:\/\/www.rfi.fr\/fr\/emission\/20191024-homophobie-therapies-conversion\" class=\"link \" rel=\"nofollow noopener\" target=\"_blank\" data-ylk=\"slk:Homophobie et th\u00e9rapies de conversion;elm:context_link;itc:0;sec:content-canvas\">Homophobie et th\u00e9rapies de conversion<\/a><\/p>\n<p><a href=\"https:\/\/www.rfi.fr\/fr\/europe\/20250516-une-p%C3%A9tition-contre-les-th%C3%A9rapies-de-conversion-dans-l-ue-d%C3%A9passe-le-million-de-signatures\" rel=\"nofollow noopener\" target=\"_blank\" data-ylk=\"slk:Lire la suite sur RFI;elm:context_link;itc:0;sec:content-canvas\" class=\"link \">Lire la suite sur RFI<\/a><\/p>\n","protected":false},"excerpt":{"rendered":"En seulement trois jours, une p\u00e9tition appelant \u00e0 interdire les \u00ab th\u00e9rapies \u00bb de conversion dans l&rsquo;Union europ\u00e9enne,&hellip;\n","protected":false},"author":2,"featured_media":105369,"comment_status":"","ping_status":"","sticky":false,"template":"","format":"standard","meta":{"footnotes":""},"categories":[1586],"tags":[11,2196,21928,1777,674,1779,1011,27,7738,12,25,21927,1778,364],"class_list":{"0":"post-105368","1":"post","2":"type-post","3":"status-publish","4":"format-standard","5":"has-post-thumbnail","7":"category-europe","8":"tag-actualites","9":"tag-commission-europeenne","10":"tag-conversion","11":"tag-eu","12":"tag-europe","13":"tag-european-union","14":"tag-fr","15":"tag-france","16":"tag-lunion-europeenne","17":"tag-news","18":"tag-republique-francaise","19":"tag-therapies","20":"tag-ue","21":"tag-union-europeenne"},"share_on_mastodon":{"url":"https:\/\/pubeurope.com\/@fr\/114519614643536109","error":""},"_links":{"self":[{"href":"https:\/\/www.europesays.com\/fr\/wp-json\/wp\/v2\/posts\/105368","targetHints":{"allow":["GET"]}}],"collection":[{"href":"https:\/\/www.europesays.com\/fr\/wp-json\/wp\/v2\/posts"}],"about":[{"href":"https:\/\/www.europesays.com\/fr\/wp-json\/wp\/v2\/types\/post"}],"author":[{"embeddable":true,"href":"https:\/\/www.europesays.com\/fr\/wp-json\/wp\/v2\/users\/2"}],"replies":[{"embeddable":true,"href":"https:\/\/www.europesays.com\/fr\/wp-json\/wp\/v2\/comments?post=105368"}],"version-history":[{"count":0,"href":"https:\/\/www.europesays.com\/fr\/wp-json\/wp\/v2\/posts\/105368\/revisions"}],"wp:featuredmedia":[{"embeddable":true,"href":"https:\/\/www.europesays.com\/fr\/wp-json\/wp\/v2\/media\/105369"}],"wp:attachment":[{"href":"https:\/\/www.europesays.com\/fr\/wp-json\/wp\/v2\/media?parent=105368"}],"wp:term":[{"taxonomy":"category","embeddable":true,"href":"https:\/\/www.europesays.com\/fr\/wp-json\/wp\/v2\/categories?post=105368"},{"taxonomy":"post_tag","embeddable":true,"href":"https:\/\/www.europesays.com\/fr\/wp-json\/wp\/v2\/tags?post=105368"}],"curies":[{"name":"wp","href":"https:\/\/api.w.org\/{rel}","templated":true}]}}