{"id":1053724,"date":"2026-07-09T13:39:24","date_gmt":"2026-07-09T13:39:24","guid":{"rendered":"https:\/\/www.europesays.com\/fr\/1053724\/"},"modified":"2026-07-09T13:39:24","modified_gmt":"2026-07-09T13:39:24","slug":"neuves-maisons-la-gendarmerie-recrute-et-le-fait-savoir-ce-vendredi","status":"publish","type":"post","link":"https:\/\/www.europesays.com\/fr\/1053724\/","title":{"rendered":"Neuves-Maisons. La gendarmerie recrute et le fait savoir ce vendredi"},"content":{"rendered":"<p>Tous les jeunes et moins jeunes qui envisagent d\u2019entrer dans la gendarmerie sont invit\u00e9s, ce vendredi 10\u00a0juillet, \u00e0 pousser la porte de la brigade locale de Neuves-Maisons situ\u00e9e 58 rue du Capitaine-Caillon.<\/p>\n<p>De 9\u00a0h \u00e0 12\u00a0h et de 14\u00a0h \u00e0 16\u00a0h, des repr\u00e9sentants du centre d\u2019information et de recrutement de Metz seront en effet l\u00e0 pour r\u00e9pondre \u00e0 toutes leurs questions, que ce soit sur les modalit\u00e9s administratives pour d\u00e9poser une candidature ou les diff\u00e9rentes carri\u00e8res possibles sous l\u2019uniforme.<\/p>\n","protected":false},"excerpt":{"rendered":"Tous les jeunes et moins jeunes qui envisagent d\u2019entrer dans la gendarmerie sont invit\u00e9s, ce vendredi 10\u00a0juillet, \u00e0&hellip;\n","protected":false},"author":2,"featured_media":1053725,"comment_status":"","ping_status":"","sticky":false,"template":"","format":"standard","meta":{"footnotes":"","_share_on_mastodon":"0"},"categories":[9635],"tags":[1111,11,9848,271,272,1704,1777,674,274,1011,27,775,3457,1702,9847,12,25],"class_list":["post-1053724","post","type-post","status-publish","format-standard","has-post-thumbnail","category-nancy","tag-actu","tag-actualites","tag-cc-moselle-et-madon-54b","tag-crime","tag-delit-et-contravention","tag-edition-nancy-et-agglomeration","tag-eu","tag-europe","tag-faits-divers-justice","tag-fr","tag-france","tag-grand-est","tag-meurthe-et-moselle","tag-nancy","tag-neuves-maisons","tag-news","tag-republique-francaise"],"share_on_mastodon":{"url":"https:\/\/pubeurope.com\/@fr\/116890301998205318","error":""},"_links":{"self":[{"href":"https:\/\/www.europesays.com\/fr\/wp-json\/wp\/v2\/posts\/1053724","targetHints":{"allow":["GET"]}}],"collection":[{"href":"https:\/\/www.europesays.com\/fr\/wp-json\/wp\/v2\/posts"}],"about":[{"href":"https:\/\/www.europesays.com\/fr\/wp-json\/wp\/v2\/types\/post"}],"author":[{"embeddable":true,"href":"https:\/\/www.europesays.com\/fr\/wp-json\/wp\/v2\/users\/2"}],"replies":[{"embeddable":true,"href":"https:\/\/www.europesays.com\/fr\/wp-json\/wp\/v2\/comments?post=1053724"}],"version-history":[{"count":0,"href":"https:\/\/www.europesays.com\/fr\/wp-json\/wp\/v2\/posts\/1053724\/revisions"}],"wp:featuredmedia":[{"embeddable":true,"href":"https:\/\/www.europesays.com\/fr\/wp-json\/wp\/v2\/media\/1053725"}],"wp:attachment":[{"href":"https:\/\/www.europesays.com\/fr\/wp-json\/wp\/v2\/media?parent=1053724"}],"wp:term":[{"taxonomy":"category","embeddable":true,"href":"https:\/\/www.europesays.com\/fr\/wp-json\/wp\/v2\/categories?post=1053724"},{"taxonomy":"post_tag","embeddable":true,"href":"https:\/\/www.europesays.com\/fr\/wp-json\/wp\/v2\/tags?post=1053724"}],"curies":[{"name":"wp","href":"https:\/\/api.w.org\/{rel}","templated":true}]}}