{"id":105375,"date":"2025-05-16T21:27:08","date_gmt":"2025-05-16T21:27:08","guid":{"rendered":"https:\/\/www.europesays.com\/fr\/105375\/"},"modified":"2025-05-16T21:27:08","modified_gmt":"2025-05-16T21:27:08","slug":"les-bleues-sinclinent-face-a-la-slovenie-en-match-de-preparation-a-la-ligue-des-nations-lequipe","status":"publish","type":"post","link":"https:\/\/www.europesays.com\/fr\/105375\/","title":{"rendered":"Les Bleues s&#039;inclinent face \u00e0 la Slov\u00e9nie en match de pr\u00e9paration \u00e0 la Ligue des nations &#8211; L&#039;\u00c9quipe"},"content":{"rendered":"<ol>\n<li><a href=\"https:\/\/news.google.com\/rss\/articles\/CBMi2gFBVV95cUxPdmExb2VqYjNURHJDSzRSUHFLV0Zjc21YQ3h3dVdqbk1BLVUyaHZJOTVUZlhJbUEyaTRhWllCVmNDT3A0eXFOaEpHaXpXNUpNR0NqOXBiQjFlXzI3OGx0UWQtTkExSEdZb2Jnempfb3dhdGQwS29hNUJkTmVkRzFHdGZxU0FuWE5yS2FyYW8weXlmUzc0NDZQU2xCSzQ5YUVCQkZORWo0aFFSXzFVRWFVRWJqTURVb2dhRWpBZzJNTFdKcDZBQlB2cUZoRW5DeVhoaHptWEM5RDUtQQ?oc=5\" target=\"_blank\" rel=\"nofollow noopener\">Les Bleues s&rsquo;inclinent face \u00e0 la Slov\u00e9nie en match de pr\u00e9paration \u00e0 la Ligue des nations<\/a>&nbsp;&nbsp;L&rsquo;\u00c9quipe<\/li>\n<li><a href=\"https:\/\/news.google.com\/rss\/articles\/CBMi_wFBVV95cUxPZzJ3OUwyVHJvQjN1RExZV1lnQzJkZmNZalpVZ3FyMlZoc0h0WkVURUdzdlBLOXd6ajdnQW1HVU1uTjZ4U0ZJdkJYX1ZJd20xcWpQblJJb2ZwTDR6YTdmbkowOGlVR0k3TWQxb0gtVWM3TDhQR01HdlJhRTJkWmpZMGpZTERtdFNfSVpwMF94d0d4X2l4NkJkZHp3Wm5DV0syc3lsQWdxVWstZFBSRTJxVFJDNmw4eVBZRjlFMDhyZml2U0hJR1Q0YTZ6amhJT1hhUW90MDVvajBIa0tRVm1ubEI5OW8zTkhTS2pkOFMyNW03ZFdMTTY5dmhJcTNGMFE?oc=5\" target=\"_blank\" rel=\"nofollow noopener\">Volley. Les Bleues s\u00e8chement battues par la Slov\u00e9nie pour la premi\u00e8re de l\u2019\u00e8re C\u00e9sar Hernandez<\/a>&nbsp;&nbsp;Ouest-France<\/li>\n<li><a href=\"https:\/\/news.google.com\/rss\/articles\/CBMi2gFBVV95cUxPRnJOcWN0QVJPbk8wR0hGS05BY09tdjlCQW90azNwT1ZpN3E3SDNUZ2lzdlZLWkNLU0NhWmV0SlE2a2QwNWhNcGJ1ZGRpOHVUc1BZbVZGOXNTSnlkY2hmRE5MeWRmNVlCY25XWVdqOUhyWWJpdXZxTHE0N2JIb1VpU3RZMU0wdUxqVVdwQk9kMUdkZkJIRjlIbHZQSkd3aFV1a1pCQlpjeVdkWXVXU0JaYlZhME9wUG9CQTRqel9QcWpOSTBRRHhQdkU3TEtPSzdza2xfdEhVR2gyZw?oc=5\" target=\"_blank\" rel=\"nofollow noopener\">Volley-ball : top d\u00e9part \u00e0 Toulouse de la saison internationale pour l\u2019\u00e9quipe de France f\u00e9minine<\/a>&nbsp;&nbsp;ladepeche.fr<\/li>\n<li><a href=\"https:\/\/news.google.com\/rss\/articles\/CBMiggJBVV95cUxQcDY2MW90bVdDYnpKRkVvNkVrcTVNYzU0czBnTEFrRGdPcUtuSFVYWFBLOC1ZTEEwMW1Ga3dkanlUbUtVN1hSTW1tOVZVUl9aUFFKS1dmcERkb21KdFRrSmR5ZjNJYXpxVDVwTy03V0dHNU1OOUVkN1RIcW1qaWFuaFpJa0J5Q3dfQ2s1WFQtN295aXVza3Bwbk1MZ3dvcERWcHNuZGlzTEpudWxTTk9iZGhyRGhmS0Jya1ZBR2pyZFVLQ1FOaENzUk9mUTZqT2Q5bEhrYmo1QTJyMF9tbDhxalRSVVkycTBpYnN1ZldQd1JoLVd3d3hTdmRmUHhhNUZYNmc?oc=5\" target=\"_blank\" rel=\"nofollow noopener\">France &#8211; Slov\u00e9nie. \u00c0 quelle heure et sur quelle cha\u00eene TV voir le match amical des volleyeuses ?<\/a>&nbsp;&nbsp;Ouest-France<\/li>\n<li><a href=\"https:\/\/news.google.com\/rss\/articles\/CBMi4gFBVV95cUxNRXpzcUpfZWNzbEdSakc1enlpSWFxbHFaMURMVGVqemRKcTVwenF1d1pxb0VJSTAyekpaNmFqWXUzS25QZnoyM3MtSURjMFAtam5nMUJJcFFUTkl2Ml9sQTZDcHZuWW9hXzNZMTlwSklGRkRERW5DamcwYXpFb2xXakpxVVp1ZTk3d3Y1Mk0tRG1GM0NBeUQ3c2Vwdmh1bHJPVHc2NUZrSzZ6eU1MbWExVVFlVGNJdHlaQ1VjczFiRzBxcHNSdXNtcmhpN0tQRzdqczdGUmhwckVqOTFUd1VqaUZB?oc=5\" target=\"_blank\" rel=\"nofollow noopener\">Avec Cesar Hernandez Gonzalez, leur nouveau s\u00e9lectionneur espagnol, les Bleues changent de cycle<\/a>&nbsp;&nbsp;L&rsquo;\u00c9quipe<\/li>\n<\/ol>\n","protected":false},"excerpt":{"rendered":"Les Bleues s&rsquo;inclinent face \u00e0 la Slov\u00e9nie en match de pr\u00e9paration \u00e0 la Ligue des nations&nbsp;&nbsp;L&rsquo;\u00c9quipe Volley. Les&hellip;\n","protected":false},"author":2,"featured_media":105376,"comment_status":"","ping_status":"","sticky":false,"template":"","format":"standard","meta":{"footnotes":""},"categories":[1417],"tags":[1011,27,60,1470,1469],"class_list":{"0":"post-105375","1":"post","2":"type-post","3":"status-publish","4":"format-standard","5":"has-post-thumbnail","7":"category-volley","8":"tag-fr","9":"tag-france","10":"tag-sports","11":"tag-volley","12":"tag-volleyball"},"share_on_mastodon":{"url":"https:\/\/pubeurope.com\/@fr\/114519634295991471","error":""},"_links":{"self":[{"href":"https:\/\/www.europesays.com\/fr\/wp-json\/wp\/v2\/posts\/105375","targetHints":{"allow":["GET"]}}],"collection":[{"href":"https:\/\/www.europesays.com\/fr\/wp-json\/wp\/v2\/posts"}],"about":[{"href":"https:\/\/www.europesays.com\/fr\/wp-json\/wp\/v2\/types\/post"}],"author":[{"embeddable":true,"href":"https:\/\/www.europesays.com\/fr\/wp-json\/wp\/v2\/users\/2"}],"replies":[{"embeddable":true,"href":"https:\/\/www.europesays.com\/fr\/wp-json\/wp\/v2\/comments?post=105375"}],"version-history":[{"count":0,"href":"https:\/\/www.europesays.com\/fr\/wp-json\/wp\/v2\/posts\/105375\/revisions"}],"wp:featuredmedia":[{"embeddable":true,"href":"https:\/\/www.europesays.com\/fr\/wp-json\/wp\/v2\/media\/105376"}],"wp:attachment":[{"href":"https:\/\/www.europesays.com\/fr\/wp-json\/wp\/v2\/media?parent=105375"}],"wp:term":[{"taxonomy":"category","embeddable":true,"href":"https:\/\/www.europesays.com\/fr\/wp-json\/wp\/v2\/categories?post=105375"},{"taxonomy":"post_tag","embeddable":true,"href":"https:\/\/www.europesays.com\/fr\/wp-json\/wp\/v2\/tags?post=105375"}],"curies":[{"name":"wp","href":"https:\/\/api.w.org\/{rel}","templated":true}]}}