{"id":105381,"date":"2025-05-16T21:31:08","date_gmt":"2025-05-16T21:31:08","guid":{"rendered":"https:\/\/www.europesays.com\/fr\/105381\/"},"modified":"2025-05-16T21:31:08","modified_gmt":"2025-05-16T21:31:08","slug":"alex-rins-ne-croit-pas-que-la-motogp-deviendra-plus-sure-avec-les-motos-de-2027-2","status":"publish","type":"post","link":"https:\/\/www.europesays.com\/fr\/105381\/","title":{"rendered":"\u00c1lex Rins ne croit pas que la MotoGP deviendra plus s\u00fbre avec les motos de 2027."},"content":{"rendered":"<p>Un accident dramatique impliquant \u00c1lex Rins lors du GP d\u2019Espagne de MotoGP a raviv\u00e9 les inqui\u00e9tudes concernant la s\u00e9curit\u00e9 du Circuito de Jerez \u00c1ngel Nieto \u2013 un circuit relativement petit, malgr\u00e9 les am\u00e9liorations apport\u00e9es au fil des ans pour garantir de meilleures conditions.<\/p>\n<p>Dans deux ans, de nouvelles r\u00e9glementations seront introduites, avec des motos \u00e9quip\u00e9es de moteurs plus petits et d\u2019une a\u00e9rodynamique r\u00e9duite \u2013 ainsi que la suppression des dispositifs de hauteur de selle et de d\u00e9part. Mais Rins (Monster Energy Yamaha) ne pense pas que les changements de moteur eux-m\u00eames am\u00e9lioreront la s\u00e9curit\u00e9 :<\/p>\n<p>\u2013 Honn\u00eatement, je ne pense pas qu\u2019en 2027 tout deviendra plus s\u00fbr. C\u2019est s\u00fbr, un peu \u2013 enlever les dispositifs arri\u00e8re aidera, des choses comme \u00e7a. Mais le moteur plus petit ne changera rien. Nous l\u2019avons d\u00e9j\u00e0 vu en Moto3 : quand je concourais en Moto3, il y avait 500 tours de plus. La premi\u00e8re ann\u00e9e o\u00f9 ils ont coup\u00e9 ces 500 tours \u2013 je pense que c\u2019\u00e9tait en 2016 \u2013 ils \u00e9taient m\u00eame plus rapides que nous. Donc, \u00e7a ne changera rien.<\/p>\n<p>Concernant la s\u00e9curit\u00e9 des circuits, l\u2019Espagnol a comment\u00e9 : \u2018Les pistes sont-elles s\u00fbres ou non ? Les pistes sont s\u00fbres ; le probl\u00e8me est que nous devenons de plus en plus rapides chaque ann\u00e9e, donc les pistes deviennent de plus en plus petites\u2019.<\/p>\n<p>Rins a contact\u00e9 le conseiller en s\u00e9curit\u00e9 et a re\u00e7u la promesse d\u2019am\u00e9liorations \u00e0 Jerez d\u00e9j\u00e0 pour 2026 : \u2018Il est vrai qu\u2019en particulier \u00e0 ce virage, la zone de d\u00e9gagement est assez petite. J\u2019ai appel\u00e9 Loris Capirossi apr\u00e8s mon accident pour v\u00e9rifier et dire, \u00abFaites attention, parce que [Franco] Morbidelli est aussi arriv\u00e9 assez vite\u00bb. Et il a dit que le plan pour l\u2019ann\u00e9e prochaine \u00e9tait d\u2019am\u00e9liorer cette zone de d\u00e9gagement. Ils ont am\u00e9lior\u00e9 le virage 1, 2 pour cette ann\u00e9e\u2019.<\/p>\n","protected":false},"excerpt":{"rendered":"Un accident dramatique impliquant \u00c1lex Rins lors du GP d\u2019Espagne de MotoGP a raviv\u00e9 les inqui\u00e9tudes concernant la&hellip;\n","protected":false},"author":2,"featured_media":105382,"comment_status":"","ping_status":"","sticky":false,"template":"","format":"standard","meta":{"footnotes":""},"categories":[1413],"tags":[22185,1011,27,22227,1457,1456,1458,60],"class_list":{"0":"post-105381","1":"post","2":"type-post","3":"status-publish","4":"format-standard","5":"has-post-thumbnail","7":"category-moto","8":"tag-alex-rins","9":"tag-fr","10":"tag-france","11":"tag-monster-energy-yamaha-motogp-team-en","12":"tag-moto","13":"tag-motocycle","14":"tag-motogp","15":"tag-sports"},"share_on_mastodon":{"url":"https:\/\/pubeurope.com\/@fr\/114519650034279893","error":""},"_links":{"self":[{"href":"https:\/\/www.europesays.com\/fr\/wp-json\/wp\/v2\/posts\/105381","targetHints":{"allow":["GET"]}}],"collection":[{"href":"https:\/\/www.europesays.com\/fr\/wp-json\/wp\/v2\/posts"}],"about":[{"href":"https:\/\/www.europesays.com\/fr\/wp-json\/wp\/v2\/types\/post"}],"author":[{"embeddable":true,"href":"https:\/\/www.europesays.com\/fr\/wp-json\/wp\/v2\/users\/2"}],"replies":[{"embeddable":true,"href":"https:\/\/www.europesays.com\/fr\/wp-json\/wp\/v2\/comments?post=105381"}],"version-history":[{"count":0,"href":"https:\/\/www.europesays.com\/fr\/wp-json\/wp\/v2\/posts\/105381\/revisions"}],"wp:featuredmedia":[{"embeddable":true,"href":"https:\/\/www.europesays.com\/fr\/wp-json\/wp\/v2\/media\/105382"}],"wp:attachment":[{"href":"https:\/\/www.europesays.com\/fr\/wp-json\/wp\/v2\/media?parent=105381"}],"wp:term":[{"taxonomy":"category","embeddable":true,"href":"https:\/\/www.europesays.com\/fr\/wp-json\/wp\/v2\/categories?post=105381"},{"taxonomy":"post_tag","embeddable":true,"href":"https:\/\/www.europesays.com\/fr\/wp-json\/wp\/v2\/tags?post=105381"}],"curies":[{"name":"wp","href":"https:\/\/api.w.org\/{rel}","templated":true}]}}