{"id":105383,"date":"2025-05-16T21:32:11","date_gmt":"2025-05-16T21:32:11","guid":{"rendered":"https:\/\/www.europesays.com\/fr\/105383\/"},"modified":"2025-05-16T21:32:11","modified_gmt":"2025-05-16T21:32:11","slug":"wendie-renard-et-lyon-remportent-leur-18e-titre-en-championnat-face-au-psg","status":"publish","type":"post","link":"https:\/\/www.europesays.com\/fr\/105383\/","title":{"rendered":"Wendie Renard et Lyon remportent leur 18e titre en championnat face au PSG"},"content":{"rendered":"<p>Sans surprise, l\u2019OL a tranquillement battu le PSG (3-0) ce vendredi soir et a remport\u00e9 le championnat Arkema Premi\u00e8re Ligue.<\/p>\n<p class=\"fig-paragraph\">Il n\u2019y a pas eu de suspense ce vendredi soir dans un Groupama Stadium tristement vide.\u00a0<a href=\"https:\/\/www.lefigaro.fr\/sports\/football\/live\/d1-arkema\/2024\/2554687\/lyon-feminin-paris-sg-feminin\" data-fig-type=\"Live\" data-gtm-custom-categorie=\"navigation\" data-gtm-custom-action=\"crossclick\" data-gtm-custom-label=\"Contextuel\" data-gtm-event=\"customEventSPE\" data-fig-domain=\"LEFIGARO\" target=\"_blank\" rel=\"noopener\">L\u2019Olympique Lyonnais<\/a>\u00a0a tranquillement battu le PSG (3-0) gr\u00e2ce \u00e0 trois buts de Dumornay (45+2e), Diani (80e) et Renard (80+4e), comme un symbole. Les Gones remportent leur 18e titre dans le championnat de France.<\/p>\n<p class=\"fig-paragraph\">Les Parisiennes, bien que valeureuses en premi\u00e8re p\u00e9riode sous l\u2019impulsion de Grace Geyoro et Sakina Karchaoui, se sont peu \u00e0 peu essoufl\u00e9es, ne tirant qu\u2019une seule fois au but en seconde. L\u2019intersaison s\u2019annonce charg\u00e9 pour le club de la capitale, qui devrait perdre plusieurs \u00e9l\u00e9ments centrals de son effectif, \u00e0 commencer par\u00a0<a href=\"http:\/\/www.lefigaro.fr\/sports\/football\/foot-f-front-contre-front-une-altercation-eclate-entre-katoto-et-le-directeur-sportif-du-psg-20250507\" data-fig-type=\"NewsFlash\" data-gtm-custom-categorie=\"navigation\" data-gtm-custom-action=\"crossclick\" data-gtm-custom-label=\"Contextuel\" data-gtm-event=\"customEventSPE\" data-fig-domain=\"LEFIGARO\" target=\"_blank\" rel=\"noopener\">Marie-Antoinette Katoto<\/a>, en partance pour&#8230; L\u2019OL.<\/p>\n<p class=\"fig-paragraph\">Celle-ci \u00e9tait rest\u00e9e clou\u00e9e sur le banc face au Paris FC en demi-finale. Elle est rentr\u00e9 \u00e0 dix minutes du terme ce vendredi, sans pouvoir peser. Un choix assum\u00e9 par\u00a0<a href=\"http:\/\/www.lefigaro.fr\/sports\/football\/ligue-1\/foot-apres-la-defaite-en-coupe-de-france-le-psg-ecarte-l-entraineur-de-l-equipe-feminine-abriel-20250505\" data-fig-type=\"NewsFlash\" data-gtm-custom-categorie=\"navigation\" data-gtm-custom-action=\"crossclick\" data-gtm-custom-label=\"Contextuel\" data-gtm-event=\"customEventSPE\" data-fig-domain=\"LEFIGARO\" target=\"_blank\" rel=\"noopener\">Paulo Cesar<\/a>\u00a0avant la rencontre. L\u2019ancien entra\u00eeneur des U19 du PSG avait effectu\u00e9 un autre choix fort au coup d\u2019envoi en changeant \u00e0 nouveau de syst\u00e8me pour int\u00e9grer Crystal Dunn et Merveille Kanjinga.<\/p>\n<p>Joe Montemurro et Eugenie Le Sommer vont quitter l\u2019OL cet \u00e9t\u00e9<\/p>\n<p class=\"fig-paragraph\">Les deux ont apport\u00e9 de l\u2019\u00e9nergie mais la seconde a manqu\u00e9 de pr\u00e9cision dans le dernier geste. Le 3-0 est sans doute un peu lourd au vu de la physionomie du match mais il est la norme pour\u00a0<a href=\"http:\/\/www.lefigaro.fr\/sports\/football\/lyon-psg-les-lyonnaises-et-l-improbable-peur-du-vide-avant-la-finale-du-championnat-de-france-20250515\" data-fig-type=\"NewsFlash\" data-gtm-custom-categorie=\"navigation\" data-gtm-custom-action=\"crossclick\" data-gtm-custom-label=\"Contextuel\" data-gtm-event=\"customEventSPE\" data-fig-domain=\"LEFIGARO\" target=\"_blank\" rel=\"noopener\">l\u2019OL cette saison en Championnat<\/a>\u00a0: vingt victoires, deux matches nuls, z\u00e9ro d\u00e9faite, 92\u00a0buts marqu\u00e9s et 7 encaiss\u00e9s avant la rencontre.<\/p>\n<p class=\"fig-paragraph\">Pour autant, ce titre n\u2019est qu\u2019une maigre consolation pour Joe Montemurro et ses joueuses, \u00e9limin\u00e9es en en seizi\u00e8mes de finale de la\u00a0Coupe de France par Reims\u00a0(0-0, 9 \u00e0 10 aux t.a.b.), puis en demi-finales de la\u00a0Ligue des champions par Arsenal\u00a0(2-1, 1-4). Le technicien australien devrait faire ses valises cet \u00e9t\u00e9, comme\u00a0<a href=\"http:\/\/www.lefigaro.fr\/sports\/football\/foot-f-eugenie-le-sommer-met-un-terme-a-son-aventure-a-l-ol-apres-15-annees-passees-au-club-20250514\" data-fig-type=\"NewsFlash\" data-gtm-custom-categorie=\"navigation\" data-gtm-custom-action=\"crossclick\" data-gtm-custom-label=\"Contextuel\" data-gtm-event=\"customEventSPE\" data-fig-domain=\"LEFIGARO\" target=\"_blank\" rel=\"noopener\">Eug\u00e9nie Le Sommer<\/a>\u00a0qui est sorti sous une chaude ovation \u00e0 la 72e minute.<\/p>\n","protected":false},"excerpt":{"rendered":"Sans surprise, l\u2019OL a tranquillement battu le PSG (3-0) ce vendredi soir et a remport\u00e9 le championnat Arkema&hellip;\n","protected":false},"author":2,"featured_media":105384,"comment_status":"","ping_status":"","sticky":false,"template":"","format":"standard","meta":{"footnotes":""},"categories":[1412],"tags":[454,69,448,83,451,64,450,449,1451,3236,1452,1453,1454,1455,1011,27,452,453,66,446,447,978,70,93,60,455],"class_list":{"0":"post-105383","1":"post","2":"type-post","3":"status-publish","4":"format-standard","5":"has-post-thumbnail","7":"category-f1","8":"tag-ballon-dor","9":"tag-bundesliga","10":"tag-champions-league","11":"tag-coupe-de-france","12":"tag-coupe-du-monde","13":"tag-equipe-de-france","14":"tag-euro","15":"tag-europa-league","16":"tag-f1","17":"tag-football-feminin","18":"tag-formula-1","19":"tag-formula1","20":"tag-formule-1","21":"tag-formule1","22":"tag-fr","23":"tag-france","24":"tag-italie","25":"tag-liga","26":"tag-ligue-1","27":"tag-ligue-2","28":"tag-ligue-des-champions","29":"tag-olympique-lyonnais","30":"tag-premier-league","31":"tag-psg","32":"tag-sports","33":"tag-uefa"},"share_on_mastodon":{"url":"https:\/\/pubeurope.com\/@fr\/114519653999196571","error":""},"_links":{"self":[{"href":"https:\/\/www.europesays.com\/fr\/wp-json\/wp\/v2\/posts\/105383","targetHints":{"allow":["GET"]}}],"collection":[{"href":"https:\/\/www.europesays.com\/fr\/wp-json\/wp\/v2\/posts"}],"about":[{"href":"https:\/\/www.europesays.com\/fr\/wp-json\/wp\/v2\/types\/post"}],"author":[{"embeddable":true,"href":"https:\/\/www.europesays.com\/fr\/wp-json\/wp\/v2\/users\/2"}],"replies":[{"embeddable":true,"href":"https:\/\/www.europesays.com\/fr\/wp-json\/wp\/v2\/comments?post=105383"}],"version-history":[{"count":0,"href":"https:\/\/www.europesays.com\/fr\/wp-json\/wp\/v2\/posts\/105383\/revisions"}],"wp:featuredmedia":[{"embeddable":true,"href":"https:\/\/www.europesays.com\/fr\/wp-json\/wp\/v2\/media\/105384"}],"wp:attachment":[{"href":"https:\/\/www.europesays.com\/fr\/wp-json\/wp\/v2\/media?parent=105383"}],"wp:term":[{"taxonomy":"category","embeddable":true,"href":"https:\/\/www.europesays.com\/fr\/wp-json\/wp\/v2\/categories?post=105383"},{"taxonomy":"post_tag","embeddable":true,"href":"https:\/\/www.europesays.com\/fr\/wp-json\/wp\/v2\/tags?post=105383"}],"curies":[{"name":"wp","href":"https:\/\/api.w.org\/{rel}","templated":true}]}}