{"id":105385,"date":"2025-05-16T21:33:08","date_gmt":"2025-05-16T21:33:08","guid":{"rendered":"https:\/\/www.europesays.com\/fr\/105385\/"},"modified":"2025-05-16T21:33:08","modified_gmt":"2025-05-16T21:33:08","slug":"giro-tour-ditalie-romain-bardet-gaudu-est-tombe-devant-moi-il-sest-excuse","status":"publish","type":"post","link":"https:\/\/www.europesays.com\/fr\/105385\/","title":{"rendered":"Giro. Tour d&rsquo;Italie &#8211; Romain Bardet : \u00abGaudu est tomb\u00e9 devant moi&#8230; il s&rsquo;est excus\u00e9\u00bb"},"content":{"rendered":"<p><strong>Romain Bardet <\/strong>est le grand perdant de cette 7e \u00e9tape du<strong> <a href=\"https:\/\/www.cyclismactu.net\/..\/news-giro-route-tour-d-italie-juan-ayuso-7e-etape-gaudu-et-bardet-perdent-gros-87890.html\" target=\"_blank\" rel=\"nofollow noopener\">Giro d&rsquo;Italia<\/a><\/strong>. Alors qu&rsquo;il avait pass\u00e9 un d\u00e9but de <strong>Tour d&rsquo;Italie <\/strong>sans accroc, le Fran\u00e7ais du <strong>Team Picnic PostNL<\/strong> a chut\u00e9 en compagnie de quelques autres coureurs (dont David Gaudu, ndlr) \u00e0 41 kilom\u00e8tres de l&rsquo;arriv\u00e9e. Touch\u00e9 au genou, <strong>Bardet <\/strong>est tout de m\u00eame parvenu \u00e0 rentrer au sein du peloton, mais a craqu\u00e9 dans les derniers kilom\u00e8tres. L&rsquo;Auvergnat a conc\u00e9d\u00e9 5&rsquo;09\u00a0\u00bb sur la ligne et perd donc toute ambition au classement g\u00e9n\u00e9ral.<\/p>\n<p>Vid\u00e9o &#8211; Le r\u00e9sum\u00e9 de cette 7e \u00e9tape du Giro Lire la suite de l&rsquo;article&#13;<\/p>\n<p>\u00a0<\/p>\n<p>&#13;<br \/>\n\u00ab\u00a0Il y a une tension pourrie dans le peloton&#8230;\u00a0\u00bb&#13;<\/p>\n<p>\u00ab\u00a0Je crois que c\u2019est David qui est tomb\u00e9 juste devant moi. J\u2019ai pas trop compris ce qui s\u2019est pass\u00e9, il s\u2019est excus\u00e9, mais de toute fa\u00e7on, comme 90 % du temps, il y a une tension pourrie dans le peloton. \u00c7a cr\u00e9e des \u00e9carts, et c\u2019est b\u00eate de tomber comme \u00e7a. Je me suis bien heurt\u00e9 le genou, donc j\u2019ai h\u00e2te de pouvoir mettre de la glace dessus. J\u2019esp\u00e8re qu\u2019il n\u2019y a rien de trop grave\u00a0\u00bb, a d\u00e9clar\u00e9 <strong>Bardet <\/strong>\u00e0 l&rsquo;arriv\u00e9e. \u00ab\u00a0J\u2019esp\u00e8re que ce n\u2019est qu\u2019un coup. Mais je ne sais pas trop&#8230; C\u2019est vrai que je sens une g\u00eane au niveau de la rotule, quelque chose qui me d\u00e9range. J\u2019esp\u00e8re vraiment que ce n\u2019est que le choc et que \u00e7a ira mieux d\u2019ici quelques jours. Oui, un peu&#8230; C\u2019est vrai qu\u2019il y a tr\u00e8s peu de moments o\u00f9 on peut vraiment \u00eatre relax et faire confiance. Tout le monde veut absolument \u00eatre devant, mais juste pour d\u00e9fendre sa place, pas pour attaquer. \u00c7a cr\u00e9e beaucoup de nervosit\u00e9, et forc\u00e9ment, \u00e7a entra\u00eene des erreurs.\u00a0\u00bb<\/p>\n<p>&#13;<\/p>\n<p>Mais il a tout de m\u00eame pris le recul pour saluer la performance de son co\u00e9quipier <strong>Max Poole<\/strong>, 9e au sommet et s\u00e9dormais 6e du classement g\u00e9n\u00e9ral. \u00ab\u00a0Max a fait une super \u00e9tape, c\u2019est bien. Mais sur un Grand Tour, il faut que tout soit align\u00e9 pour que \u00e7a marche. Aujourd\u2019hui, ce n\u2019\u00e9tait pas le cas. Hier, on est pass\u00e9s entre les gouttes, aujourd\u2019hui non. C\u2019est comme \u00e7a. On n\u2019est pas fatalistes, mais il faut faire avec. Ce n\u2019est que le d\u00e9but.\u00a0\u00bb<\/p>\n<p>Tour d&rsquo;Italie &#8211; Classement de la 7\u00e8 \u00e9tape Tour d&rsquo;Italie &#8211; Classement g\u00e9n\u00e9ral provisoire apr\u00e8s la 7\u00e8 \u00e9tape<\/p>\n","protected":false},"excerpt":{"rendered":"Romain Bardet est le grand perdant de cette 7e \u00e9tape du Giro d&rsquo;Italia. Alors qu&rsquo;il avait pass\u00e9 un&hellip;\n","protected":false},"author":2,"featured_media":105386,"comment_status":"","ping_status":"","sticky":false,"template":"","format":"standard","meta":{"footnotes":""},"categories":[1411],"tags":[1154,207,1011,27,209,60,3318,208],"class_list":{"0":"post-105385","1":"post","2":"type-post","3":"status-publish","4":"format-standard","5":"has-post-thumbnail","7":"category-cyclisme","8":"tag-cycling","9":"tag-cyclisme","10":"tag-fr","11":"tag-france","12":"tag-route","13":"tag-sports","14":"tag-tour-d","15":"tag-velo"},"share_on_mastodon":{"url":"https:\/\/pubeurope.com\/@fr\/114519658018218775","error":""},"_links":{"self":[{"href":"https:\/\/www.europesays.com\/fr\/wp-json\/wp\/v2\/posts\/105385","targetHints":{"allow":["GET"]}}],"collection":[{"href":"https:\/\/www.europesays.com\/fr\/wp-json\/wp\/v2\/posts"}],"about":[{"href":"https:\/\/www.europesays.com\/fr\/wp-json\/wp\/v2\/types\/post"}],"author":[{"embeddable":true,"href":"https:\/\/www.europesays.com\/fr\/wp-json\/wp\/v2\/users\/2"}],"replies":[{"embeddable":true,"href":"https:\/\/www.europesays.com\/fr\/wp-json\/wp\/v2\/comments?post=105385"}],"version-history":[{"count":0,"href":"https:\/\/www.europesays.com\/fr\/wp-json\/wp\/v2\/posts\/105385\/revisions"}],"wp:featuredmedia":[{"embeddable":true,"href":"https:\/\/www.europesays.com\/fr\/wp-json\/wp\/v2\/media\/105386"}],"wp:attachment":[{"href":"https:\/\/www.europesays.com\/fr\/wp-json\/wp\/v2\/media?parent=105385"}],"wp:term":[{"taxonomy":"category","embeddable":true,"href":"https:\/\/www.europesays.com\/fr\/wp-json\/wp\/v2\/categories?post=105385"},{"taxonomy":"post_tag","embeddable":true,"href":"https:\/\/www.europesays.com\/fr\/wp-json\/wp\/v2\/tags?post=105385"}],"curies":[{"name":"wp","href":"https:\/\/api.w.org\/{rel}","templated":true}]}}