{"id":105389,"date":"2025-05-16T21:35:10","date_gmt":"2025-05-16T21:35:10","guid":{"rendered":"https:\/\/www.europesays.com\/fr\/105389\/"},"modified":"2025-05-16T21:35:10","modified_gmt":"2025-05-16T21:35:10","slug":"lumineuse-dans-sa-robe-bustier-angelina-jolie-cree-la-surprise-sur-le-tapis-rouge-du-festival-de-cannes-apres-17-ans-dabsence","status":"publish","type":"post","link":"https:\/\/www.europesays.com\/fr\/105389\/","title":{"rendered":"Lumineuse dans sa robe bustier, Angelina Jolie cr\u00e9e la surprise sur le tapis rouge du Festival de Cannes, apr\u00e8s 17 ans d&rsquo;absence"},"content":{"rendered":"<p>La Croisette n\u2019en finit plus de surprendre en cette 78e quinzaine: Angelina Jolie a cr\u00e9\u00e9 l\u2019\u00e9v\u00e9nement sur le tapis rouge de Cannes, avec une venue aussi inattendue que remarqu\u00e9e&#8230; et apr\u00e8s 17 ans d&rsquo;absence.<\/p>\n<p>              <img ci-src=\"https:\/\/www.nicematin.com\/festival-de-cannes\/FESTIVAL+DE+CANNES+2025+%2810%29-tZFw89AT.jpg?vh=73bd14&amp;ci_seal=fec4ea3cae\" alt=\"\"\/><br \/>\n        Angelina Jolie a cr\u00e9\u00e9 l\u2019\u00e9v\u00e9nement sur le tapis rouge de Cannes. <strong>Photos S\u00e9bastien Botella, Frantz Bouton et Patrice Lapoirie..<\/strong> <\/p>\n<p>\u00c0 l\u2019occasion de la projection du film Eddington\u00a0d\u2019Ari Aster, et en tant que marraine du prestigieux Troph\u00e9e Chopard, elle a s\u00e9duit par l\u2019\u00e9l\u00e9gance de sa silhouette: une robe bustier couleur champagne issue de la collection automne 2025 de Brunello Cucinelli, associ\u00e9e \u00e0 une parure argent\u00e9e Chopard.<\/p>\n<p>              <img ci-src=\"https:\/\/www.nicematin.com\/festival-de-cannes\/maxnewsspecialtwo216930-qF1Hr5ep.jpg?vh=489145&amp;ci_seal=1ba5c329ff\" alt=\"\"\/><br \/>\n        Angelina Jolie, plus radieuse que jamais \u00e0 49 ans. <strong>Photos S\u00e9bastien Botella, Frantz Bouton et Patrice Lapoirie..<\/strong> <\/p>\n<p>L\u2019actrice oscaris\u00e9e, absente des s\u00e9lections officielles apr\u00e8s le retrait de son film Couture, a tout de m\u00eame foul\u00e9 le tapis rouge apr\u00e8s avoir r\u00e9compens\u00e9, sur la plage du Carlton, deux jeunes talents, Marie Colomb et Finn Bennett.<\/p>\n<p>              <img ci-src=\"https:\/\/www.nicematin.com\/festival-de-cannes\/maxnewsspecialtwo216923-p4yX9ZDg.jpg?vh=09c3d4&amp;ci_seal=be4462009e\" alt=\"\"\/><br \/>\n        Angelina Jolie sur les marches du Palais des Festivals. <strong>Photos S\u00e9bastien Botella, Frantz Bouton et Patrice Lapoirie..<\/strong> <\/p>\n<p>\u00ab\u00a0Je suis privil\u00e9gi\u00e9e d\u2019\u00eatre la marraine du Festival de Cannes. C\u2019est une joie de pouvoir c\u00e9l\u00e9brer le travail incroyable de jeunes artistes\u00a0\u00bb, a-t-elle confi\u00e9, saluant l\u2019audace et la cr\u00e9ativit\u00e9 de la nouvelle g\u00e9n\u00e9ration.<\/p>\n<p>              <img ci-src=\"https:\/\/www.nicematin.com\/festival-de-cannes\/maxnewsspecialtwo216929-A4ptZSBN.jpg?vh=d504e2&amp;ci_seal=70c9d329b1\" alt=\"\"\/><br \/>\n        Angelina Jolie et ses fameux tatouages, de dos sur le tapis rouge ce vendredi 16 mai. <strong>Photos S\u00e9bastien Botella, Frantz Bouton et Patrice Lapoirie..<\/strong> <\/p>\n<p>Cette venue surprise a \u00e9t\u00e9 salu\u00e9e par Caroline Scheufele, copr\u00e9sidente de Chopard, qui s\u2019est dite \u00ab\u00a0ravie d\u2019accueillir Angelina Jolie, une figure exemplaire tant par sa carri\u00e8re que par son engagement humanitaire\u00a0\u00bb.<\/p>\n<p>              <img ci-src=\"https:\/\/www.nicematin.com\/festival-de-cannes\/maxnewsspecialtwo216931-V82Ox963.jpg?vh=0389f0&amp;ci_seal=e98acd9d34\" alt=\"\"\/><br \/>\n        Angelina Jolie a d\u00e9clench\u00e9 un raz-de-mar\u00e9e ce vendredi soir \u00e0 Cannes. <strong>Photos S\u00e9bastien Botella, Frantz Bouton et Patrice Lapoirie..<\/strong> <\/p>\n<p>Son apparition a d\u00e9clench\u00e9 un v\u00e9ritable raz-de-mar\u00e9e m\u00e9diatique, pour le plus grand bonheur des photographes pr\u00e9sents au bord du tapis rouge.<\/p>\n<p>              <img ci-src=\"https:\/\/www.nicematin.com\/festival-de-cannes\/FESTIVAL+DE+CANNES+2025+%2814%29-6XpUWQBn.jpg?vh=546d90&amp;ci_seal=2ddf5827a9\" alt=\"\"\/><br \/>\n        Angelina Jolie sur les marches du Palais des Festivals. <strong>Photos S\u00e9bastien Botella, Frantz Bouton et Patrice Lapoirie..<\/strong> <\/p>\n","protected":false},"excerpt":{"rendered":"La Croisette n\u2019en finit plus de surprendre en cette 78e quinzaine: Angelina Jolie a cr\u00e9\u00e9 l\u2019\u00e9v\u00e9nement sur le&hellip;\n","protected":false},"author":2,"featured_media":105390,"comment_status":"","ping_status":"","sticky":false,"template":"","format":"standard","meta":{"footnotes":""},"categories":[1359],"tags":[58,59,5634,1011,27,973],"class_list":{"0":"post-105389","1":"post","2":"type-post","3":"status-publish","4":"format-standard","5":"has-post-thumbnail","7":"category-people","8":"tag-divertissement","9":"tag-entertainment","10":"tag-festival-de-cannes","11":"tag-fr","12":"tag-france","13":"tag-people"},"share_on_mastodon":{"url":"https:\/\/pubeurope.com\/@fr\/114519665752774617","error":""},"_links":{"self":[{"href":"https:\/\/www.europesays.com\/fr\/wp-json\/wp\/v2\/posts\/105389","targetHints":{"allow":["GET"]}}],"collection":[{"href":"https:\/\/www.europesays.com\/fr\/wp-json\/wp\/v2\/posts"}],"about":[{"href":"https:\/\/www.europesays.com\/fr\/wp-json\/wp\/v2\/types\/post"}],"author":[{"embeddable":true,"href":"https:\/\/www.europesays.com\/fr\/wp-json\/wp\/v2\/users\/2"}],"replies":[{"embeddable":true,"href":"https:\/\/www.europesays.com\/fr\/wp-json\/wp\/v2\/comments?post=105389"}],"version-history":[{"count":0,"href":"https:\/\/www.europesays.com\/fr\/wp-json\/wp\/v2\/posts\/105389\/revisions"}],"wp:featuredmedia":[{"embeddable":true,"href":"https:\/\/www.europesays.com\/fr\/wp-json\/wp\/v2\/media\/105390"}],"wp:attachment":[{"href":"https:\/\/www.europesays.com\/fr\/wp-json\/wp\/v2\/media?parent=105389"}],"wp:term":[{"taxonomy":"category","embeddable":true,"href":"https:\/\/www.europesays.com\/fr\/wp-json\/wp\/v2\/categories?post=105389"},{"taxonomy":"post_tag","embeddable":true,"href":"https:\/\/www.europesays.com\/fr\/wp-json\/wp\/v2\/tags?post=105389"}],"curies":[{"name":"wp","href":"https:\/\/api.w.org\/{rel}","templated":true}]}}