{"id":10540,"date":"2025-04-08T15:34:11","date_gmt":"2025-04-08T15:34:11","guid":{"rendered":"https:\/\/www.europesays.com\/fr\/10540\/"},"modified":"2025-04-08T15:34:11","modified_gmt":"2025-04-08T15:34:11","slug":"manon-quadratus-letonnante-reconversion-professionnelle-de-lex-candidate-de-secret-story","status":"publish","type":"post","link":"https:\/\/www.europesays.com\/fr\/10540\/","title":{"rendered":"Manon Quadratus : l\u2019\u00e9tonnante reconversion professionnelle de l\u2019ex-candidate de Secret Story"},"content":{"rendered":"<p>      R\u00e9sum\u00e9<\/p>\n<p>Manon Quadratus, c\u00e9l\u00e8bre pour sa participation \u00e0 \u00ab\u00a0Secret Story\u00a0\u00bb, a r\u00e9cemment annonc\u00e9 sa reconversion professionnelle en tant que Wedding Planner. <\/p>\n<p>        Sommaire<\/p>\n<p>Manon Quadratus, ancienne candidate de l&rsquo;\u00e9mission Secret Story, vient de faire une grande annonce qui surprend agr\u00e9ablement ses fans. Apr\u00e8s avoir marqu\u00e9 les esprits dans la c\u00e9l\u00e8bre \u00e9mission de t\u00e9l\u00e9r\u00e9alit\u00e9, la jeune femme a d\u00e9cid\u00e9 de se tourner vers une nouvelle carri\u00e8re.<\/p>\n<p>C&rsquo;est officiel, la jolie blonde a d\u00e9cid\u00e9 de <strong>devenir Wedding Planner<\/strong>, un m\u00e9tier o\u00f9 elle compte mettre \u00e0 profit son sens de l&rsquo;organisation et sa cr\u00e9ativit\u00e9. Un tournant dans sa vie professionnelle qui fait parler et qui d\u00e9montre une belle \u00e9volution de la part de l&rsquo;ex-candidate. <\/p>\n<p>Une nouvelle vie apr\u00e8s Secret Story <\/p>\n<p>En 2016, Ana\u00efs et Manon Quadratus, deux s\u0153urs jumelles de 20 ans, originaires du sud de la France, <a href=\"https:\/\/www.public.fr\/secret-story-10-fanny-a-trouve-le-secret-des-jumelles-manon-et-anais\" target=\"_blank\" rel=\"noopener\">participaient \u00e0 l&rsquo;\u00e9mission \u00ab\u00a0Secret Story\u00a0\u00bb sur TF1.<\/a> Pr\u00e8s d&rsquo;une d\u00e9cennie plus tard, les deux jeunes femmes sont devenues des cr\u00e9atrices de contenu accomplies, tr\u00e8s actives sur les r\u00e9seaux sociaux.<\/p>\n<p>Mari\u00e9e \u00e0 un certain Thomas et maman d&rsquo;un petit gar\u00e7on, Ana\u00efs a r\u00e9cemment fait parler d&rsquo;elle en annon\u00e7ant son d\u00e9part pour Duba\u00ef.<\/p>\n<p>De son c\u00f4t\u00e9, Manon qui est rest\u00e9e vivre dans le sud de la France aupr\u00e8s sa famille et de son ch\u00e9ri, vient, elle aussi, de faire une grande annonce. <\/p>\n<p>Un projet grandiose <\/p>\n<p>Ce lundi 7 avril 2025, <strong>Manon Quadratus qui est suivie par pr\u00e8s d&rsquo;un demi-million d&rsquo;abonn\u00e9s<\/strong>, \u00e0 fait une grande annonce. <\/p>\n<p>\u00ab\u00a0Nouveau chapitre. C\u2019est un m\u00e9lange d\u2019excitation, de trac, et de beaucoup d\u2019amour que je vous \u00e9cris ces lignes. Depuis plusieurs ann\u00e9es, une id\u00e9e me trottait dans la t\u00eate et aujourd\u2019hui, je saute le pas. Je deviens Wedding Planner. Et encore mieux, je ne me lance pas toute seule ! Je m\u2019associe avec Cl\u00e9mence (vous la connaissez s\u00fbrement d\u00e9j\u00e0 ) et on d\u00e9veloppe ensemble Pantaia Events\u00a0\u00bb a-t-elle \u00e9crit. <\/p>\n<p>Et la jolie blonde d&rsquo;ajouter : \u00ab\u00a0On souhaite vous accompagner dans un moment important de votre vie, avec \u00e9coute, bienveillance, et beaucoup d\u2019amour (et de fous rires aussi). On a \u00e0 c\u0153ur de cr\u00e9er des mariages qui vous ressemblent, sans stress, avec du c\u0153ur, et de la magie\u00a0\u00bb. <\/p>\n<p>      Mentionn\u00e9s dans cet article<\/p>\n<p>\u00c0 lire aussi<\/p>\n","protected":false},"excerpt":{"rendered":"R\u00e9sum\u00e9 Manon Quadratus, c\u00e9l\u00e8bre pour sa participation \u00e0 \u00ab\u00a0Secret Story\u00a0\u00bb, a r\u00e9cemment annonc\u00e9 sa reconversion professionnelle en tant&hellip;\n","protected":false},"author":2,"featured_media":10541,"comment_status":"","ping_status":"","sticky":false,"template":"","format":"standard","meta":{"footnotes":""},"categories":[1359],"tags":[58,59,1011,27,2440,5131,973],"class_list":{"0":"post-10540","1":"post","2":"type-post","3":"status-publish","4":"format-standard","5":"has-post-thumbnail","7":"category-people","8":"tag-divertissement","9":"tag-entertainment","10":"tag-fr","11":"tag-france","12":"tag-instagram","13":"tag-manon-secret-story-10","14":"tag-people"},"share_on_mastodon":{"url":"https:\/\/pubeurope.com\/@fr\/114303078634151482","error":""},"_links":{"self":[{"href":"https:\/\/www.europesays.com\/fr\/wp-json\/wp\/v2\/posts\/10540","targetHints":{"allow":["GET"]}}],"collection":[{"href":"https:\/\/www.europesays.com\/fr\/wp-json\/wp\/v2\/posts"}],"about":[{"href":"https:\/\/www.europesays.com\/fr\/wp-json\/wp\/v2\/types\/post"}],"author":[{"embeddable":true,"href":"https:\/\/www.europesays.com\/fr\/wp-json\/wp\/v2\/users\/2"}],"replies":[{"embeddable":true,"href":"https:\/\/www.europesays.com\/fr\/wp-json\/wp\/v2\/comments?post=10540"}],"version-history":[{"count":0,"href":"https:\/\/www.europesays.com\/fr\/wp-json\/wp\/v2\/posts\/10540\/revisions"}],"wp:featuredmedia":[{"embeddable":true,"href":"https:\/\/www.europesays.com\/fr\/wp-json\/wp\/v2\/media\/10541"}],"wp:attachment":[{"href":"https:\/\/www.europesays.com\/fr\/wp-json\/wp\/v2\/media?parent=10540"}],"wp:term":[{"taxonomy":"category","embeddable":true,"href":"https:\/\/www.europesays.com\/fr\/wp-json\/wp\/v2\/categories?post=10540"},{"taxonomy":"post_tag","embeddable":true,"href":"https:\/\/www.europesays.com\/fr\/wp-json\/wp\/v2\/tags?post=10540"}],"curies":[{"name":"wp","href":"https:\/\/api.w.org\/{rel}","templated":true}]}}