{"id":105405,"date":"2025-05-16T21:43:09","date_gmt":"2025-05-16T21:43:09","guid":{"rendered":"https:\/\/www.europesays.com\/fr\/105405\/"},"modified":"2025-05-16T21:43:09","modified_gmt":"2025-05-16T21:43:09","slug":"78e-festival-de-cannes-nos-photos-demma-stone-effrayee-par-une-abeille-sur-le-tapis-rouge-avec-austin-butler-et-pedro-pascal-hilares-ont-tout-pour-devenir-cultes","status":"publish","type":"post","link":"https:\/\/www.europesays.com\/fr\/105405\/","title":{"rendered":"78e Festival de Cannes: nos photos d&rsquo;Emma Stone effray\u00e9e par une abeille sur le tapis rouge, avec Austin Butler et Pedro Pascal hilares, ont tout pour devenir cultes"},"content":{"rendered":"<p>C&rsquo;est un instant de tapis rouge, pris sur le vif, comme on les aime.<\/p>\n<p>Ce vendredi 16 mai dans la soir\u00e9e, Emma Stone montait les marches avec l&rsquo;\u00e9quipe du film Eddington\u00a0du r\u00e9alisateur Ari Aster.<\/p>\n<p>Parmi les acteurs pr\u00e9sents, Joachin Phoenix, Austin Butler, ou encore Pedro Pascal&#8230; un casting quatre \u00e9toiles luxe donc.<\/p>\n<p>              <img ci-src=\"https:\/\/www.nicematin.com\/festival-de-cannes\/abeille-dJj5UIcT.PNG?ci_seal=bcaee92b11\" alt=\"\"\/><br \/>\n        En pleine mont\u00e9e des marches, une abeille est venue emb\u00eater Emma Stone sur le tapis rouge. <strong>Photo Patrice Lapoirie\/Nice Matin .<\/strong> <\/p>\n<p>Mais arriv\u00e9e au milieu du tapis rouge, bras dessus, bras dessous avec Austin Butler et Pedro Pascal&#8230; un insecte est venu emb\u00eater Emma Stone.<\/p>\n<p>Coinc\u00e9e entre Pedro Pascal et Austin Butler, tous deux rigolards, la star a paru effray\u00e9e par une abeille qui, semble-t-il, avait perdu le chemin de sa ruche.<\/p>\n<p>              <img ci-src=\"https:\/\/www.nicematin.com\/festival-de-cannes\/FESTIVAL+DE+CANNES+2025+%289%29-94AgS5s9.jpg?vh=6fc522&amp;ci_seal=f51512bb15\" alt=\"\"\/><br \/>\n        Austin Butler, Emma Stone et Pedro Pascal.  <strong>Photo Patrice Lapoirie .<\/strong> <\/p>\n<p>Une sc\u00e8ne qui a bien fait rire tout le monde sur le tapis rouge.<\/p>\n<p>              <img ci-src=\"https:\/\/www.nicematin.com\/festival-de-cannes\/FESTIVAL+DE+CANNES+2025+%287%29-4HeKZS7T.jpg?ci_seal=14d5aa2643\" alt=\"\"\/><br \/>\n        En pleine mont\u00e9e des marches, une abeille est venue emb\u00eater Emma Stone sur le tapis rouge. <strong>Photo: Patrice Lapoirie\/Nice Matin .<\/strong> <\/p>\n<p>Dans le film Eddington, Emma Stone joue l&rsquo;\u00e9pouse du sh\u00e9rif, une ancienne victime de violences sexuelles tomb\u00e9e sous le charme d&rsquo;un gourou conspirationniste, jou\u00e9 par Austin Butler (que l&rsquo;on avait vu dans Elvis).<\/p>\n<p>              <img ci-src=\"https:\/\/www.nicematin.com\/festival-de-cannes\/FESTIVAL+DE+CANNES+2025+%286%29-xHUfotxS.jpg?vh=0d15cc&amp;ci_seal=30bf9ad727\" alt=\"\"\/><\/p>\n","protected":false},"excerpt":{"rendered":"C&rsquo;est un instant de tapis rouge, pris sur le vif, comme on les aime. Ce vendredi 16 mai&hellip;\n","protected":false},"author":2,"featured_media":105406,"comment_status":"","ping_status":"","sticky":false,"template":"","format":"standard","meta":{"footnotes":""},"categories":[8],"tags":[58,59,5634,1011,27],"class_list":{"0":"post-105405","1":"post","2":"type-post","3":"status-publish","4":"format-standard","5":"has-post-thumbnail","7":"category-divertissement","8":"tag-divertissement","9":"tag-entertainment","10":"tag-festival-de-cannes","11":"tag-fr","12":"tag-france"},"share_on_mastodon":{"url":"https:\/\/pubeurope.com\/@fr\/114519697228216152","error":""},"_links":{"self":[{"href":"https:\/\/www.europesays.com\/fr\/wp-json\/wp\/v2\/posts\/105405","targetHints":{"allow":["GET"]}}],"collection":[{"href":"https:\/\/www.europesays.com\/fr\/wp-json\/wp\/v2\/posts"}],"about":[{"href":"https:\/\/www.europesays.com\/fr\/wp-json\/wp\/v2\/types\/post"}],"author":[{"embeddable":true,"href":"https:\/\/www.europesays.com\/fr\/wp-json\/wp\/v2\/users\/2"}],"replies":[{"embeddable":true,"href":"https:\/\/www.europesays.com\/fr\/wp-json\/wp\/v2\/comments?post=105405"}],"version-history":[{"count":0,"href":"https:\/\/www.europesays.com\/fr\/wp-json\/wp\/v2\/posts\/105405\/revisions"}],"wp:featuredmedia":[{"embeddable":true,"href":"https:\/\/www.europesays.com\/fr\/wp-json\/wp\/v2\/media\/105406"}],"wp:attachment":[{"href":"https:\/\/www.europesays.com\/fr\/wp-json\/wp\/v2\/media?parent=105405"}],"wp:term":[{"taxonomy":"category","embeddable":true,"href":"https:\/\/www.europesays.com\/fr\/wp-json\/wp\/v2\/categories?post=105405"},{"taxonomy":"post_tag","embeddable":true,"href":"https:\/\/www.europesays.com\/fr\/wp-json\/wp\/v2\/tags?post=105405"}],"curies":[{"name":"wp","href":"https:\/\/api.w.org\/{rel}","templated":true}]}}