{"id":105413,"date":"2025-05-16T21:47:09","date_gmt":"2025-05-16T21:47:09","guid":{"rendered":"https:\/\/www.europesays.com\/fr\/105413\/"},"modified":"2025-05-16T21:47:09","modified_gmt":"2025-05-16T21:47:09","slug":"les-chasseurs-veulent-arreter-de-payer-pour-les-sangliers-liberation","status":"publish","type":"post","link":"https:\/\/www.europesays.com\/fr\/105413\/","title":{"rendered":"Les chasseurs veulent arr\u00eater de payer pour les sangliers \u2013 Lib\u00e9ration"},"content":{"rendered":"<p class=\"sc-ksZaOG ehjQrN text-element\">C\u2019est une technique de n\u00e9gociation classique : formuler une dizaine de demandes, id\u00e9alement d\u00e9raisonnables, pour esp\u00e9rer en obtenir une ou deux, un peu moins folles que les autres. R\u00e9clamer le bras pour remporter la main. La F\u00e9d\u00e9ration nationale des chasseurs (FNC) a ainsi r\u00e9dig\u00e9 onze requ\u00eates dans un \u00abManifeste pour la chasse\u00bb et appel\u00e9 ses fid\u00e8les \u00e0 le pr\u00e9senter \u00e0 tous les maires de France ce samedi 17 mai. Une mobilisation nationale pour \u00abd\u00e9noncer les multiples attaques injustifi\u00e9es\u00bb des \u00abtechnocrates adeptes de la norme et d\u00e9connect\u00e9s de la r\u00e9alit\u00e9, des anti-tout et des \u00e9colos dogmatiques\u00bb. Onze r\u00e9clamations, certaines pour d\u00e9manteler la l\u00e9gislation venue petit \u00e0 petit d\u00e9limiter les contours de leur activit\u00e9, comme \u00abla r\u00e9habilitation du plomb dans les munitions de chasse\u00bb ou tout bonnement \u00abla suppression de tous les moratoires europ\u00e9ens\u00bb. D\u2019autres pour s\u2019opposer \u00e0 la moindre perte suppl\u00e9mentaire de libert\u00e9, avec le maintien \u00abde toutes les esp\u00e8ces chassables\u00bb, du \u00abpi\u00e9geage et du d\u00e9terrage\u00bb et la \u00ablibert\u00e9 de continuer \u00e0 chasser\u00bb les week-ends et jours f\u00e9ri\u00e9s. Et puis tant qu\u2019\u00e0 faire, demander la reconnaissance de la chasse fran\u00e7aise \u00abd\u2019int\u00e9r\u00eat g\u00e9n\u00e9ral\u00bb et l\u2019inscription de toutes ses d\u00e9clinaisons au patrimoine immat\u00e9riel de l\u2019Unesco.<\/p>\n<p class=\"sc-ksZaOG ehjQrN text-element\">Bien qu\u2019en premi\u00e8re place dans la liste, ce souhait a peu de chances d\u2019\u00eatre exauc\u00e9. Mais il fait une belle diversion pour glisser, juste en dessous, ce qui pourrait bien \u00eatre la principale<\/p>\n","protected":false},"excerpt":{"rendered":"C\u2019est une technique de n\u00e9gociation classique : formuler une dizaine de demandes, id\u00e9alement d\u00e9raisonnables, pour esp\u00e9rer en obtenir&hellip;\n","protected":false},"author":2,"featured_media":105414,"comment_status":"","ping_status":"","sticky":false,"template":"","format":"standard","meta":{"footnotes":""},"categories":[4],"tags":[11,5253,1011,27,22233,12,25],"class_list":{"0":"post-105413","1":"post","2":"type-post","3":"status-publish","4":"format-standard","5":"has-post-thumbnail","7":"category-france","8":"tag-actualites","9":"tag-biodiversite-cest-la-sante","10":"tag-fr","11":"tag-france","12":"tag-la-chasse-est-elle-ecolo-compatible","13":"tag-news","14":"tag-republique-francaise"},"share_on_mastodon":{"url":"https:\/\/pubeurope.com\/@fr\/114519712993947801","error":""},"_links":{"self":[{"href":"https:\/\/www.europesays.com\/fr\/wp-json\/wp\/v2\/posts\/105413","targetHints":{"allow":["GET"]}}],"collection":[{"href":"https:\/\/www.europesays.com\/fr\/wp-json\/wp\/v2\/posts"}],"about":[{"href":"https:\/\/www.europesays.com\/fr\/wp-json\/wp\/v2\/types\/post"}],"author":[{"embeddable":true,"href":"https:\/\/www.europesays.com\/fr\/wp-json\/wp\/v2\/users\/2"}],"replies":[{"embeddable":true,"href":"https:\/\/www.europesays.com\/fr\/wp-json\/wp\/v2\/comments?post=105413"}],"version-history":[{"count":0,"href":"https:\/\/www.europesays.com\/fr\/wp-json\/wp\/v2\/posts\/105413\/revisions"}],"wp:featuredmedia":[{"embeddable":true,"href":"https:\/\/www.europesays.com\/fr\/wp-json\/wp\/v2\/media\/105414"}],"wp:attachment":[{"href":"https:\/\/www.europesays.com\/fr\/wp-json\/wp\/v2\/media?parent=105413"}],"wp:term":[{"taxonomy":"category","embeddable":true,"href":"https:\/\/www.europesays.com\/fr\/wp-json\/wp\/v2\/categories?post=105413"},{"taxonomy":"post_tag","embeddable":true,"href":"https:\/\/www.europesays.com\/fr\/wp-json\/wp\/v2\/tags?post=105413"}],"curies":[{"name":"wp","href":"https:\/\/api.w.org\/{rel}","templated":true}]}}