{"id":1054148,"date":"2026-07-09T18:01:15","date_gmt":"2026-07-09T18:01:15","guid":{"rendered":"https:\/\/www.europesays.com\/fr\/1054148\/"},"modified":"2026-07-09T18:01:15","modified_gmt":"2026-07-09T18:01:15","slug":"a-lanester-franck-duval-quitte-lecole-henri-barbusse-pour-lallemagne","status":"publish","type":"post","link":"https:\/\/www.europesays.com\/fr\/1054148\/","title":{"rendered":"\u00c0 Lanester, Franck Duval quitte l\u2019\u00e9cole Henri-Barbusse pour l\u2019Allemagne"},"content":{"rendered":"<p>Franck Duval tournera une nouvelle page \u00e0 la rentr\u00e9e. Apr\u00e8s huit ann\u00e9es \u00e0 la direction de l\u2019\u00e9cole \u00e9l\u00e9mentaire Henri-Barbusse de Lanester, l\u2019enseignant s\u2019envolera pour l\u2019Allemagne o\u00f9 il prendra les r\u00eanes de l\u2019\u00e9cole Pierre-et-Marie-Curie d\u2019Heidelberg, pr\u00e8s de Mannheim. Un d\u00e9tachement de trois \u00e0 six ans qui marquera sa premi\u00e8re exp\u00e9rience professionnelle \u00e0 l\u2019\u00e9tranger. \u00ab\u00a0J\u2019avais envie de partir depuis longtemps, mais j\u2019ai attendu la fin des travaux de r\u00e9novation de l\u2019\u00e9cole avant de postuler\u00a0\u00bb, confie-t-il. Ancien \u00e9lu \u00e0 Guidel durant six ans, Franck Duval assurait cette ann\u00e9e l\u2019enseignement des classes de CM1-CM2. Il laisse derri\u00e8re lui un \u00e9tablissement enti\u00e8rement modernis\u00e9. \u00c0 la rentr\u00e9e, la direction sera confi\u00e9e \u00e0 Emmanuelle Rongemaille, qui rejoint Lanester en provenance du Croisty.<\/p>\n","protected":false},"excerpt":{"rendered":"Franck Duval tournera une nouvelle page \u00e0 la rentr\u00e9e. Apr\u00e8s huit ann\u00e9es \u00e0 la direction de l\u2019\u00e9cole \u00e9l\u00e9mentaire&hellip;\n","protected":false},"author":2,"featured_media":1054149,"comment_status":"","ping_status":"","sticky":false,"template":"","format":"standard","meta":{"footnotes":"","_share_on_mastodon":"0"},"categories":[1587],"tags":[11,672,1804,1805,1803,1777,674,1801,6349,12,1802],"class_list":["post-1054148","post","type-post","status-publish","format-standard","has-post-thumbnail","category-allemagne","tag-actualites","tag-allemagne","tag-bundesrepublik-deutschland","tag-de","tag-deutschland","tag-eu","tag-europe","tag-germany","tag-lanester","tag-news","tag-republique-federale-dallemagne"],"share_on_mastodon":{"url":"https:\/\/pubeurope.com\/@fr\/116891332538607972","error":""},"_links":{"self":[{"href":"https:\/\/www.europesays.com\/fr\/wp-json\/wp\/v2\/posts\/1054148","targetHints":{"allow":["GET"]}}],"collection":[{"href":"https:\/\/www.europesays.com\/fr\/wp-json\/wp\/v2\/posts"}],"about":[{"href":"https:\/\/www.europesays.com\/fr\/wp-json\/wp\/v2\/types\/post"}],"author":[{"embeddable":true,"href":"https:\/\/www.europesays.com\/fr\/wp-json\/wp\/v2\/users\/2"}],"replies":[{"embeddable":true,"href":"https:\/\/www.europesays.com\/fr\/wp-json\/wp\/v2\/comments?post=1054148"}],"version-history":[{"count":0,"href":"https:\/\/www.europesays.com\/fr\/wp-json\/wp\/v2\/posts\/1054148\/revisions"}],"wp:featuredmedia":[{"embeddable":true,"href":"https:\/\/www.europesays.com\/fr\/wp-json\/wp\/v2\/media\/1054149"}],"wp:attachment":[{"href":"https:\/\/www.europesays.com\/fr\/wp-json\/wp\/v2\/media?parent=1054148"}],"wp:term":[{"taxonomy":"category","embeddable":true,"href":"https:\/\/www.europesays.com\/fr\/wp-json\/wp\/v2\/categories?post=1054148"},{"taxonomy":"post_tag","embeddable":true,"href":"https:\/\/www.europesays.com\/fr\/wp-json\/wp\/v2\/tags?post=1054148"}],"curies":[{"name":"wp","href":"https:\/\/api.w.org\/{rel}","templated":true}]}}