{"id":105417,"date":"2025-05-16T21:49:24","date_gmt":"2025-05-16T21:49:24","guid":{"rendered":"https:\/\/www.europesays.com\/fr\/105417\/"},"modified":"2025-05-16T21:49:24","modified_gmt":"2025-05-16T21:49:24","slug":"lhistoire-sociale-des-trente-glorieuses-en-ceramiques-a-saint-etienne","status":"publish","type":"post","link":"https:\/\/www.europesays.com\/fr\/105417\/","title":{"rendered":"l\u2019histoire sociale des Trente Glorieuses en c\u00e9ramiques \u00e0 Saint-\u00c9tienne"},"content":{"rendered":"<p class=\"insetTitle\">La c\u00e9ramique contemporaine s\u2019invite \u00e0 Couriot<\/p>\n<p>En contrepoint de l\u2019exposition \u00ab\u00a0Souvenirs, souvenirs\u00a0\u00bb, le site du puits Couriot accueille les cr\u00e9ations contemporaines de quatre c\u00e9ramistes dans la galerie \u00ab\u00a0Six si\u00e8cles\u00a0\u00bb du mus\u00e9e. \u00ab\u00a0Quatre artistes diff\u00e9rents pour quatre ambiances\u00a0\u00bb, souligne Marie-Caroline Janand, directrice du p\u00f4le mus\u00e9al de Saint-\u00c9tienne.<\/p>\n<p>Dans des espaces habituellement nus, ces cr\u00e9ations viennent occuper l\u2019espace \u00ab\u00a0avec beaucoup de pr\u00e9ciosit\u00e9 et de l\u00e9g\u00e8ret\u00e9 qui vont \u00e0 l\u2019encontre du site\u00a0\u00bb. L\u2019occasion de d\u00e9couvrir des formes curieuses et animales de Keiko Machida, une s\u00e9rie de rames m\u00ealant bois et porcelaine de Marion Chambinaud, mais aussi des cr\u00e9ations m\u00ealant mati\u00e8res animales et c\u00e9ramiques.<\/p>\n<p>C\u00e9line Cadaureille r\u00e9unit du gr\u00e8s \u00e9maill\u00e9, des branches de noyer et des bois de chevreuil. Delphine Gigoux Martin propose, de son c\u00f4t\u00e9, des sarcophages de poulpes en porcelaine. Le mus\u00e9e de la mine n\u2019est pas si \u00e9tranger \u00e0 ses cr\u00e9ations, comme le rappelle Marie-Caroline Janand\u00a0: \u00ab\u00a0La mati\u00e8re ram\u00e8ne \u00e0 Couriot, car la c\u00e9ramique c\u2019est de la terre et l\u2019\u00e9nergie du feu.\u00a0\u00bb<\/p>\n","protected":false},"excerpt":{"rendered":"La c\u00e9ramique contemporaine s\u2019invite \u00e0 Couriot En contrepoint de l\u2019exposition \u00ab\u00a0Souvenirs, souvenirs\u00a0\u00bb, le site du puits Couriot accueille&hellip;\n","protected":false},"author":2,"featured_media":105418,"comment_status":"","ping_status":"","sticky":false,"template":"","format":"standard","meta":{"footnotes":""},"categories":[9653],"tags":[1111,11,2430,1687,7539,1777,674,2271,1011,27,3367,12,25,4001,7538],"class_list":{"0":"post-105417","1":"post","2":"type-post","3":"status-publish","4":"format-standard","5":"has-post-thumbnail","7":"category-saint-etienne","8":"tag-actu","9":"tag-actualites","10":"tag-auvergne-rhone-alpes","11":"tag-culture-loisirs","12":"tag-edition-loire-sud","13":"tag-eu","14":"tag-europe","15":"tag-exposition-arts-plastiques","16":"tag-fr","17":"tag-france","18":"tag-loire","19":"tag-news","20":"tag-republique-francaise","21":"tag-saint-etienne","22":"tag-saint-etienne-ville"},"share_on_mastodon":{"url":"https:\/\/pubeurope.com\/@fr\/114519720794859624","error":""},"_links":{"self":[{"href":"https:\/\/www.europesays.com\/fr\/wp-json\/wp\/v2\/posts\/105417","targetHints":{"allow":["GET"]}}],"collection":[{"href":"https:\/\/www.europesays.com\/fr\/wp-json\/wp\/v2\/posts"}],"about":[{"href":"https:\/\/www.europesays.com\/fr\/wp-json\/wp\/v2\/types\/post"}],"author":[{"embeddable":true,"href":"https:\/\/www.europesays.com\/fr\/wp-json\/wp\/v2\/users\/2"}],"replies":[{"embeddable":true,"href":"https:\/\/www.europesays.com\/fr\/wp-json\/wp\/v2\/comments?post=105417"}],"version-history":[{"count":0,"href":"https:\/\/www.europesays.com\/fr\/wp-json\/wp\/v2\/posts\/105417\/revisions"}],"wp:featuredmedia":[{"embeddable":true,"href":"https:\/\/www.europesays.com\/fr\/wp-json\/wp\/v2\/media\/105418"}],"wp:attachment":[{"href":"https:\/\/www.europesays.com\/fr\/wp-json\/wp\/v2\/media?parent=105417"}],"wp:term":[{"taxonomy":"category","embeddable":true,"href":"https:\/\/www.europesays.com\/fr\/wp-json\/wp\/v2\/categories?post=105417"},{"taxonomy":"post_tag","embeddable":true,"href":"https:\/\/www.europesays.com\/fr\/wp-json\/wp\/v2\/tags?post=105417"}],"curies":[{"name":"wp","href":"https:\/\/api.w.org\/{rel}","templated":true}]}}