{"id":105423,"date":"2025-05-16T21:52:37","date_gmt":"2025-05-16T21:52:37","guid":{"rendered":"https:\/\/www.europesays.com\/fr\/105423\/"},"modified":"2025-05-16T21:52:37","modified_gmt":"2025-05-16T21:52:37","slug":"proligue-nancy-handball-reprend-son-quart-en-eteignant-massy","status":"publish","type":"post","link":"https:\/\/www.europesays.com\/fr\/105423\/","title":{"rendered":"Proligue. Nancy Handball \u00ab reprend \u00bb son quart en \u00e9teignant Massy"},"content":{"rendered":"<p>                    Nancy &#8211; Massy 36-24<\/p>\n<p>Quoi qu\u2019il advienne d\u00e9sormais, les Nanc\u00e9iens pourront toujours se targuer d\u2019un authentique exploit : celui d\u2019\u00eatre parvenu \u00e0 se qualifier deux fois pour les phases finales de Proligue en l\u2019espace de quinze jours !<\/p>\n<p>Larges vainqueurs de Massy (36-24), les Bleu et or ont ainsi r\u00e9gl\u00e9 comme des grands le (nouveau) probl\u00e8me que venait de leur soumettre la LNH, quarante-huit heures apr\u00e8s avoir essuy\u00e9 une deuxi\u00e8me vague de sanctions (un point de retrait) qui aurait pu remettre en cause leur participation \u00e0 la suite des&#8230;<\/p>\n","protected":false},"excerpt":{"rendered":"Nancy &#8211; Massy 36-24 Quoi qu\u2019il advienne d\u00e9sormais, les Nanc\u00e9iens pourront toujours se targuer d\u2019un authentique exploit :&hellip;\n","protected":false},"author":2,"featured_media":105424,"comment_status":"","ping_status":"","sticky":false,"template":"","format":"standard","meta":{"footnotes":""},"categories":[9635],"tags":[1111,11,1704,1777,674,1011,27,775,1792,1702,13622,1703,12,25,517,1700],"class_list":{"0":"post-105423","1":"post","2":"type-post","3":"status-publish","4":"format-standard","5":"has-post-thumbnail","7":"category-nancy","8":"tag-actu","9":"tag-actualites","10":"tag-edition-nancy-et-agglomeration","11":"tag-eu","12":"tag-europe","13":"tag-fr","14":"tag-france","15":"tag-grand-est","16":"tag-handball","17":"tag-nancy","18":"tag-nancy-handball","19":"tag-nancy-ville-54b","20":"tag-news","21":"tag-republique-francaise","22":"tag-sport","23":"tag-sport-lorrain"},"share_on_mastodon":{"url":"https:\/\/pubeurope.com\/@fr\/114519732604107422","error":""},"_links":{"self":[{"href":"https:\/\/www.europesays.com\/fr\/wp-json\/wp\/v2\/posts\/105423","targetHints":{"allow":["GET"]}}],"collection":[{"href":"https:\/\/www.europesays.com\/fr\/wp-json\/wp\/v2\/posts"}],"about":[{"href":"https:\/\/www.europesays.com\/fr\/wp-json\/wp\/v2\/types\/post"}],"author":[{"embeddable":true,"href":"https:\/\/www.europesays.com\/fr\/wp-json\/wp\/v2\/users\/2"}],"replies":[{"embeddable":true,"href":"https:\/\/www.europesays.com\/fr\/wp-json\/wp\/v2\/comments?post=105423"}],"version-history":[{"count":0,"href":"https:\/\/www.europesays.com\/fr\/wp-json\/wp\/v2\/posts\/105423\/revisions"}],"wp:featuredmedia":[{"embeddable":true,"href":"https:\/\/www.europesays.com\/fr\/wp-json\/wp\/v2\/media\/105424"}],"wp:attachment":[{"href":"https:\/\/www.europesays.com\/fr\/wp-json\/wp\/v2\/media?parent=105423"}],"wp:term":[{"taxonomy":"category","embeddable":true,"href":"https:\/\/www.europesays.com\/fr\/wp-json\/wp\/v2\/categories?post=105423"},{"taxonomy":"post_tag","embeddable":true,"href":"https:\/\/www.europesays.com\/fr\/wp-json\/wp\/v2\/tags?post=105423"}],"curies":[{"name":"wp","href":"https:\/\/api.w.org\/{rel}","templated":true}]}}