{"id":105439,"date":"2025-05-16T22:01:07","date_gmt":"2025-05-16T22:01:07","guid":{"rendered":"https:\/\/www.europesays.com\/fr\/105439\/"},"modified":"2025-05-16T22:01:07","modified_gmt":"2025-05-16T22:01:07","slug":"en-greve-les-chauffeurs-de-taxi-vont-manifester-lundi-a-rennes-mais-sans-blocage","status":"publish","type":"post","link":"https:\/\/www.europesays.com\/fr\/105439\/","title":{"rendered":"En gr\u00e8ve, les chauffeurs de taxi vont manifester lundi \u00e0 Rennes mais \u00ab sans blocage \u00bb"},"content":{"rendered":"<p>Les artisans taxis en sont en gr\u00e8ve partout en France, lundi 19\u00a0mai 2025. Ce sera aussi le cas en Ille-et-Vilaine, o\u00f9 une action est pr\u00e9vue d\u00e8s le matin \u00e0 Rennes. <strong>\u00ab\u00a0Pr\u00e8s d\u2019une centaine de taxis du d\u00e9partement manifesteront\u00a0\u00bb<\/strong>, annonce la Chambre syndicale des artisans taxis (CSAT 35). Un rassemblement aura lieu, \u00e0 8\u00a0h, place de la gare.<\/p>\n<p><strong>Lire aussi.<a href=\"https:\/\/vannes.maville.com\/actu\/actudet_--nous-serons-sur-trois-points-strategiques-en-greve-les-chauffeurs-de-taxi-vont-bloquer-lorient-_12-6809067_actu.Htm\" target=\"_blank\" rel=\"noopener\">\u00a0<\/a> <\/strong> <a href=\"https:\/\/vannes.maville.com\/actu\/actudet_--nous-serons-sur-trois-points-strategiques-en-greve-les-chauffeurs-de-taxi-vont-bloquer-lorient-_12-6809067_actu.Htm\" target=\"_blank\" rel=\"noopener\">\u00ab\u00a0Nous serons sur trois points strat\u00e9giques\u00a0\u00bb\u00a0: les chauffeurs de taxi vont bloquer Lorient<\/a><\/p>\n<p>A priori, pas d\u2019op\u00e9rations escargot ou de blocages susceptibles de perturber la circulation, comme ce qui est envisag\u00e9 \u00e0 Lorient (Morbihan). Plusieurs rencontres sont pr\u00e9vues au cours de la journ\u00e9e, avec la Caisse primaire d\u2019assurance maladie d\u2019Ille-et-Vilaine, la R\u00e9gion Bretagne, la Ville de Rennes et la Direction d\u00e9partementale de la s\u00e9curit\u00e9 publique.<\/p>\n<p>Une convention \u00ab\u00a0impos\u00e9e sans discussion\u00a0\u00bb<\/p>\n<p>La col\u00e8re des taxis est motiv\u00e9e par les nouveaux tarifs que leur impose la Caisse nationale d\u2019assurance maladie pour le transport conventionn\u00e9, autrement dit le transport de patients entre le domicile et leur lieu de soins. La nouvelle convention fix\u00e9e pour quatre ans est jug\u00e9e <strong>\u00ab\u00a0inadapt\u00e9e aux r\u00e9alit\u00e9s \u00e9conomiques du terrain et impos\u00e9e sans discussion\u00a0\u00bb<\/strong>.<\/p>\n<p>Les taxis s\u2019inqui\u00e8tent \u00e9galement face \u00e0 la concurrence des VTC (voiture de transport avec chauffeur, notamment avec l\u2019application Uber) dans la m\u00e9tropole rennaise. <strong>\u00ab\u00a0Plus d\u2019une centaine de VTC pratiquent la maraude ill\u00e9gale, par exemple autour de la gare et de l\u2019a\u00e9roport. \u00c0 cela s\u2019ajoute la pr\u00e9sence de VTC exer\u00e7ant ill\u00e9galement, sans les autorisations requises.\u00a0\u00bb<\/strong> Selon les professionnels, cette concurrence d\u00e9loyale <strong>\u00ab\u00a0entra\u00eene une perte de chiffre d\u2019affaires de\u00a020\u00a0% pour une centaine de taxis rennais\u00a0\u00bb<\/strong>.<\/p>\n<p>\u00a0<\/p>\n","protected":false},"excerpt":{"rendered":"Les artisans taxis en sont en gr\u00e8ve partout en France, lundi 19\u00a0mai 2025. Ce sera aussi le cas&hellip;\n","protected":false},"author":2,"featured_media":105440,"comment_status":"","ping_status":"","sticky":false,"template":"","format":"standard","meta":{"footnotes":""},"categories":[2821],"tags":[1111,11,7551,829,22234,1777,674,1011,27,6151,9865,22235,12,3086,584,25,13430],"class_list":{"0":"post-105439","1":"post","2":"type-post","3":"status-publish","4":"format-standard","5":"has-post-thumbnail","7":"category-rennes","8":"tag-actu","9":"tag-actualites","10":"tag-blocage","11":"tag-bretagne","12":"tag-chauffeurs","13":"tag-eu","14":"tag-europe","15":"tag-fr","16":"tag-france","17":"tag-greve","18":"tag-lundi","19":"tag-manifester","20":"tag-news","21":"tag-redon","22":"tag-rennes","23":"tag-republique-francaise","24":"tag-taxi"},"share_on_mastodon":{"url":"https:\/\/pubeurope.com\/@fr\/114519768119259545","error":""},"_links":{"self":[{"href":"https:\/\/www.europesays.com\/fr\/wp-json\/wp\/v2\/posts\/105439","targetHints":{"allow":["GET"]}}],"collection":[{"href":"https:\/\/www.europesays.com\/fr\/wp-json\/wp\/v2\/posts"}],"about":[{"href":"https:\/\/www.europesays.com\/fr\/wp-json\/wp\/v2\/types\/post"}],"author":[{"embeddable":true,"href":"https:\/\/www.europesays.com\/fr\/wp-json\/wp\/v2\/users\/2"}],"replies":[{"embeddable":true,"href":"https:\/\/www.europesays.com\/fr\/wp-json\/wp\/v2\/comments?post=105439"}],"version-history":[{"count":0,"href":"https:\/\/www.europesays.com\/fr\/wp-json\/wp\/v2\/posts\/105439\/revisions"}],"wp:featuredmedia":[{"embeddable":true,"href":"https:\/\/www.europesays.com\/fr\/wp-json\/wp\/v2\/media\/105440"}],"wp:attachment":[{"href":"https:\/\/www.europesays.com\/fr\/wp-json\/wp\/v2\/media?parent=105439"}],"wp:term":[{"taxonomy":"category","embeddable":true,"href":"https:\/\/www.europesays.com\/fr\/wp-json\/wp\/v2\/categories?post=105439"},{"taxonomy":"post_tag","embeddable":true,"href":"https:\/\/www.europesays.com\/fr\/wp-json\/wp\/v2\/tags?post=105439"}],"curies":[{"name":"wp","href":"https:\/\/api.w.org\/{rel}","templated":true}]}}