{"id":105441,"date":"2025-05-16T22:02:09","date_gmt":"2025-05-16T22:02:09","guid":{"rendered":"https:\/\/www.europesays.com\/fr\/105441\/"},"modified":"2025-05-16T22:02:09","modified_gmt":"2025-05-16T22:02:09","slug":"venus-des-quatre-regions-du-grand-ouest-les-jeunes-avec-macron-se-rassemblent-a-rennes-ce","status":"publish","type":"post","link":"https:\/\/www.europesays.com\/fr\/105441\/","title":{"rendered":"Venus des quatre r\u00e9gions du Grand-Ouest, les Jeunes avec Macron se rassemblent \u00e0 Rennes ce"},"content":{"rendered":"<p><a href=\"https:\/\/lemans.maville.com\/actu\/actudet_-les-jeunes-avec-macron-veulent-se-faire-entendre-_14-5942880_actu.Htm\" target=\"_blank\" rel=\"nofollow noopener\">Les Jeunes avec Macron (JAM)<\/a> organisent leur InterJAM Grand Ouest samedi\u00a017 et dimanche 18\u00a0mai 2025 \u00e0 Rennes. Cet \u00e9v\u00e8nement interr\u00e9gional r\u00e9unira plus de 120\u00a0jeunes venus des quatre r\u00e9gions du Grand Ouest (Bretagne, Normandie, Pays de la Loire et Centre-Val de Loire).<\/p>\n<p>Dix ans d\u2019existence<\/p>\n<p><strong>\u00ab\u00a0Ce sera l\u2019ultime rassemblement sous le nom des Jeunes avec Macron, avant la transformation du mouvement le 5\u00a0juillet prochain\u00a0\u00bb<\/strong>, expliquent les organisateurs.\u00a0Les JAM ont dix ans d\u2019existence et revendiquent aujourd\u2019hui plus de 32\u00a0000\u00a0adh\u00e9rents r\u00e9partis dans toute la France.<\/p>\n<p>Au programme\u00a0: formation, action de terrain, rencontre avec des parlementaires, ateliers de r\u00e9flexion,\u00a0etc., <strong>\u00ab\u00a0pour r\u00e9affirmer les combats de la jeunesse progressiste \u00e0 l\u2019heure des grands d\u00e9fis\u00a0\u00bb<\/strong>. Par les invit\u00e9s, les Jeunes avec Macron annoncent la venue de <a href=\"https:\/\/rennes.maville.com\/actu\/actudet_-entretien.-valerie-hayer-je-suis-la-seule-a-parler-d-europe-dans-cette-campagne-_54135-6321482_actu.Htm\" target=\"_blank\" rel=\"nofollow noopener\">Val\u00e9rie Hayer, d\u00e9put\u00e9e europ\u00e9enne et pr\u00e9sidente du groupe Renew Europe.<\/a>\u00a0Elle sera pr\u00e9sente aux c\u00f4t\u00e9s de Laurence Maillart-M\u00e9haignerie, ancienne d\u00e9put\u00e9e d\u2019Ille-et-Vilaine et pr\u00e9sidente de Renaissance 35.<\/p>\n<p>\u00a0<\/p>\n","protected":false},"excerpt":{"rendered":"Les Jeunes avec Macron (JAM) organisent leur InterJAM Grand Ouest samedi\u00a017 et dimanche 18\u00a0mai 2025 \u00e0 Rennes. Cet&hellip;\n","protected":false},"author":2,"featured_media":105442,"comment_status":"","ping_status":"","sticky":false,"template":"","format":"standard","meta":{"footnotes":""},"categories":[2821],"tags":[1111,11,829,1777,674,1011,27,22236,4074,11514,12,22237,3086,1306,584,25,16415,4064],"class_list":{"0":"post-105441","1":"post","2":"type-post","3":"status-publish","4":"format-standard","5":"has-post-thumbnail","7":"category-rennes","8":"tag-actu","9":"tag-actualites","10":"tag-bretagne","11":"tag-eu","12":"tag-europe","13":"tag-fr","14":"tag-france","15":"tag-grand-ouest","16":"tag-jeunes","17":"tag-macron","18":"tag-news","19":"tag-rassemblent","20":"tag-redon","21":"tag-regions","22":"tag-rennes","23":"tag-republique-francaise","24":"tag-venus","25":"tag-week-end"},"share_on_mastodon":{"url":"https:\/\/pubeurope.com\/@fr\/114519771977585986","error":""},"_links":{"self":[{"href":"https:\/\/www.europesays.com\/fr\/wp-json\/wp\/v2\/posts\/105441","targetHints":{"allow":["GET"]}}],"collection":[{"href":"https:\/\/www.europesays.com\/fr\/wp-json\/wp\/v2\/posts"}],"about":[{"href":"https:\/\/www.europesays.com\/fr\/wp-json\/wp\/v2\/types\/post"}],"author":[{"embeddable":true,"href":"https:\/\/www.europesays.com\/fr\/wp-json\/wp\/v2\/users\/2"}],"replies":[{"embeddable":true,"href":"https:\/\/www.europesays.com\/fr\/wp-json\/wp\/v2\/comments?post=105441"}],"version-history":[{"count":0,"href":"https:\/\/www.europesays.com\/fr\/wp-json\/wp\/v2\/posts\/105441\/revisions"}],"wp:featuredmedia":[{"embeddable":true,"href":"https:\/\/www.europesays.com\/fr\/wp-json\/wp\/v2\/media\/105442"}],"wp:attachment":[{"href":"https:\/\/www.europesays.com\/fr\/wp-json\/wp\/v2\/media?parent=105441"}],"wp:term":[{"taxonomy":"category","embeddable":true,"href":"https:\/\/www.europesays.com\/fr\/wp-json\/wp\/v2\/categories?post=105441"},{"taxonomy":"post_tag","embeddable":true,"href":"https:\/\/www.europesays.com\/fr\/wp-json\/wp\/v2\/tags?post=105441"}],"curies":[{"name":"wp","href":"https:\/\/api.w.org\/{rel}","templated":true}]}}