{"id":105443,"date":"2025-05-16T22:03:21","date_gmt":"2025-05-16T22:03:21","guid":{"rendered":"https:\/\/www.europesays.com\/fr\/105443\/"},"modified":"2025-05-16T22:03:21","modified_gmt":"2025-05-16T22:03:21","slug":"on-a-teste-le-kebab-a-5-e-voici-notre-verdict","status":"publish","type":"post","link":"https:\/\/www.europesays.com\/fr\/105443\/","title":{"rendered":"on a test\u00e9 le kebab \u00e0 5 \u20ac, voici notre verdict"},"content":{"rendered":"<p>            Par<br \/>\n        <strong><br \/>\n            <a href=\"https:\/\/actu.fr\/auteur\/ivan-capecchi\" title=\"Consulter tous les articles de Ivan CAPECCHI\" target=\"_blank\" rel=\"noopener\">Ivan CAPECCHI<\/a><br \/>\n        <\/strong><\/p>\n<p>        Publi\u00e9 le<\/p>\n<p>            16 mai 2025 \u00e0 16h46        <\/p>\n<p>Depuis septembre 2024, <strong>STO Kebab<\/strong> \u00e0 <strong>Strasbourg<\/strong> propose un <strong>d\u00f6ner \u00e0 5 \u20ac<\/strong>, un prix devenu suffisamment rare pour \u00eatre soulign\u00e9*.<\/p>\n<p class=\" wall-content\">Que vaut-il ? C\u2019est ce qu\u2019on a voulu tester sur place.\u00a0<\/p>\n<p>Un kebab simple et efficace<\/p>\n<p class=\" wall-content\">Pour r\u00e9sumer mon sentiment, je dirais : <strong>simple et efficace<\/strong>. Ici, pas de graines de grenade ni d\u2019aubergines grill\u00e9es\u2026<\/p>\n<p class=\" wall-content\">\u00ab\u00a0On va \u00e0 la simplicit\u00e9, on ne propose que <strong>salade, tomates, oignons<\/strong>, d\u2019o\u00f9 notre nom : STO\u00a0\u00bb, glisse l\u2019un des g\u00e9rants, Adahan, dit Ada, 21 ans.<\/p>\n<p class=\" wall-content\">Personnellement, j\u2019ai eu l\u2019impression de retrouver <strong>le kebab de mon enfance<\/strong> et, rien que pour \u00e7a, j\u2019ai beaucoup appr\u00e9ci\u00e9.<\/p>\n<p>Vid\u00e9os : en ce moment sur Actu\u00ab\u00a0On vient ici parce que c\u2019est rapide et bon\u00a0\u00bb<\/p>\n<p class=\" wall-content\">\u00ab\u00a0On vient plusieurs fois par jour, on leur fait leur chiffre d\u2019affaires !\u00a0\u00bb, rigole Mathias, 17 ans, attabl\u00e9 \u00e0 la terrasse du <a href=\"https:\/\/actu.fr\/tag\/restaurant\" target=\"_blank\" rel=\"noopener\">restaurant<\/a>. \u00ab\u00a0<strong>On vient ici parce que c\u2019est rapide et c\u2019est bon<\/strong>\u00ab\u00a0, ajoute son camarade Arda, 15 ans. \u00ab\u00a0On n\u2019a m\u00eame pas eu le temps de s\u2019assoir dehors qu\u2019on \u00e9tait d\u00e9j\u00e0 servis\u00a0\u00bb, confirme Mathias.\u00a0<\/p>\n<p class=\" wall-content\">Pour Ahmad, \u00ab\u00a0<strong>la quantit\u00e9 est bonne<\/strong>\u00a0\u00bb pour le prix. \u00ab\u00a0C\u2019est g\u00e9n\u00e9reux\u00a0\u00bb, abonde Fjolla. \u00ab\u00a0Il y a beaucoup de viande\u00a0\u00bb, ajoute encore Medina.<\/p>\n<p>    <img   decoding=\"async\" loading=\"lazy\" src=\"https:\/\/www.europesays.com\/fr\/wp-content\/uploads\/2025\/05\/kebab-strasbourg-960x640.jpg\" alt=\"STO Kebab b\u00e9n\u00e9ficie d'une petite terrasse.\" width=\"960\" height=\"640\"\/><br \/>\n    STO Kebab b\u00e9n\u00e9ficie d\u2019une petite terrasse. (\u00a9Ivan Capecchi \/ Actu Strasbourg)Viande et frites surgel\u00e9es<\/p>\n<p class=\" wall-content\">\u00ab\u00a0Mes parents viennent de ce m\u00e9tier l\u00e0. Ils voulaient proposer un kebab \u00e0 3,50 \u20ac, mais le projet n\u2019a pas abouti. On s\u2019est dit : pourquoi ne pas reprendre l\u2019id\u00e9e, mais en proposant un prix de 5 \u20ac\u00a0\u00bb, retrace Ada, l\u2019un des g\u00e9rants.<\/p>\n<p class=\" wall-content\">Pour rentrer dans ses frais, le restaurant est contraint de <strong>proposer de la viande et des frites surgel\u00e9es<\/strong>.<\/p>\n<p>Un staff efficace et chaleureux<\/p>\n<p class=\" wall-content\">Beaucoup louent aussi <strong>la gentillesse du staff<\/strong>, et je ne peux que confirmer. Bien que celui-ci d\u00e9bite \u00e0 la vitesse de l\u2019\u00e9clair, il parvient \u00e0 entretenir une <strong>atmosph\u00e8re chaleureuse<\/strong>, notamment en prenant le temps de <strong>reconna\u00eetre et de saluer les habitu\u00e9s<\/strong>. \u00ab\u00a0On travaille en famille\u00a0\u00bb, confie Ada.<\/p>\n<p class=\" wall-content\">Point notable \u00e0 souligner : \u00e0 l\u2019int\u00e9rieur, <strong>le restaurant ne sent pas le graillon<\/strong>.<\/p>\n<p>Bient\u00f4t un 2e STO Kebab ?<\/p>\n<p class=\" wall-content\">\u00ab\u00a0Proposer un tel prix a<strong> fait venir une client\u00e8le nouvelle<\/strong>\u00ab\u00a0, remarque Ada, qui pr\u00e9cise : \u00ab\u00a0Il y a plus de jeunes notamment. L<strong>e quartier revit<\/strong>\u00ab\u00a0.<\/p>\n<p class=\" wall-content\">\u00ab\u00a0\u00c7a marche tr\u00e8s bien, <strong>on est en train de regarder pour ouvrir un 2e restaurant<\/strong>\u00ab\u00a0, ajoute-t-il.<\/p>\n<p class=\" wall-content\">*\u00a0\u00bbEn l\u2019espace de trois ans, les prix \u00e0 la carte dans les restaurants se sont envol\u00e9s\u00a0\u00bb, rel\u00e8ve un article du <a href=\"https:\/\/www.lemonde.fr\/economie\/article\/2024\/10\/18\/dans-les-restaurants-face-a-la-hausse-des-prix-les-clients-ne-veulent-plus-jouer-le-jeu_6354769_3234.html\" target=\"_blank\" rel=\"noopener\">Monde<\/a> d\u00e9di\u00e9 au sujet. \u00ab\u00a0La hausse a \u00e9t\u00e9 de 12 % en moyenne sur l\u2019ann\u00e9e 2022, puis de 8 % en 2023. En 2024, elle devrait \u00eatre de 3 %, selon les estimations du cabinet Food Service Vision\u00a0\u00bb, poursuit le journal. Dans la restauration rapide, les hausses de prix sont notables ces derni\u00e8res ann\u00e9es. Par exemple, en 2022, la flamb\u00e9e du co\u00fbt de certaines mati\u00e8res comme l\u2019huile de friture ou les emballages a contraint les \u00e9tablissements \u00e0 augmenter leurs tarifs, selon nos confr\u00e8res de <a href=\"https:\/\/www.bfmtv.com\/economie\/consommation\/burgers-et-kebabs-les-augmentations-de-prix-sont-deja-la-dans-la-restauration-rapide_AV-202204260014.html?utm_source=chatgpt.com\" target=\"_blank\" rel=\"noopener\">BFMTV<\/a>.<\/p>\n<p class=\" wall-content\">Suivez toute l\u2019actualit\u00e9 de vos villes et m\u00e9dias favoris en vous inscrivant \u00e0 <a href=\"https:\/\/moncompte.actu.fr\" title=\"D\u00e9couvez Mon Actu\" rel=\"nofollow noopener\" data-trk=\"{&quot;cta&quot;:{&quot;action&quot;:&quot;https:\\\/\\\/moncompte.actu.fr&quot;,&quot;category&quot;:&quot;mon compte&quot;,&quot;from&quot;:&quot;article footer&quot;,&quot;name&quot;:&quot;Mon actu&quot;,&quot;type&quot;:&quot;cta&quot;}}\" target=\"_blank\">Mon Actu<\/a>.<\/p>\n","protected":false},"excerpt":{"rendered":"Par Ivan CAPECCHI Publi\u00e9 le 16 mai 2025 \u00e0 16h46 Depuis septembre 2024, STO Kebab \u00e0 Strasbourg propose&hellip;\n","protected":false},"author":2,"featured_media":105444,"comment_status":"","ping_status":"","sticky":false,"template":"","format":"standard","meta":{"footnotes":""},"categories":[2820],"tags":[1111,11,258,1777,674,1011,27,775,1652,12,2922,25,1340,640],"class_list":{"0":"post-105443","1":"post","2":"type-post","3":"status-publish","4":"format-standard","5":"has-post-thumbnail","7":"category-strasbourg","8":"tag-actu","9":"tag-actualites","10":"tag-alimentation","11":"tag-eu","12":"tag-europe","13":"tag-fr","14":"tag-france","15":"tag-grand-est","16":"tag-loisirs-culture","17":"tag-news","18":"tag-pouvoir-dachat","19":"tag-republique-francaise","20":"tag-restaurant","21":"tag-strasbourg"},"share_on_mastodon":{"url":"https:\/\/pubeurope.com\/@fr\/114519776060184773","error":""},"_links":{"self":[{"href":"https:\/\/www.europesays.com\/fr\/wp-json\/wp\/v2\/posts\/105443","targetHints":{"allow":["GET"]}}],"collection":[{"href":"https:\/\/www.europesays.com\/fr\/wp-json\/wp\/v2\/posts"}],"about":[{"href":"https:\/\/www.europesays.com\/fr\/wp-json\/wp\/v2\/types\/post"}],"author":[{"embeddable":true,"href":"https:\/\/www.europesays.com\/fr\/wp-json\/wp\/v2\/users\/2"}],"replies":[{"embeddable":true,"href":"https:\/\/www.europesays.com\/fr\/wp-json\/wp\/v2\/comments?post=105443"}],"version-history":[{"count":0,"href":"https:\/\/www.europesays.com\/fr\/wp-json\/wp\/v2\/posts\/105443\/revisions"}],"wp:featuredmedia":[{"embeddable":true,"href":"https:\/\/www.europesays.com\/fr\/wp-json\/wp\/v2\/media\/105444"}],"wp:attachment":[{"href":"https:\/\/www.europesays.com\/fr\/wp-json\/wp\/v2\/media?parent=105443"}],"wp:term":[{"taxonomy":"category","embeddable":true,"href":"https:\/\/www.europesays.com\/fr\/wp-json\/wp\/v2\/categories?post=105443"},{"taxonomy":"post_tag","embeddable":true,"href":"https:\/\/www.europesays.com\/fr\/wp-json\/wp\/v2\/tags?post=105443"}],"curies":[{"name":"wp","href":"https:\/\/api.w.org\/{rel}","templated":true}]}}