{"id":1054497,"date":"2026-07-09T21:26:17","date_gmt":"2026-07-09T21:26:17","guid":{"rendered":"https:\/\/www.europesays.com\/fr\/1054497\/"},"modified":"2026-07-09T21:26:17","modified_gmt":"2026-07-09T21:26:17","slug":"des-faveurs-sexuelles-en-echange-dun-logement-hlm-le-senateur-francis-szpiner-mis-en-examen-pour-corruption-passive","status":"publish","type":"post","link":"https:\/\/www.europesays.com\/fr\/1054497\/","title":{"rendered":"Des faveurs sexuelles en \u00e9change d&rsquo;un logement HLM : le s\u00e9nateur Francis Szpiner mis en examen pour corruption passive"},"content":{"rendered":"<p class=\"article-p mdl\">Le s\u00e9nateur (LR) et avocat Francis Szpiner,<a class=\"link\" href=\"https:\/\/www.rtl.fr\/actu\/justice-faits-divers\/des-faveurs-sexuelles-en-echange-d-un-logement-social-l-avocat-francis-szpiner-vise-par-une-enquete-pour-corruption-7900495314\" title=\"Francis Szpiner vis\u00e9 par une enqu\u00eate pour corruption sur des faveurs sexuelles en \u00e9change d&#039;un logement HLM\" target=\"_blank\" rel=\"nofollow noopener\"> soup\u00e7onn\u00e9 d&rsquo;avoir attribu\u00e9, quand il \u00e9tait maire du 16e arrondissement, un logement social \u00e0 une femme en contrepartie de relations sexuelles<\/a>, a \u00e9t\u00e9 mis en examen pour corruption passive, a indiqu\u00e9 jeudi le parquet de Paris. \u00ab\u00a0Mon client conteste avec la plus grande fermet\u00e9 les faits qui lui sont reproch\u00e9s. Il s&rsquo;expliquera ult\u00e9rieurement devant le juge d&rsquo;instruction. Aucun contr\u00f4le judiciaire n&rsquo;a \u00e9t\u00e9 ordonn\u00e9\u00a0\u00bb, a r\u00e9agi son avocate, Me Caroline Toby, sollicit\u00e9e par l&rsquo;Agence France-Presse.<\/p>\n<p class=\"article-p mdl\">Le minist\u00e8re public a pr\u00e9cis\u00e9 \u00e0 l&rsquo;AFP que le s\u00e9nateur n&rsquo;avait \u00ab\u00a0pas \u00e9t\u00e9 plac\u00e9 sous contr\u00f4le judiciaire dans la mesure o\u00f9 la demande de lev\u00e9e d&rsquo;immunit\u00e9 n&rsquo;a pas \u00e9t\u00e9 trait\u00e9e dans les temps par le S\u00e9nat\u00a0\u00bb. Francis Szpiner avait \u00e9t\u00e9 plac\u00e9 en garde \u00e0 vue mardi, a-t-on pr\u00e9cis\u00e9 de m\u00eame source, confirmant une information du Parisien et de franceinfo.<\/p>\n<p class=\"article-p mdl\">Le parquet reproche, en substance, \u00e0 l&rsquo;avocat d&rsquo;avoir us\u00e9 de son mandat \u00e9lectif, \u00ab\u00a0en l&rsquo;esp\u00e8ce maire du 16? arrondissement de Paris\u00a0\u00bb, pour \u00ab\u00a0l&rsquo;attribution d&rsquo;un logement social en \u00e9change de relations sexuelles\u00a0\u00bb. Ce d\u00e9lit est passible d&rsquo;une peine de 10 ans d&#8217;emprisonnement et d&rsquo;un million d&rsquo;euros d&rsquo;amende.<\/p>\n<p>            \u00ab\u00a0La femme concern\u00e9e a \u00e9t\u00e9 mise en examen\u00a0\u00bb<\/p>\n<p class=\"article-p mdl\">Une information judiciaire avait \u00e9t\u00e9 ouverte en avril 2025 pour corruption active et passive, portant sur les conditions d&rsquo;attribution en 2023 d&rsquo;un logement social dans le 16e arrondissement \u00e0 une esth\u00e9ticienne de 26 ans, cette derni\u00e8re disant avoir eu, en contrepartie, des relations sexuelles avec Francis Szpiner.\u00a0<\/p>\n<p class=\"article-p mdl\">\u00ab\u00a0La femme concern\u00e9e a \u00e9t\u00e9 mise en examen le (jeudi) 9 juillet 2026 du chef de corruption active d&rsquo;un \u00e9lu\u00a0\u00bb, a ajout\u00e9 le parquet de Paris, pr\u00e9cisant qu&rsquo;elle avait \u00e9t\u00e9 \u00ab\u00a0plac\u00e9e sous contr\u00f4le judiciaire avec interdiction de contact avec Francis Szpiner\u00a0\u00bb. Son avocate, Me Marie Violleau, n&rsquo;a pas souhait\u00e9 commenter \u00ab\u00a0pour le moment\u00a0\u00bb.<\/p>\n<p class=\"article-p mdl\">Fin mai, le bureau du S\u00e9nat avait prononc\u00e9 la lev\u00e9e de l&rsquo;immunit\u00e9 parlementaire du s\u00e9nateur Les R\u00e9publicains de Paris, ouvrant la voie \u00e0 son placement en garde \u00e0 vue. La mairie du 16e arrondissement a notamment \u00e9t\u00e9 perquisitionn\u00e9e dans le cadre de cette enqu\u00eate, tout comme le domicile de l&rsquo;avocat, s\u00e9nateur depuis 2023.<\/p>\n<p>    La r\u00e9daction vous recommande<\/p>\n<p class=\"s-newsletter__title\">\n                L\u2019actualit\u00e9 par la r\u00e9daction de RTL dans votre bo\u00eete mail.\n            <\/p>\n<p class=\"s-newsletter__subtitle\">\n                Gr\u00e2ce \u00e0 votre compte RTL abonnez-vous \u00e0 la newsletter RTL info pour suivre toute l&rsquo;actualit\u00e9 au quotidien\n            <\/p>\n<p>\n                                    Lire la suite\n                                <\/p>\n<p class=\"article-google-preferred__title\">Ne laissez pas Google d\u00e9cider de vos sources.<\/p>\n<p>    <a href=\"https:\/\/www.google.com\/preferences\/source?q=https:\/\/www.rtl.fr\" target=\"_blank\" rel=\"noopener noreferrer nofollow\" class=\"article-google-preferred__btn at-class\" data-at-event=\"action\" data-at-category=\"actualite\" data-at-chapter1=\"pied_article\" data-at-chapter2=\"actu_justice_et_faits_divers\" data-at-click=\"favori_google\">Ajouter RTL comme source pr\u00e9f\u00e9r\u00e9e<\/a><\/p>\n","protected":false},"excerpt":{"rendered":"Le s\u00e9nateur (LR) et avocat Francis Szpiner, soup\u00e7onn\u00e9 d&rsquo;avoir attribu\u00e9, quand il \u00e9tait maire du 16e arrondissement, un&hellip;\n","protected":false},"author":2,"featured_media":1054498,"comment_status":"","ping_status":"","sticky":false,"template":"","format":"standard","meta":{"footnotes":"","_share_on_mastodon":"0"},"categories":[1888],"tags":[1111,1928,11,1927,1770,1777,674,107,1011,27,1908,12,1926,626,1925,25],"class_list":["post-1054497","post","type-post","status-publish","format-standard","has-post-thumbnail","category-paris","tag-actu","tag-actu-paris","tag-actualites","tag-actualites-paris","tag-corruption","tag-eu","tag-europe","tag-fil-info","tag-fr","tag-france","tag-logement","tag-news","tag-news-paris","tag-paris","tag-paris-news","tag-republique-francaise"],"share_on_mastodon":{"url":"https:\/\/pubeurope.com\/@fr\/116892138673105235","error":""},"_links":{"self":[{"href":"https:\/\/www.europesays.com\/fr\/wp-json\/wp\/v2\/posts\/1054497","targetHints":{"allow":["GET"]}}],"collection":[{"href":"https:\/\/www.europesays.com\/fr\/wp-json\/wp\/v2\/posts"}],"about":[{"href":"https:\/\/www.europesays.com\/fr\/wp-json\/wp\/v2\/types\/post"}],"author":[{"embeddable":true,"href":"https:\/\/www.europesays.com\/fr\/wp-json\/wp\/v2\/users\/2"}],"replies":[{"embeddable":true,"href":"https:\/\/www.europesays.com\/fr\/wp-json\/wp\/v2\/comments?post=1054497"}],"version-history":[{"count":0,"href":"https:\/\/www.europesays.com\/fr\/wp-json\/wp\/v2\/posts\/1054497\/revisions"}],"wp:featuredmedia":[{"embeddable":true,"href":"https:\/\/www.europesays.com\/fr\/wp-json\/wp\/v2\/media\/1054498"}],"wp:attachment":[{"href":"https:\/\/www.europesays.com\/fr\/wp-json\/wp\/v2\/media?parent=1054497"}],"wp:term":[{"taxonomy":"category","embeddable":true,"href":"https:\/\/www.europesays.com\/fr\/wp-json\/wp\/v2\/categories?post=1054497"},{"taxonomy":"post_tag","embeddable":true,"href":"https:\/\/www.europesays.com\/fr\/wp-json\/wp\/v2\/tags?post=1054497"}],"curies":[{"name":"wp","href":"https:\/\/api.w.org\/{rel}","templated":true}]}}