{"id":105451,"date":"2025-05-16T22:07:50","date_gmt":"2025-05-16T22:07:50","guid":{"rendered":"https:\/\/www.europesays.com\/fr\/105451\/"},"modified":"2025-05-16T22:07:50","modified_gmt":"2025-05-16T22:07:50","slug":"accident-pompiers-tribunal-a-nantes-350-eleves-face-aux-risques-de-la-route","status":"publish","type":"post","link":"https:\/\/www.europesays.com\/fr\/105451\/","title":{"rendered":"Accident, pompiers, tribunal\u2026 \u00c0 Nantes, 350 \u00e9l\u00e8ves face aux risques de la route"},"content":{"rendered":"<p>            Par<br \/>\n        <strong><br \/>\n            <a href=\"https:\/\/actu.fr\/auteur\/tristan-mahe-actu-fr\" title=\"Consulter tous les articles de Tristan Mah\u00e9\" rel=\"nofollow noopener\" target=\"_blank\">Tristan Mah\u00e9<\/a><br \/>\n        <\/strong><\/p>\n<p>        Publi\u00e9 le<\/p>\n<p>            16 mai 2025 \u00e0 11h48        <\/p>\n<p>Une Opel Corsa en mauvais \u00e9tat grille un stop et percute l\u2019arri\u00e8re d\u2019une trottinette \u00e9lectrique d\u00e9brid\u00e9e. Un bruit de <strong>crash<\/strong> retentit. Puis un cri. Et plus rien. Juste l\u2019automobiliste immobile, une t\u00e9moin, la conductrice de trottinette bless\u00e9e et sa passag\u00e8re gisant au sol, sans vie.<\/p>\n<p class=\" wall-content\">C\u2019est autour de cette quatri\u00e8me \u00e9dition de<strong> simulation d\u2019accident<\/strong> que 350\u00a0\u00e9l\u00e8ves se sont rassembl\u00e9s mercredi 14\u00a0mai 2025 dans la matin\u00e9e, \u00e0 la caserne de pompiers au boulevard Ren\u00e9-Cassin, dans le quartier de Nantes-Nord.<\/p>\n<p>    <a href=\"https:\/\/www.google.com\/maps\/embed?pb=!1m18!1m12!1m3!1d2707.629948465509!2d-1.584386924799445!3d47.26293897116031!2m3!1f0!2f0!3f0!3m2!1i1024!2i768!4f13.1!3m3!1m2!1s0x4805edea8da7edc1%3A0x7f95d2a283b052e!2s26%20Bd%20Ren%C3%A9%20Cassin%2C%2044300%20Nantes!5e0!3m2!1sfr!2sfr!4v1747312302044!5m2!1sfr!2sfr\" title=\"Ouvrie le lien\" rel=\"nofollow noopener\" target=\"_blank\">Cliquez ici pour visualiser le contenu<\/a><\/p>\n<p class=\" wall-content\">Le public \u00e9tait compos\u00e9 de classes des lyc\u00e9es Saint-Felix-La-Salle, Jean-Perrin (Rez\u00e9), Louis-Jacques-Goussier, La Joliverie, La Baugerie (Saint-S\u00e9bastien-sur-Loire), et du Greta de Saint-Herblain.<\/p>\n<p class=\" wall-content\">L\u2019op\u00e9ration est organis\u00e9e par un club nantais de l\u2019organisation <a href=\"https:\/\/www.rotary.org\/fr\" rel=\"nofollow noopener\" target=\"_blank\">Rotary International<\/a>, par les sapeurs-pompiers du <a href=\"https:\/\/www.sdis44.fr\/\" rel=\"nofollow noopener\" target=\"_blank\">SDIS 44<\/a>, et par la police nationale. L\u2019objectif\u2009? <strong>Sensibiliser les jeunes aux dangers de la route<\/strong>\u00a0et leur faire r\u00e9aliser chaque \u00e9tape d\u2019un accident.<\/p>\n<p>Vid\u00e9os : en ce moment sur ActuUn exercice grandeur nature\u2026<\/p>\n<p class=\" wall-content\">Au beau milieu de la cour encadr\u00e9e de rubalise, les pompiers commencent \u00e0 affluer des camions. Ils se dirigent en priorit\u00e9 vers les bless\u00e9s pour les secourir et les questionner. Les policiers ne se font pas attendre bien longtemps pour constater les d\u00e9g\u00e2ts, reconstituer la sc\u00e8ne et \u00e9viter un suraccident.<\/p>\n<p class=\" wall-content\">Au son de la voix de Patrick Lesage, membre du Rotary et conf\u00e9rencier, <strong>expliquant en temps r\u00e9el les op\u00e9rations<\/strong> des intervenants, les sapeurs-pompiers commencent \u00e0 <strong>scier le v\u00e9hicule<\/strong> pour en extraire la conductrice.<\/p>\n<p>    <img   decoding=\"async\" loading=\"lazy\" src=\"https:\/\/www.europesays.com\/fr\/wp-content\/uploads\/2025\/05\/decarceration-voiture-pompiers-accident-960x640.jpg\" alt=\"Les pompiers ont entrepris de d\u00e9couper la voiture pour en sortir la conductrice.\" width=\"960\" height=\"640\"\/><br \/>\n    Les pompiers ont entrepris de d\u00e9couper la voiture pour en sortir la conductrice. (\u00a9Tristan Mah\u00e9 \/actu Nantes)<\/p>\n<p class=\" wall-content\">Arrivent ensuite le m\u00e9decin urgentiste et le maire, avant que les victimes ne soient \u00e9vacu\u00e9es en s\u00e9curit\u00e9 sur un brancard. Le terrain est nettoy\u00e9 par les forces de l\u2019ordre. \u00ab\u2009Ce que vous voyez l\u00e0, <strong>c\u2019est la r\u00e9alit\u00e9 et \u00e7a arrive au quotidien<\/strong>\u2009\u00bb, rappelle Patrick Lesage.<\/p>\n<p class=\" wall-content\">Une fois l\u2019op\u00e9ration termin\u00e9e, une femme en fauteuil roulant s\u2019avance. Elle s\u2019appelle L\u00e9a, et prend la parole devant le groupe d\u2019\u00e9l\u00e8ves. Elle raconte son histoire, poignante, l\u2019accident de la route qu\u2019elle a subi deux ans auparavant \u00e0 cause d\u2019un jeune sous alcool et stup\u00e9fiants, et sans permis.<\/p>\n<p class=\" wall-content\">Elle raconte ses fractures ouvertes, qui l\u2019ont men\u00e9e tout droit en <strong>r\u00e9animation pendant deux semaines<\/strong>. Elle raconte ses six mois de r\u00e9\u00e9ducation et ses op\u00e9rations r\u00e9centes. \u00ab\u2009\u00c7a va me suivre toute ma vie. C\u2019est normal que vous vouliez faire vos exp\u00e9riences en \u00e9tant jeune, mais ne prenez pas le volant. <strong>Ne soyez pas \u00e9go\u00efstes et prenez soin de vous.<\/strong>\u2009\u00bb<\/p>\n<p>\u2026 et une audience de grande envergure<\/p>\n<p class=\" wall-content\">La troupe de spectateurs s\u2019installe ensuite dans la salle polyvalente adjacente \u00e0 la caserne. De ceux qui si\u00e8gent derri\u00e8re le <strong>tribunal<\/strong> de fortune, tous sont d\u2019actuels ou d\u2019anciens professionnels de justice et s\u2019occupent de l\u2019affaire mise en sc\u00e8ne quelques minutes plus t\u00f4t. Des <strong>experts de s\u00e9curit\u00e9 routi\u00e8re<\/strong> et d\u2019assurance sont \u00e9galement appel\u00e9s \u00e0 la barre.<\/p>\n<p class=\" wall-content\">Lors de la d\u00e9lib\u00e9ration, des sanctions exemplaires sont prononc\u00e9es par le tribunal. Apr\u00e8s une intervention des pompiers, les spectateurs applaudissent et quittent la salle.<\/p>\n<blockquote class=\"ac-article-quote wall-content\">\n<p>Je pense que \u00e7a marque bien les esprits. \u00c7a fait prendre conscience des cons\u00e9quences\u2009.<\/p>\n<p>    <strong> Patrick Lesage<\/strong><br \/>\n        Rotary    <\/p><\/blockquote>\n<p class=\" wall-content\">\u00ab\u2009Ce qui m\u2019a le plus marqu\u00e9 c\u2019est <strong>l\u2019attention port\u00e9e aux victimes<\/strong> par les secours et surtout la rapidit\u00e9 de l\u2019intervention\u2009\u00bb, explique Justine, lyc\u00e9enne pr\u00e9sente durant l\u2019\u00e9v\u00e9nement.<\/p>\n<p>    <img   decoding=\"async\" loading=\"lazy\" src=\"https:\/\/www.europesays.com\/fr\/wp-content\/uploads\/2025\/05\/simulation-tribunal-accident-lyceens-censored-960x640.jpg\" alt=\"Un tribunal correctionnel factice a jug\u00e9 les pr\u00e9venues.\" width=\"960\" height=\"640\"\/><br \/>\n    Un tribunal correctionnel factice a jug\u00e9 les pr\u00e9venues. (\u00a9Tristan Mah\u00e9 \/ actu Nantes)<\/p>\n<p class=\" wall-content\">Elle a \u00e9galement pu assister \u00e0 une audience de tribunal pour la premi\u00e8re fois. \u00ab\u2009J\u2019ai trouv\u00e9 la mise en situation int\u00e9ressante mais un peu longue sur la fin des trois heures.\u2009\u00bb<\/p>\n<p class=\" wall-content\">Les membres du Rotary sont unanimes\u2009: il faut continuer ce genre d\u2019exercices qui ne peuvent \u00eatre que b\u00e9n\u00e9fiques pour les jeunes concern\u00e9s. \u00ab\u2009Il en faudrait 30 par an, mais c\u2019est impossible\u2009\u00bb, d\u00e9plorent-ils.<\/p>\n<p class=\" wall-content\">Suivez toute l\u2019actualit\u00e9 de vos villes et m\u00e9dias favoris en vous inscrivant \u00e0 <a href=\"https:\/\/moncompte.actu.fr\" title=\"D\u00e9couvez Mon Actu\" rel=\"nofollow noopener\" data-trk=\"{&quot;cta&quot;:{&quot;action&quot;:&quot;https:\\\/\\\/moncompte.actu.fr&quot;,&quot;category&quot;:&quot;mon compte&quot;,&quot;from&quot;:&quot;article footer&quot;,&quot;name&quot;:&quot;Mon actu&quot;,&quot;type&quot;:&quot;cta&quot;}}\" target=\"_blank\">Mon Actu<\/a>.<\/p>\n","protected":false},"excerpt":{"rendered":"Par Tristan Mah\u00e9 Publi\u00e9 le 16 mai 2025 \u00e0 11h48 Une Opel Corsa en mauvais \u00e9tat grille un&hellip;\n","protected":false},"author":2,"featured_media":105452,"comment_status":"","ping_status":"","sticky":false,"template":"","format":"standard","meta":{"footnotes":""},"categories":[2818],"tags":[119,1111,11,1777,674,1011,27,766,12,2636,1072,1311,25,104],"class_list":{"0":"post-105451","1":"post","2":"type-post","3":"status-publish","4":"format-standard","5":"has-post-thumbnail","7":"category-nantes","8":"tag-accident","9":"tag-actu","10":"tag-actualites","11":"tag-eu","12":"tag-europe","13":"tag-fr","14":"tag-france","15":"tag-nantes","16":"tag-news","17":"tag-pays-de-la-loire","18":"tag-police","19":"tag-pompiers","20":"tag-republique-francaise","21":"tag-societe"},"share_on_mastodon":{"url":"https:\/\/pubeurope.com\/@fr\/114519795642925431","error":""},"_links":{"self":[{"href":"https:\/\/www.europesays.com\/fr\/wp-json\/wp\/v2\/posts\/105451","targetHints":{"allow":["GET"]}}],"collection":[{"href":"https:\/\/www.europesays.com\/fr\/wp-json\/wp\/v2\/posts"}],"about":[{"href":"https:\/\/www.europesays.com\/fr\/wp-json\/wp\/v2\/types\/post"}],"author":[{"embeddable":true,"href":"https:\/\/www.europesays.com\/fr\/wp-json\/wp\/v2\/users\/2"}],"replies":[{"embeddable":true,"href":"https:\/\/www.europesays.com\/fr\/wp-json\/wp\/v2\/comments?post=105451"}],"version-history":[{"count":0,"href":"https:\/\/www.europesays.com\/fr\/wp-json\/wp\/v2\/posts\/105451\/revisions"}],"wp:featuredmedia":[{"embeddable":true,"href":"https:\/\/www.europesays.com\/fr\/wp-json\/wp\/v2\/media\/105452"}],"wp:attachment":[{"href":"https:\/\/www.europesays.com\/fr\/wp-json\/wp\/v2\/media?parent=105451"}],"wp:term":[{"taxonomy":"category","embeddable":true,"href":"https:\/\/www.europesays.com\/fr\/wp-json\/wp\/v2\/categories?post=105451"},{"taxonomy":"post_tag","embeddable":true,"href":"https:\/\/www.europesays.com\/fr\/wp-json\/wp\/v2\/tags?post=105451"}],"curies":[{"name":"wp","href":"https:\/\/api.w.org\/{rel}","templated":true}]}}