{"id":1054632,"date":"2026-07-09T22:51:22","date_gmt":"2026-07-09T22:51:22","guid":{"rendered":"https:\/\/www.europesays.com\/fr\/1054632\/"},"modified":"2026-07-09T22:51:22","modified_gmt":"2026-07-09T22:51:22","slug":"fin-de-vie-comment-emmanuel-macron-a-impose-lacceleration-du-calendrier-parlementaire-de-la-loi","status":"publish","type":"post","link":"https:\/\/www.europesays.com\/fr\/1054632\/","title":{"rendered":"Fin de vie : comment Emmanuel Macron a impos\u00e9 l\u2019acc\u00e9l\u00e9ration du calendrier parlementaire de la loi"},"content":{"rendered":"<p>\n    <strong>INFO LE FIGARO &#8211;<\/strong> Au cours d\u2019une r\u00e9union secr\u00e8te \u00e0 l\u2019\u00c9lys\u00e9e, le pr\u00e9sident de la R\u00e9publique a tranch\u00e9, contre l\u2019avis de son premier ministre, S\u00e9bastien Lecornu, pour que le vote final de la proposition de loi l\u00e9galisant l\u2019euthanasie et le suicide assist\u00e9 se d\u00e9roule avant l\u2019\u00e9t\u00e9.<\/p>\n<p class=\"fig-paragraph\"><a href=\"http:\/\/www.lefigaro.fr\/actualite-france\/canicule-sebastien-lecornu-presidera-une-cellule-interministerielle-de-crise-vendredi-20260709\" data-fig-type=\"NewsFlash\" data-gtm-custom-categorie=\"navigation\" data-gtm-custom-action=\"crossclick\" data-gtm-custom-label=\"Contextuel\" data-gtm-event=\"customEventSPE\" data-fig-domain=\"LEFIGARO\" rel=\"nofollow noopener\" target=\"_blank\">S\u00e9bastien Lecornu<\/a>\u00a0ne montre aucun signe de mauvaise humeur. Pourtant, il sent bien qu\u2019il est en train de perdre un arbitrage important. Ce mercredi 6 mai 2026, \u00e0 l\u2019\u00c9lys\u00e9e, ils sont plusieurs ministres \u00e0 s\u2019\u00eatre retrouv\u00e9s autour du pr\u00e9sident de la R\u00e9publique,\u00a0<a href=\"http:\/\/www.lefigaro.fr\/international\/guerre-en-ukraine-emmanuel-macron-evoque-de-futurs-exercices-militaires-des-pays-de-la-coalition-des-volontaires-20260708\" data-fig-type=\"NewsFlash\" data-gtm-custom-categorie=\"navigation\" data-gtm-custom-action=\"crossclick\" data-gtm-custom-label=\"Contextuel\" data-gtm-event=\"customEventSPE\" data-fig-domain=\"LEFIGARO\" rel=\"nofollow noopener\" target=\"_blank\">Emmanuel Macron<\/a>. Il y a d\u2019abord le premier d\u2019entre eux, donc, mais \u00e9galement, G\u00e9rald Darmanin (Justice), St\u00e9phanie Rist (Sant\u00e9) et Laurent Panifous (Relations avec le Parlement). Depuis plusieurs minutes, les trois membres du gouvernement, leur patron et le chef de l\u2019\u00c9tat discutent de la suite de l\u2019examen de la proposition de loi sur l\u2019aide \u00e0 mourir, en discussion au Parlement depuis plus d\u2019un an d\u00e9j\u00e0. Les d\u00e9put\u00e9s, particuli\u00e8rement ceux des rangs de la gauche, ont largement \u00abmuscl\u00e9 le texte\u00bb, notamment sur le volet p\u00e9nal.<\/p>\n<p class=\"fig-paragraph\">Cette r\u00e9forme, qui pr\u00e9voit notamment de l\u00e9galiser l\u2019euthanasie et le suicide assist\u00e9, a vu plusieurs ajouts s\u2019op\u00e9rer au cours de la navette parlementaire. Notamment, la cr\u00e9ation d\u2019un d\u00e9lit d\u2019entrave, une infraction p\u00e9nale\u2026<\/p>\n<p class=\"fig-premium-paywall__infos\">\n        Cet article est r\u00e9serv\u00e9 aux abonn\u00e9s.        Il vous reste 80% \u00e0 d\u00e9couvrir.\n    <\/p>\n<p>                <img  data- alt=\"Le Figaro\" class=\"fig-img--complete fig-img\"\/><\/p>\n<p class=\"fig-premium-paywall__title\">Vous avez envie de lire la suite ?<\/p>\n<p class=\"fig-premium-paywall__subtitle\">D\u00e9bloquez tous les articles imm\u00e9diatement.<\/p>\n<p class=\"fig-premium-paywall__connect\">\n                D\u00e9j\u00e0 abonn\u00e9\u00a0?                <a class=\"fig-premium-paywall__connect-link\" href=\"https:\/\/connect.lefigaro.fr\/login?client=horizon_web&amp;type=main&amp;redirect_uri=https%3A%2F%2Fwww.lefigaro.fr%2Fpolitique%2Ffin-de-vie-comment-emmanuel-macron-a-impose-l-acceleration-du-calendrier-parlementaire-de-la-loi-20260709\" data-js-gtm=\"{&quot;event&quot;:&quot;customEventGA4&quot;,&quot;eventName&quot;:&quot;click_action&quot;,&quot;feature&quot;:&quot;paywall&quot;,&quot;location&quot;:&quot;paywall&quot;,&quot;button_action&quot;:&quot;connect&quot;,&quot;click_text&quot;:&quot;Connectez-vous&quot;}\" rel=\"nofollow noopener\" target=\"_blank\"><br \/>\n                    Connectez-vous<br \/>\n                <\/a>\n            <\/p>\n","protected":false},"excerpt":{"rendered":"INFO LE FIGARO &#8211; Au cours d\u2019une r\u00e9union secr\u00e8te \u00e0 l\u2019\u00c9lys\u00e9e, le pr\u00e9sident de la R\u00e9publique a tranch\u00e9,&hellip;\n","protected":false},"author":2,"featured_media":1054633,"comment_status":"","ping_status":"","sticky":false,"template":"","format":"standard","meta":{"footnotes":"","_share_on_mastodon":"0"},"categories":[2],"tags":[11,426,427,422,423,1011,27,418,424,425,420,421,12,419,316,429,25,428],"class_list":["post-1054632","post","type-post","status-publish","format-standard","has-post-thumbnail","category-actualites","tag-actualites","tag-candidat","tag-candidats","tag-depute","tag-deputes","tag-fr","tag-france","tag-gouvernement","tag-institution","tag-institutions","tag-loi","tag-lois","tag-news","tag-opposition","tag-politique","tag-ps","tag-republique-francaise","tag-ump"],"share_on_mastodon":{"url":"https:\/\/pubeurope.com\/@fr\/116892472939765209","error":""},"_links":{"self":[{"href":"https:\/\/www.europesays.com\/fr\/wp-json\/wp\/v2\/posts\/1054632","targetHints":{"allow":["GET"]}}],"collection":[{"href":"https:\/\/www.europesays.com\/fr\/wp-json\/wp\/v2\/posts"}],"about":[{"href":"https:\/\/www.europesays.com\/fr\/wp-json\/wp\/v2\/types\/post"}],"author":[{"embeddable":true,"href":"https:\/\/www.europesays.com\/fr\/wp-json\/wp\/v2\/users\/2"}],"replies":[{"embeddable":true,"href":"https:\/\/www.europesays.com\/fr\/wp-json\/wp\/v2\/comments?post=1054632"}],"version-history":[{"count":0,"href":"https:\/\/www.europesays.com\/fr\/wp-json\/wp\/v2\/posts\/1054632\/revisions"}],"wp:featuredmedia":[{"embeddable":true,"href":"https:\/\/www.europesays.com\/fr\/wp-json\/wp\/v2\/media\/1054633"}],"wp:attachment":[{"href":"https:\/\/www.europesays.com\/fr\/wp-json\/wp\/v2\/media?parent=1054632"}],"wp:term":[{"taxonomy":"category","embeddable":true,"href":"https:\/\/www.europesays.com\/fr\/wp-json\/wp\/v2\/categories?post=1054632"},{"taxonomy":"post_tag","embeddable":true,"href":"https:\/\/www.europesays.com\/fr\/wp-json\/wp\/v2\/tags?post=1054632"}],"curies":[{"name":"wp","href":"https:\/\/api.w.org\/{rel}","templated":true}]}}