{"id":105467,"date":"2025-05-16T22:15:14","date_gmt":"2025-05-16T22:15:14","guid":{"rendered":"https:\/\/www.europesays.com\/fr\/105467\/"},"modified":"2025-05-16T22:15:14","modified_gmt":"2025-05-16T22:15:14","slug":"a-leuropa-festival-ce-samedi-17-mai-a-marseille-il-sera-aussi-question-de-medias-et-de-reseaux-sociaux","status":"publish","type":"post","link":"https:\/\/www.europesays.com\/fr\/105467\/","title":{"rendered":"\u00c0 l&rsquo;Europa Festival, ce samedi 17 mai \u00e0 Marseille, il sera aussi question de m\u00e9dias et de r\u00e9seaux sociaux"},"content":{"rendered":"<p><a href=\"https:\/\/www.laprovence.com\/article\/culture-loisirs\/7869433209138714\/marseille-accueille-la-1ere-edition-de-leuropa-festival-un-grand-festival-gratuit-melant-tetes-daffiches-electro-et-animations-sur-leurope\" target=\"_blank\" rel=\"noopener\">L&rsquo;Europa Festival<\/a>, ce n&rsquo;est pas seulement de la musique, c&rsquo;est aussi un plateau de d\u00e9bats organis\u00e9s ce samedi 17 mai sur l&rsquo;esplanade du J4, \u00e0 <a href=\"https:\/\/www.laprovence.com\/region\/Edition-marseille\" target=\"_blank\" rel=\"noopener\">Marseille<\/a>\u00a0(2e), \u00e0 partir de 17\u00a0h\u00a030. Trois th\u00e8mes y seront abord\u00e9s : \u00ab\u00a0L&rsquo;Asso pr\u00e8s de chez toi\u00a0\u00bb \u00e0 17 h 30, \u00ab\u00a0D\u00e9sinformation : les vieux sont-ils plus manipul\u00e9s que les jeunes ?\u00a0\u00bb \u00e0 18 h 30 et \u00ab\u00a0Les r\u00e9seaux sociaux nous rendent-ils fous ?\u00a0\u00bb, \u00e0 19 h\u00a045.<\/p>\n<p>Les rencontres seront anim\u00e9es par Jean Massiet, le cr\u00e9ateur du talk-show politique sur Twitch Backseat, qui invitera experts et personnalit\u00e9s \u00e0 \u00e9changer avec le public sur les grands d\u00e9fis du moment. La table-ronde \u00ab\u00a0D\u00e9sinformation : les vieux sont-ils plus manipul\u00e9s que les jeunes ?\u00a0\u00bb rassemblera Serge Barbet, directeur du Clemi (Centre de liaison de l&rsquo;enseignement et des m\u00e9dias d&rsquo;information), Aude Favre, journaliste mobilis\u00e9e contre les fake news et pr\u00e9sidente de l&rsquo;association Fake Off, Olivier Biscaye, directeur de la r\u00e9daction de La Provence, partenaire de l&rsquo;Europa Festival, et Marina Mesure, d\u00e9put\u00e9e europ\u00e9enne.<\/p>\n","protected":false},"excerpt":{"rendered":"L&rsquo;Europa Festival, ce n&rsquo;est pas seulement de la musique, c&rsquo;est aussi un plateau de d\u00e9bats organis\u00e9s ce samedi&hellip;\n","protected":false},"author":2,"featured_media":105468,"comment_status":"","ping_status":"","sticky":false,"template":"","format":"standard","meta":{"footnotes":""},"categories":[2814],"tags":[17,1111,11,3475,1777,674,849,1011,27,22239,2565,884,12,882,16,25,3982,6690],"class_list":{"0":"post-105467","1":"post","2":"type-post","3":"status-publish","4":"format-standard","5":"has-post-thumbnail","7":"category-marseille","8":"tag-17","9":"tag-actu","10":"tag-actualites","11":"tag-aussi","12":"tag-eu","13":"tag-europe","14":"tag-festival","15":"tag-fr","16":"tag-france","17":"tag-leuropa","18":"tag-mai","19":"tag-marseille","20":"tag-news","21":"tag-provence-alpes-cote-dazur","22":"tag-region","23":"tag-republique-francaise","24":"tag-samedi","25":"tag-sera"},"share_on_mastodon":{"url":"https:\/\/pubeurope.com\/@fr\/114519823143798691","error":""},"_links":{"self":[{"href":"https:\/\/www.europesays.com\/fr\/wp-json\/wp\/v2\/posts\/105467","targetHints":{"allow":["GET"]}}],"collection":[{"href":"https:\/\/www.europesays.com\/fr\/wp-json\/wp\/v2\/posts"}],"about":[{"href":"https:\/\/www.europesays.com\/fr\/wp-json\/wp\/v2\/types\/post"}],"author":[{"embeddable":true,"href":"https:\/\/www.europesays.com\/fr\/wp-json\/wp\/v2\/users\/2"}],"replies":[{"embeddable":true,"href":"https:\/\/www.europesays.com\/fr\/wp-json\/wp\/v2\/comments?post=105467"}],"version-history":[{"count":0,"href":"https:\/\/www.europesays.com\/fr\/wp-json\/wp\/v2\/posts\/105467\/revisions"}],"wp:featuredmedia":[{"embeddable":true,"href":"https:\/\/www.europesays.com\/fr\/wp-json\/wp\/v2\/media\/105468"}],"wp:attachment":[{"href":"https:\/\/www.europesays.com\/fr\/wp-json\/wp\/v2\/media?parent=105467"}],"wp:term":[{"taxonomy":"category","embeddable":true,"href":"https:\/\/www.europesays.com\/fr\/wp-json\/wp\/v2\/categories?post=105467"},{"taxonomy":"post_tag","embeddable":true,"href":"https:\/\/www.europesays.com\/fr\/wp-json\/wp\/v2\/tags?post=105467"}],"curies":[{"name":"wp","href":"https:\/\/api.w.org\/{rel}","templated":true}]}}