{"id":105469,"date":"2025-05-16T22:16:11","date_gmt":"2025-05-16T22:16:11","guid":{"rendered":"https:\/\/www.europesays.com\/fr\/105469\/"},"modified":"2025-05-16T22:16:11","modified_gmt":"2025-05-16T22:16:11","slug":"a-marseille-une-statue-de-bernard-tapie-devoilee-sur-le-parvis-du-stade-velodrome-2","status":"publish","type":"post","link":"https:\/\/www.europesays.com\/fr\/105469\/","title":{"rendered":"\u00c0 Marseille, une statue de Bernard Tapie d\u00e9voil\u00e9e sur le parvis du stade V\u00e9lodrome"},"content":{"rendered":"<p>        <img decoding=\"async\" loading=\"lazy\" src=\"https:\/\/www.europesays.com\/fr\/wp-content\/uploads\/2025\/05\/0e81206_sirius-fs-upload-1-5aoxddljpuig-1747416933163-000-9pc74y.jpg\"  width=\"728\" height=\"409\" alt=\"Un drapeau \u00e0 l\u2019effigie de Bernard Tapie, avant une messe c\u00e9l\u00e9br\u00e9e pour ses fun\u00e9railles \u00e0 Marseille, le 8\u00a0octobre 2021.\"\/>  <\/p>\n<p>CLEMENT MAHOUDEAU \/ AFP<\/p>\n<p>Un drapeau \u00e0 l\u2019effigie de Bernard Tapie, avant une messe c\u00e9l\u00e9br\u00e9e pour ses fun\u00e9railles \u00e0 Marseille, le 8\u00a0octobre 2021.<\/p>\n<p class=\"asset asset-text\">MARSEILLE &#8211; Alors que l\u2019Olympique de Marseille affronte Rennes ce samedi 17\u00a0mai au stade V\u00e9lodrome, pour la derni\u00e8re journ\u00e9e de <a href=\"https:\/\/www.huffingtonpost.fr\/sport\/article\/mostafa-mohamed-sanctionne-par-le-fc-nantes-pour-son-refus-de-jouer-pour-la-journee-contre-l-homophobie_250089.html\" rel=\"nofollow noopener\" target=\"_blank\">Ligue 1<\/a>, les supporters pourront d\u00e9sormais croiser une statue de <a href=\"https:\/\/www.huffingtonpost.fr\/actualites\/video\/les-5-vies-de-bernard-tapie-le-touche-a-tout-infatigable-emporte-par-le-cancer_187035.html\" rel=\"nofollow noopener\" target=\"_blank\">Bernard Tapie<\/a>.<\/p>\n<p class=\"asset asset-text\">Celle-ci a en effet \u00e9t\u00e9 inaugur\u00e9e ce vendredi en fin d\u2019apr\u00e8s-midi, sur l\u2019une des esplanades donnant acc\u00e8s \u00e0 l\u2019enceinte marseillaise. Sur <a href=\"https:\/\/www.lequipe.fr\/Football\/Actualites\/Prix-conception-symboles-tous-les-details-de-la-nouvelle-statue-de-bernard-tapie-au-stade-velodrome\/1562200\" target=\"_blank\" rel=\"noopener nofollow\" title=\"Nouvelle fen\u00eatre\">cette \u0153uvre en bronze imposante de 4\u00a0m\u00e8tres de hauteur et 2,5\u00a0de longueur<\/a>, r\u00e9alis\u00e9e par le sculpteur Jo\u00ebl Vergne, n\u2019y figure pas seulement l\u2019ancien patron de l\u2019OM, <a href=\"https:\/\/www.huffingtonpost.fr\/actualites\/video\/bernard-tapie-est-mort-a-l-age-de-78-ans_187262.html\" target=\"_blank\" rel=\"noopener nofollow\" title=\"Nouvelle fen\u00eatre\">d\u00e9c\u00e9d\u00e9 en 2021\u00a0\u00e0 78\u00a0ans<\/a>.<\/p>\n<p class=\"asset asset-text\">Intitul\u00e9e A jamais les premiers, l\u2019\u0153uvre repr\u00e9sente en effet Bernard Tapie port\u00e9 en triomphe par ses joueurs \u00c9ric Di M\u00e9co, Basile Boli, Didier Deschamps, Franck Sauz\u00e9e, Marcel Desailly et Fabien Barthez et brandissant le troph\u00e9e de la Ligue des champions remport\u00e9 en 1993.<\/p>\n<p> La lecture de ce contenu est susceptible d\u2019entra\u00eener un d\u00e9p\u00f4t de cookies de la part de l\u2019op\u00e9rateur tiers qui l\u2019h\u00e9berge. Compte-tenu des choix que vous avez exprim\u00e9s en mati\u00e8re de d\u00e9p\u00f4t de cookies, nous avons bloqu\u00e9 l\u2019affichage de ce contenu. Si vous souhaitez y acc\u00e9der, vous devez accepter la cat\u00e9gorie de cookies \u201cContenus tiers\u201d en cliquant sur le bouton ci-dessous. <\/p>\n<p> Lire la Vid\u00e9o           <\/p>\n<p> La lecture de ce contenu est susceptible d\u2019entra\u00eener un d\u00e9p\u00f4t de cookies de la part de l\u2019op\u00e9rateur tiers qui l\u2019h\u00e9berge. Compte-tenu des choix que vous avez exprim\u00e9s en mati\u00e8re de d\u00e9p\u00f4t de cookies, nous avons bloqu\u00e9 l\u2019affichage de ce contenu. Si vous souhaitez y acc\u00e9der, vous devez accepter la cat\u00e9gorie de cookies \u201cContenus tiers\u201d en cliquant sur le bouton ci-dessous. <\/p>\n<p> Lire la Vid\u00e9o        Une initiative du fils cadet de Bernard Tapie    <\/p>\n<p class=\"asset asset-text\">C\u2019est le fils cadet de Bernard Tapie qui a eu l\u2019id\u00e9e de cette statue, Laurent Tapie, quelques semaines apr\u00e8s le d\u00e9c\u00e8s de son p\u00e8re. C\u2019est \u00ab\u00a0l\u2019aboutissement de deux ans d\u2019efforts pour r\u00e9unir les fonds. Beaucoup de gens ont particip\u00e9\u00a0: des entreprises et des particuliers\u00a0\u00bb, <a href=\"https:\/\/www.francebleu.fr\/sports\/football\/laurent-tapie-la-statue-de-mon-pere-devant-le-velodrome-un-hommage-a-la-hauteur-de-ce-qu-il-a-fait-a-marseille-6492021\" target=\"_blank\" rel=\"noopener nofollow\" title=\"Nouvelle fen\u00eatre\">a-t-il comment\u00e9 aupr\u00e8s de la radio ICI Provence<\/a>. Au total, les dons ont atteint 270\u00a0000\u00a0euros. Les 1\u00a0000 premiers donateurs, ainsi que les 1\u00a0000 plus gros voient aujourd\u2019hui leur nom grav\u00e9 sur le socle en marbre de la statue.<\/p>\n<p class=\"asset asset-text\">\u00ab\u00a0Quand je suis venu pour les c\u00e9l\u00e9brations des 30\u00a0ans de la Ligue des Champions, j\u2019ai demand\u00e9 si une initiative quelconque \u00e9tait pr\u00e9vue pour honorer la m\u00e9moire de mon p\u00e8re et j\u2019ai vu qu\u2019il n\u2019y avait rien de concret. Donc j\u2019ai lanc\u00e9 ce projet de monument qui est un hommage, non seulement \u00e0 mon p\u00e8re, mais aussi \u00e0 cette victoire\u00a0\u00bb, a aussi expliqu\u00e9 Laurent Tapie ce vendredi \u00e0 l\u2019AFP. \u00ab\u00a0La souscription (pour les dons) reste ouverte et le reliquat ira \u00e0 l\u2019association Neuf de Coeur de Jean-Pierre Papin\u00a0\u00bb, a-t-il ajout\u00e9.<\/p>\n<p class=\"asset asset-text\">\u00ab\u00a0C\u2019est assez \u00e9mouvant d\u2019avoir une statue devant le stade entour\u00e9 de ces joueurs\u00a0\u00bb, <a href=\"https:\/\/rmcsport.bfmtv.com\/football\/clubs\/olympique-marseille\/une-trace-pour-l-eternite-l-emotion-du-peuple-marseillais-avant-l-inauguration-de-la-statue-de-bernard-tapie-devant-le-velodrome_AV-202505160285.html\" target=\"_blank\" rel=\"noopener nofollow\" title=\"Nouvelle fen\u00eatre\">a r\u00e9agi sur RMC Sport \u00c9ric Di Meco<\/a>, qui figure donc parmi les joueurs marseillais repr\u00e9sent\u00e9s. \u00ab\u00a0Je pense que \u00e7a lui aurait davantage plu qu\u2019une tribune, un stade ou une rue \u00e0 son nom.\u00a0\u00bb<\/p>\n<p class=\"asset asset-text\"><strong>\u00c0 voir \u00e9galement sur Le HuffPost\u00a0:<\/strong><\/p>\n<p> La lecture de ce contenu est susceptible d\u2019entra\u00eener un d\u00e9p\u00f4t de cookies de la part de l\u2019op\u00e9rateur tiers qui l\u2019h\u00e9berge. Compte-tenu des choix que vous avez exprim\u00e9s en mati\u00e8re de d\u00e9p\u00f4t de cookies, nous avons bloqu\u00e9 l\u2019affichage de ce contenu. Si vous souhaitez y acc\u00e9der, vous devez accepter la cat\u00e9gorie de cookies \u201cContenus tiers\u201d en cliquant sur le bouton ci-dessous. <\/p>\n<p> Lire la Vid\u00e9o                <\/p>\n","protected":false},"excerpt":{"rendered":"CLEMENT MAHOUDEAU \/ AFP Un drapeau \u00e0 l\u2019effigie de Bernard Tapie, avant une messe c\u00e9l\u00e9br\u00e9e pour ses fun\u00e9railles&hellip;\n","protected":false},"author":2,"featured_media":105470,"comment_status":"","ping_status":"","sticky":false,"template":"","format":"standard","meta":{"footnotes":""},"categories":[2814],"tags":[1111,11,1191,1777,674,63,1011,27,884,12,882,25,517,11600],"class_list":{"0":"post-105469","1":"post","2":"type-post","3":"status-publish","4":"format-standard","5":"has-post-thumbnail","7":"category-marseille","8":"tag-actu","9":"tag-actualites","10":"tag-bernard-tapie","11":"tag-eu","12":"tag-europe","13":"tag-football","14":"tag-fr","15":"tag-france","16":"tag-marseille","17":"tag-news","18":"tag-provence-alpes-cote-dazur","19":"tag-republique-francaise","20":"tag-sport","21":"tag-statue"},"share_on_mastodon":{"url":"https:\/\/pubeurope.com\/@fr\/114519827149761462","error":""},"_links":{"self":[{"href":"https:\/\/www.europesays.com\/fr\/wp-json\/wp\/v2\/posts\/105469","targetHints":{"allow":["GET"]}}],"collection":[{"href":"https:\/\/www.europesays.com\/fr\/wp-json\/wp\/v2\/posts"}],"about":[{"href":"https:\/\/www.europesays.com\/fr\/wp-json\/wp\/v2\/types\/post"}],"author":[{"embeddable":true,"href":"https:\/\/www.europesays.com\/fr\/wp-json\/wp\/v2\/users\/2"}],"replies":[{"embeddable":true,"href":"https:\/\/www.europesays.com\/fr\/wp-json\/wp\/v2\/comments?post=105469"}],"version-history":[{"count":0,"href":"https:\/\/www.europesays.com\/fr\/wp-json\/wp\/v2\/posts\/105469\/revisions"}],"wp:featuredmedia":[{"embeddable":true,"href":"https:\/\/www.europesays.com\/fr\/wp-json\/wp\/v2\/media\/105470"}],"wp:attachment":[{"href":"https:\/\/www.europesays.com\/fr\/wp-json\/wp\/v2\/media?parent=105469"}],"wp:term":[{"taxonomy":"category","embeddable":true,"href":"https:\/\/www.europesays.com\/fr\/wp-json\/wp\/v2\/categories?post=105469"},{"taxonomy":"post_tag","embeddable":true,"href":"https:\/\/www.europesays.com\/fr\/wp-json\/wp\/v2\/tags?post=105469"}],"curies":[{"name":"wp","href":"https:\/\/api.w.org\/{rel}","templated":true}]}}