{"id":105471,"date":"2025-05-16T22:17:13","date_gmt":"2025-05-16T22:17:13","guid":{"rendered":"https:\/\/www.europesays.com\/fr\/105471\/"},"modified":"2025-05-16T22:17:13","modified_gmt":"2025-05-16T22:17:13","slug":"lyon-motards-en-colere-gueux-et-defenseurs-de-lyon-appellent-a-manifester-ce-samedi-contre-la-zfe","status":"publish","type":"post","link":"https:\/\/www.europesays.com\/fr\/105471\/","title":{"rendered":"Lyon. Motards en col\u00e8re, \u00ab\u00a0gueux\u00a0\u00bb et D\u00e9fenseurs de Lyon appellent \u00e0 manifester ce samedi contre la ZFE"},"content":{"rendered":"<p>En association avec le collectif de l\u2019\u00e9crivain Alexandre Jardin \u00ab\u00a0Les #Gueux\u00a0\u00bb, les D\u00e9fenseurs de Lyon et du Grand Lyon et la Ligue de d\u00e9fense des conducteurs (LDC), la F\u00e9d\u00e9ration fran\u00e7aise des motards en col\u00e8re (FFMC) appelle une nouvelle fois \u00e0 \u00ab\u00a0une mobilisation nationale des motards et de tous les usagers de la route contre les Zones \u00e0 faibles \u00e9missions\u00a0\u00bb (ZFE). Rendez-vous donn\u00e9 ce samedi 17 mai 2025, \u00e0 14 heures place Bellecour \u00e0 Lyon (2e). Un <a href=\"https:\/\/www.leprogres.fr\/faits-divers-justice\/2025\/04\/06\/ces-motards-en-colere-grognent-contre-la-zone-a-faibles-emissions-moi-je-ne-viens-plus-a-lyon\" target=\"_blank\" rel=\"nofollow noopener\">pr\u00e9c\u00e9dent rassemblement s\u2019\u00e9tait tenu dimanche 6\u00a0avril 2025<\/a> , devant l\u2019H\u00f4tel de M\u00e9tropole dans le quartier de la Part-Dieu \u00e0 Lyon (3e), o\u00f9 l\u2019on notait la pr\u00e9sence d\u2019habitants de plusieurs communes de l\u2019agglom\u00e9ration.\u00a0<\/p>\n<p>  \u00ab C\u2019est la confusion g\u00e9n\u00e9rale \u00bb<\/p>\n<p>Dans un communiqu\u00e9, les motards en col\u00e8re du Rh\u00f4ne exposent que \u00ab\u00a0depuis le 1er\u00a0janvier 2025, 25 m\u00e9tropoles fran\u00e7aises sont soumises \u00e0 des ZFE, toutes diff\u00e9rentes les unes des autres, emp\u00eachant leur acc\u00e8s \u00e0 plus de 12\u00a0millions de Fran\u00e7ais propri\u00e9taires d\u2019un v\u00e9hicule class\u00e9 Crit\u2019Air 3 ou plus\u00a0\u00bb. \u00ab\u00a0Avec des r\u00e8gles et des calendriers diff\u00e9rents selon les villes, c\u2019est la confusion g\u00e9n\u00e9rale. Les citoyens ne savent plus o\u00f9 ils peuvent circuler, ce qui complique leurs d\u00e9placements et g\u00e9n\u00e8re un sentiment d\u2019arbitraire\u00a0\u00bb ajoute la FFMC 69. <\/p>\n<p>M\u00eame si \u00ab\u00a0chacun est conscient des enjeux \u00e9cologiques et de sant\u00e9 publique, cette mesure reste antisociale car elle fait porter de fa\u00e7on injuste la responsabilit\u00e9 de la pollution sur les plus d\u00e9favoris\u00e9s\u00a0\u00bb poursuivent-ils, alertant sur une limite \u00ab\u00a0d\u2019acc\u00e8s \u00e0 l\u2019emploi, aux services et aux loisirs, faute de solutions alternatives et d\u2019acc\u00e8s aux transports en commun\u00a0\u00bb pour tous ceux qui n\u2019ont pas les moyens d\u2019acqu\u00e9rir un v\u00e9hicule autoris\u00e9. En r\u00e9sum\u00e9\u00a0: \u00ab\u00a0une politique publique aux d\u00e9pens d\u2019une grande partie de la population\u00a0\u00bb.<\/p>\n<p> \u00ab\u00a0Les professionnels qui d\u00e9pendent de leur v\u00e9hicule pour travailler (artisans, commer\u00e7ants, livreurs\u2026) sont \u00e9galement p\u00e9nalis\u00e9s\u00a0\u00bb, estiment-ils en pointant <a href=\"https:\/\/www.leprogres.fr\/economie\/2024\/09\/18\/etre-dans-les-regles-c-est-me-tirer-une-balle-dans-le-pied-cet-artisan-denonce-les-consequences-de-la-zfe\" target=\"_blank\" rel=\"nofollow noopener\"> le remplacement des v\u00e9hicules ou les amendes qui \u00ab\u00a0fragilisent leur activit\u00e9<\/a> \u00a0\u00bb.<\/p>\n","protected":false},"excerpt":{"rendered":"En association avec le collectif de l\u2019\u00e9crivain Alexandre Jardin \u00ab\u00a0Les #Gueux\u00a0\u00bb, les D\u00e9fenseurs de Lyon et du Grand&hellip;\n","protected":false},"author":2,"featured_media":105472,"comment_status":"","ping_status":"","sticky":false,"template":"","format":"standard","meta":{"footnotes":""},"categories":[1889],"tags":[1111,11,2430,2757,1777,674,274,107,1011,27,2428,2756,12,25,2429,104],"class_list":{"0":"post-105471","1":"post","2":"type-post","3":"status-publish","4":"format-standard","5":"has-post-thumbnail","7":"category-lyon","8":"tag-actu","9":"tag-actualites","10":"tag-auvergne-rhone-alpes","11":"tag-edition-lyon-villeurbanne","12":"tag-eu","13":"tag-europe","14":"tag-faits-divers-justice","15":"tag-fil-info","16":"tag-fr","17":"tag-france","18":"tag-lyon","19":"tag-lyon-bassin","20":"tag-news","21":"tag-republique-francaise","22":"tag-rhone","23":"tag-societe"},"share_on_mastodon":{"url":"https:\/\/pubeurope.com\/@fr\/114519830879343924","error":""},"_links":{"self":[{"href":"https:\/\/www.europesays.com\/fr\/wp-json\/wp\/v2\/posts\/105471","targetHints":{"allow":["GET"]}}],"collection":[{"href":"https:\/\/www.europesays.com\/fr\/wp-json\/wp\/v2\/posts"}],"about":[{"href":"https:\/\/www.europesays.com\/fr\/wp-json\/wp\/v2\/types\/post"}],"author":[{"embeddable":true,"href":"https:\/\/www.europesays.com\/fr\/wp-json\/wp\/v2\/users\/2"}],"replies":[{"embeddable":true,"href":"https:\/\/www.europesays.com\/fr\/wp-json\/wp\/v2\/comments?post=105471"}],"version-history":[{"count":0,"href":"https:\/\/www.europesays.com\/fr\/wp-json\/wp\/v2\/posts\/105471\/revisions"}],"wp:featuredmedia":[{"embeddable":true,"href":"https:\/\/www.europesays.com\/fr\/wp-json\/wp\/v2\/media\/105472"}],"wp:attachment":[{"href":"https:\/\/www.europesays.com\/fr\/wp-json\/wp\/v2\/media?parent=105471"}],"wp:term":[{"taxonomy":"category","embeddable":true,"href":"https:\/\/www.europesays.com\/fr\/wp-json\/wp\/v2\/categories?post=105471"},{"taxonomy":"post_tag","embeddable":true,"href":"https:\/\/www.europesays.com\/fr\/wp-json\/wp\/v2\/tags?post=105471"}],"curies":[{"name":"wp","href":"https:\/\/api.w.org\/{rel}","templated":true}]}}