{"id":1054743,"date":"2026-07-10T00:02:16","date_gmt":"2026-07-10T00:02:16","guid":{"rendered":"https:\/\/www.europesays.com\/fr\/1054743\/"},"modified":"2026-07-10T00:02:16","modified_gmt":"2026-07-10T00:02:16","slug":"la-technologie-a-lorigine-dune-recrudescence-des-attaques-au-royaume-uni","status":"publish","type":"post","link":"https:\/\/www.europesays.com\/fr\/1054743\/","title":{"rendered":"La technologie \u00e0 l&rsquo;origine d&rsquo;une recrudescence des attaques au Royaume-Uni"},"content":{"rendered":"<p>La technologie et les plateformes en ligne sont de plus en plus utilis\u00e9es pour menacer le Royaume-Uni, notamment par des pays hostiles, des extr\u00e9mistes et des groupes d\u2019extr\u00eame droite, ont indiqu\u00e9 jeudi de hauts responsables de la police britannique. <\/p>\n<p>Il s\u2019agit d\u2019une \u00ablutte permanente\u00bb contre les menaces en ligne, a mentionn\u00e9 Vicki Evans, coordinatrice nationale en chef charg\u00e9e de la lutte contre le terrorisme au sein de la police m\u00e9tropolitaine, ajoutant que la police avait besoin de l\u2019aide des entreprises technologiques, car \u00abce n\u2019est pas quelque chose que nous pouvons faire seuls\u00bb. <\/p>\n<p>L\u2019extr\u00e9misme islamiste reste la principale menace, mais, au cours des cinq derni\u00e8res ann\u00e9es, les menaces \u00e9manant de groupes d\u2019extr\u00eame droite et d\u2019\u00c9tats hostiles se sont consid\u00e9rablement accrues, selon Laurence Taylor, responsable de la police antiterroriste. <\/p>\n<p>D\u2019apr\u00e8s Mme\u00a0Evans, la menace \u00e9manant d\u2019\u00c9tats hostiles constitue la \u00abmission qui conna\u00eet l\u2019escalade la plus rapide\u00bb pour la police antiterroriste. <\/p>\n<p>Ce mois-ci, deux Roumains ont \u00e9t\u00e9 incarc\u00e9r\u00e9s pour avoir poignard\u00e9 un journaliste d\u2019une cha\u00eene de t\u00e9l\u00e9vision en langue persane, un acte qui, selon le juge, avait \u00e9t\u00e9 commis pour le compte du gouvernement iranien. <\/p>\n<p>En juin, un Ukrainien et un Roumain ont \u00e9t\u00e9 incarc\u00e9r\u00e9s pour leur r\u00f4le dans l\u2019incendie de biens li\u00e9s au premier ministre britannique Keir Starmer, un complot qui correspond \u00e0 la description d\u2019un acte de sabotage soutenu par l\u2019\u00c9tat russe. <\/p>\n<p>Et en mai, un agent des services frontaliers britanniques et un ancien policier de Hong Kong ont \u00e9t\u00e9 condamn\u00e9s pour espionnage au profit de la Chine.<\/p>\n<p>Mme\u00a0Evans a expliqu\u00e9 qu\u2019en 2025, on avait recens\u00e9 plus de 20\u00a0complots soutenus par l\u2019Iran, notamment des assassinats, des enl\u00e8vements et d\u2019autres crimes graves contre le Royaume-Uni. <\/p>\n<p>Par ailleurs, la police enqu\u00eate toujours pour d\u00e9terminer si les incendies criminels perp\u00e9tr\u00e9s contre des sites juifs au d\u00e9but de l\u2019ann\u00e9e ont un lien avec l\u2019Iran. <\/p>\n<p>La Russie organise un \u00abflux constant de complots de surveillance\u00bb contre des personnes et des institutions au Royaume-Uni, visant \u00e0 cibler des personnes que les responsables russes consid\u00e8rent comme des ennemis, \u00e0 \u00abs\u2019infiltrer\u00bb dans la vie quotidienne et \u00e0 identifier des personnes qui \u00abcolporteront\u00bb les discours russes ou m\u00e8neront des actions par procuration pour le compte de l\u2019\u00c9tat russe, a-t-elle ajout\u00e9. <\/p>\n<p>Partout en Europe, la Russie a recrut\u00e9 des dizaines de personnes via des applications, telles que Telegram, pour commettre des actes de vandalisme ou allumer des incendies, notamment dans un entrep\u00f4t londonien o\u00f9 \u00e9taient stock\u00e9s des \u00e9quipements de communication destin\u00e9s \u00e0 l\u2019Ukraine. <\/p>\n<p>Dylan Earl, le meneur de ce complot, a \u00e9t\u00e9 recrut\u00e9 sur Telegram par le groupe Wagner, une organisation mercenaire agissant pour le compte de Moscou qui a \u00e9t\u00e9 d\u00e9sign\u00e9e comme groupe terroriste par le gouvernement britannique. <\/p>\n<p>Mme\u00a0Evans a \u00e9galement indiqu\u00e9 que des adolescents \u00e2g\u00e9s d\u2019\u00e0 peine 15\u00a0ans avaient \u00e9t\u00e9 arr\u00eat\u00e9s par la police dans le cadre de complots par interm\u00e9diaire. <\/p>\n<p>Le d\u00e9fi pour les forces de l\u2019ordre, a-t-elle ajout\u00e9, r\u00e9side dans le fait que \u00abn\u2019importe qui peut \u00eatre pris pour cible\u00bb, en particulier en ligne. <\/p>\n<p>M.\u00a0Taylor a indiqu\u00e9 que le niveau de menace au Royaume-Uni avait \u00e9t\u00e9 relev\u00e9 en avril, passant de \u00absubstantiel\u00bb \u00e0 \u00abgrave\u00bb, en partie parce que les affaires li\u00e9es aux id\u00e9ologies d\u2019extr\u00eame droite \u00abaugmentent consid\u00e9rablement\u00bb. <\/p>\n<p>La police a constat\u00e9 une augmentation des contenus \u00abodieux\u00bb, en particulier en ligne, qui cr\u00e9ent un \u00abcocktail de racisme, de misogynie et d\u2019homophobie extr\u00eame\u00bb, a-t-il d\u00e9clar\u00e9. <\/p>\n<p>Les opinions extr\u00eames, a-t-il ajout\u00e9, semblent \u00eatre de moins en moins remises en cause, ce qui a cr\u00e9\u00e9 un contexte o\u00f9 des opinions auparavant inacceptables sont d\u00e9sormais plus r\u00e9pandues.<\/p>\n<p>\u00c0 titre d\u2019exemple, il a cit\u00e9 le cas d\u2019une jeune femme de 18\u00a0ans, Alina Burns, qui a \u00e9t\u00e9 condamn\u00e9e en mai \u00e0 pr\u00e8s de 20\u00a0ans de prison pour avoir attaqu\u00e9 un inconnu \u00e0 la hache, une agression qui, selon M.\u00a0Taylor, \u00e9tait motiv\u00e9e par ses convictions d\u2019extr\u00eame droite. <\/p>\n<p><b>Les enfants de plus en plus radicalis\u00e9s en ligne<\/b><\/p>\n<p>Alfie Coleman \u2014 un jeune homme de 22\u00a0ans condamn\u00e9 mercredi \u00e0 13\u00a0ans et demi de prison pour avoir tent\u00e9 d\u2019acheter une arme \u00e0 feu \u00e0 un agent infiltr\u00e9 du MI5 \u2014 s\u2019est radicalis\u00e9 en ligne d\u00e8s l\u2019\u00e2ge de 14\u00a0ans, a racont\u00e9 M.\u00a0Taylor. <\/p>\n<p>Mme\u00a0Evans a expliqu\u00e9 que les responsables de cette exploitation con\u00e7oivent sp\u00e9cifiquement des contenus en ligne destin\u00e9s \u00e0 attirer les jeunes en y m\u00ealant de la propagande, des s\u00e9quences de jeux vid\u00e9o, des images historiques et de la musique. <\/p>\n<p>Les jeunes sont ensuite incit\u00e9s \u00e0 commettre des actes violents. Par exemple, on leur demande de \u00abrecr\u00e9er\u00bb dans la vie r\u00e9elle des attaques horribles tir\u00e9es de jeux vid\u00e9o, a-t-elle pr\u00e9cis\u00e9. <\/p>\n<p>Dans certains cas, a soulign\u00e9 Mme\u00a0Evans, des \u00abgroupes sadiques en ligne\u00bb demandent aux gens de s\u2019affronter pour causer du tort en ligne et hors ligne, en recourant \u00e0 des cyberattaques, \u00e0 l\u2019extr\u00e9misme, \u00e0 des violences graves, voire \u00e0 des abus sexuels sur mineurs ou au terrorisme. <\/p>\n<p>L\u2019ampleur des contenus en ligne \u00abl\u00e9gaux, mais horribles\u00bb, notamment ceux comportant une violence extr\u00eame et des sc\u00e8nes sanglantes, signifie, selon elle, que certaines personnes ont d\u00e9sormais une perception fauss\u00e9e de ce qui est normal ou acceptable. <\/p>\n<p>Ces personnes sont particuli\u00e8rement vuln\u00e9rables \u00e0 la manipulation, y compris par des acteurs \u00e9tatiques, a-t-elle ajout\u00e9. <\/p>\n<p>Bien que le gouvernement ait annonc\u00e9 que le Royaume-Uni interdirait l\u2019acc\u00e8s aux r\u00e9seaux sociaux aux moins de 16\u00a0ans, cela ne suffit pas, a estim\u00e9 Mme\u00a0Evans, ajoutant qu\u2019il faut faire pression sur les entreprises technologiques pour qu\u2019elles contribuent \u00e0 lutter contre les contenus pr\u00e9judiciables en ligne.<\/p>\n<p>Les lois et les politiques r\u00e9gissant les contenus pr\u00e9judiciables en ligne deviennent rapidement obsol\u00e8tes, tandis que les plateformes sociales disposent de puissants m\u00e9canismes pour diffuser ces contenus aupr\u00e8s des jeunes, a-t-elle expliqu\u00e9.<\/p>\n<p>\u00abLe point de basculement est tr\u00e8s rapide et brutal\u00bb pour certaines personnes qui sont entra\u00een\u00e9es vers des contenus pr\u00e9judiciables en ligne, a-t-elle soutenu. <\/p>\n","protected":false},"excerpt":{"rendered":"La technologie et les plateformes en ligne sont de plus en plus utilis\u00e9es pour menacer le Royaume-Uni, notamment&hellip;\n","protected":false},"author":2,"featured_media":972678,"comment_status":"","ping_status":"","sticky":false,"template":"","format":"standard","meta":{"footnotes":"","_share_on_mastodon":"0"},"categories":[1588],"tags":[11,1777,674,25179,1854,20106,4576,16175,12,473,1853,1851,1850,1852],"class_list":["post-1054743","post","type-post","status-publish","format-standard","has-post-thumbnail","category-royaume-uni","tag-actualites","tag-eu","tag-europe","tag-https-lactualite-com-sujet-culture-arts","tag-https-lactualite-com-sujet-international","tag-https-lactualite-com-sujet-justice","tag-https-lactualite-com-sujet-politique","tag-https-lactualite-com-sujet-science-et-technologie","tag-news","tag-royaume-uni","tag-royaume-uni-de-grande-bretagne-et-dirlande-du-nord","tag-uk","tag-united-kingdom","tag-united-kingdom-of-great-britain-and-northern-ireland"],"share_on_mastodon":{"url":"https:\/\/pubeurope.com\/@fr\/116892752210275743","error":""},"_links":{"self":[{"href":"https:\/\/www.europesays.com\/fr\/wp-json\/wp\/v2\/posts\/1054743","targetHints":{"allow":["GET"]}}],"collection":[{"href":"https:\/\/www.europesays.com\/fr\/wp-json\/wp\/v2\/posts"}],"about":[{"href":"https:\/\/www.europesays.com\/fr\/wp-json\/wp\/v2\/types\/post"}],"author":[{"embeddable":true,"href":"https:\/\/www.europesays.com\/fr\/wp-json\/wp\/v2\/users\/2"}],"replies":[{"embeddable":true,"href":"https:\/\/www.europesays.com\/fr\/wp-json\/wp\/v2\/comments?post=1054743"}],"version-history":[{"count":0,"href":"https:\/\/www.europesays.com\/fr\/wp-json\/wp\/v2\/posts\/1054743\/revisions"}],"wp:featuredmedia":[{"embeddable":true,"href":"https:\/\/www.europesays.com\/fr\/wp-json\/wp\/v2\/media\/972678"}],"wp:attachment":[{"href":"https:\/\/www.europesays.com\/fr\/wp-json\/wp\/v2\/media?parent=1054743"}],"wp:term":[{"taxonomy":"category","embeddable":true,"href":"https:\/\/www.europesays.com\/fr\/wp-json\/wp\/v2\/categories?post=1054743"},{"taxonomy":"post_tag","embeddable":true,"href":"https:\/\/www.europesays.com\/fr\/wp-json\/wp\/v2\/tags?post=1054743"}],"curies":[{"name":"wp","href":"https:\/\/api.w.org\/{rel}","templated":true}]}}