{"id":105496,"date":"2025-05-16T22:31:10","date_gmt":"2025-05-16T22:31:10","guid":{"rendered":"https:\/\/www.europesays.com\/fr\/105496\/"},"modified":"2025-05-16T22:31:10","modified_gmt":"2025-05-16T22:31:10","slug":"la-cheffe-europeenne-de-la-tech-appelle-les-etats-unis-a-plus-de-cooperation-actualites","status":"publish","type":"post","link":"https:\/\/www.europesays.com\/fr\/105496\/","title":{"rendered":"La cheffe europ\u00e9enne de la tech appelle les Etats-Unis \u00e0 plus de coop\u00e9ration : Actualit\u00e9s"},"content":{"rendered":"<p class=\"lead \">Henna Virkkunen, la commissaire europ\u00e9enne responsable de la politique num\u00e9rique de l&rsquo;Union europ\u00e9enne, a appel\u00e9 vendredi \u00e0 une coop\u00e9ration plus \u00e9troite entre les Etats-Unis et l&rsquo;Europe sur la r\u00e9gulation des technologies, un sujet qui oppose Bruxelles et Washington.<\/p>\n<p class=\"lead \">\u00ab\u00a0Les grandes entreprises technologiques savent qu&rsquo;une coop\u00e9ration plus \u00e9troite en mati\u00e8re de r\u00e9glementation serait b\u00e9n\u00e9fique pour leurs activit\u00e9s\u00a0\u00bb, a d\u00e9clar\u00e9 Mme Virkkunen \u00e0 l&rsquo;AFP apr\u00e8s avoir rencontr\u00e9 les principaux dirigeants de la Silicon Valley, dont Mark Zuckerberg de Meta et Tim Cook d&rsquo;Apple.<\/p>\n<p class=\"lead \">La visite de Mme Virkkunen en Californie et \u00e0 Washington \u00e9tait la premi\u00e8re depuis qu&rsquo;elle a pris ses fonctions \u00e0 la fin de l&rsquo;ann\u00e9e derni\u00e8re, alors que l&rsquo;UE finalise des enqu\u00eates visant des g\u00e9ants am\u00e9ricains pour des violations de ses r\u00e8gles<\/p>\n<p class=\"lead \">Le pr\u00e9sident Donald Trump a lui pris ses fonctions en janvier, adoptant une ligne dure contre les politiques europ\u00e9ennes qui, selon lui, punissent injustement les \u00c9tats-Unis.<\/p>\n<p class=\"lead \">Cette ligne dure a \u00e9t\u00e9 accueillie favorablement par certains patrons du secteur technologique, notamment Mark Zuckerberg, qui fait pression sur la Maison Blanche pour qu&rsquo;elle r\u00e9plique \u00e0 Bruxelles.<\/p>\n<p class=\"lead \">Il assimile les lois europ\u00e9ennes sur les technologies \u00e0 des droits de douane qui devraient \u00eatre mis sur la table dans les batailles commerciales de Donald Trump avec l&rsquo;Europe.<\/p>\n<p class=\"lead \">Henna Virkkunen estime que le lobbying de Mark Zuckerberg aupr\u00e8s du pr\u00e9sident am\u00e9ricain \u00e9tait \u00ab\u00a0normal\u00a0\u00bb de la part de grandes entreprises qui cherchent \u00e0 d\u00e9fendre leurs int\u00e9r\u00eats.<\/p>\n<p class=\"lead \">Mais \u00ab\u00a0les r\u00e8gles europ\u00e9ennes sont les m\u00eames pour les entreprises europ\u00e9ennes, asiatiques et am\u00e9ricaines, ce ne sont donc pas des barri\u00e8res commerciales\u00a0\u00bb, a-t-elle ajout\u00e9.<\/p>\n<p class=\"lead \">Lors de sa tourn\u00e9e aux \u00c9tats-Unis, Mme Virkkunen a \u00e9galement rencontr\u00e9 de hauts fonctionnaires am\u00e9ricains, dont beaucoup qualifient le nouveau r\u00e8glement de l&rsquo;UE sur les services num\u00e9riques (DSA) de forme de censure gouvernementale.<\/p>\n<p class=\"lead \">Le DSA exige des entreprises qu&rsquo;elles contr\u00f4lent de mani\u00e8re ad\u00e9quate les contenus en ligne, sous peine de se voir infliger des amendes pouvant aller jusqu&rsquo;\u00e0 6% du chiffre d&rsquo;affaires annuel global d&rsquo;une entreprise.<\/p>\n<p class=\"lead \">La commissaire, charg\u00e9e de la mise en oeuvre du DSA, a d\u00e9clar\u00e9 que les conclusions de Bruxelles sur les enqu\u00eates ouvertes \u00e0 l&rsquo;encontre de Meta, de X et d&rsquo;autres entreprises seraient bient\u00f4t disponibles.<\/p>\n<p class=\"lead \">&#8211; Longues enqu\u00eates &#8211;<\/p>\n<p class=\"lead \">Son bureau est critiqu\u00e9 en Europe pour sa lenteur sur ces enqu\u00eates, certains insinuant que ces retards sont d\u00e9lib\u00e9r\u00e9s, pour \u00e9viter de faire des vagues avec la Maison Blanche.<\/p>\n<p class=\"lead \">Les dix enqu\u00eates majeures seront finalis\u00e9es \u00ab\u00a0dans les semaines et les mois \u00e0 venir\u00a0\u00bb, a r\u00e9pondu Henna Virkkunen.<\/p>\n<p class=\"lead \">Pour justifier cette longue attente, elle a pr\u00e9cis\u00e9 que les conclusions \u00e0 venir \u00e9taient les premi\u00e8res prises dans le cadre du DSA, \u00ab\u00a0c&rsquo;est pourquoi les \u00e9quipes juridiques et techniques voulaient travailler tr\u00e8s soigneusement et s&rsquo;assurer que nous disposions toujours d&rsquo;une base juridique tr\u00e8s solide lorsque nous prenons des d\u00e9cisions\u00a0\u00bb.<\/p>\n<p class=\"lead \">Les enqu\u00eates d\u00e9boucheront certainement sur des turbulences diplomatiques, mais Mme Virkkunen estime que les \u00c9tats-Unis et l&rsquo;UE auraient quand m\u00eame tout int\u00e9r\u00eat \u00e0 collaborer plus \u00e9troitement \u00e0 l&rsquo;\u00e9laboration de r\u00e8gles r\u00e9gissant les technologies majeures.<\/p>\n<p class=\"lead \">\u00ab\u00a0Une coop\u00e9ration \u00e9troite serait b\u00e9n\u00e9fique pour les deux parties, car pour les \u00c9tats-Unis et les entreprises du secteur, l&rsquo;UE est le plus grand march\u00e9 ext\u00e9rieur. Nombre d&rsquo;entre elles ont beaucoup plus d&rsquo;utilisateurs dans l&rsquo;Union europ\u00e9enne qu&rsquo;aux \u00c9tats-Unis\u00a0\u00bb, a-t-elle soulign\u00e9.<\/p>\n<p class=\"lead \">Mme Virkkunen a cit\u00e9 l&rsquo;exemple de Meta, qui compte plus d&rsquo;utilisateurs pour son r\u00e9seau social Instagram en Europe qu&rsquo;aux \u00c9tats-Unis.<\/p>\n<p class=\"lead \">\u00ab\u00a0Si nous travaillions ensemble avec les \u00c9tats-Unis, nous pourrions \u00e9tablir des r\u00e9glementations et les normes \u00e0 l&rsquo;\u00e9chelle mondiale\u00a0\u00bb, a-t-elle argument\u00e9. \u00ab\u00a0Cela faciliterait aussi les activit\u00e9s des entreprises dans le monde\u00a0\u00bb.<\/p>\n<p class=\"small font-weight-bold text-gray3 \"> publi\u00e9 le 16 mai \u00e0 22h51, AFP<\/p>\n<p>                             Partager<\/p>\n","protected":false},"excerpt":{"rendered":"Henna Virkkunen, la commissaire europ\u00e9enne responsable de la politique num\u00e9rique de l&rsquo;Union europ\u00e9enne, a appel\u00e9 vendredi \u00e0 une&hellip;\n","protected":false},"author":2,"featured_media":105497,"comment_status":"","ping_status":"","sticky":false,"template":"","format":"standard","meta":{"footnotes":""},"categories":[1586],"tags":[11,22243,1777,674,1779,1011,27,311,310,421,12,25,42,1778,364,308],"class_list":{"0":"post-105496","1":"post","2":"type-post","3":"status-publish","4":"format-standard","5":"has-post-thumbnail","7":"category-europe","8":"tag-actualites","9":"tag-dsinformation","10":"tag-eu","11":"tag-europe","12":"tag-european-union","13":"tag-fr","14":"tag-france","15":"tag-informatique","16":"tag-internet","17":"tag-lois","18":"tag-news","19":"tag-republique-francaise","20":"tag-technologies","21":"tag-ue","22":"tag-union-europeenne","23":"tag-usa"},"share_on_mastodon":{"url":"https:\/\/pubeurope.com\/@fr\/114519886061902984","error":""},"_links":{"self":[{"href":"https:\/\/www.europesays.com\/fr\/wp-json\/wp\/v2\/posts\/105496","targetHints":{"allow":["GET"]}}],"collection":[{"href":"https:\/\/www.europesays.com\/fr\/wp-json\/wp\/v2\/posts"}],"about":[{"href":"https:\/\/www.europesays.com\/fr\/wp-json\/wp\/v2\/types\/post"}],"author":[{"embeddable":true,"href":"https:\/\/www.europesays.com\/fr\/wp-json\/wp\/v2\/users\/2"}],"replies":[{"embeddable":true,"href":"https:\/\/www.europesays.com\/fr\/wp-json\/wp\/v2\/comments?post=105496"}],"version-history":[{"count":0,"href":"https:\/\/www.europesays.com\/fr\/wp-json\/wp\/v2\/posts\/105496\/revisions"}],"wp:featuredmedia":[{"embeddable":true,"href":"https:\/\/www.europesays.com\/fr\/wp-json\/wp\/v2\/media\/105497"}],"wp:attachment":[{"href":"https:\/\/www.europesays.com\/fr\/wp-json\/wp\/v2\/media?parent=105496"}],"wp:term":[{"taxonomy":"category","embeddable":true,"href":"https:\/\/www.europesays.com\/fr\/wp-json\/wp\/v2\/categories?post=105496"},{"taxonomy":"post_tag","embeddable":true,"href":"https:\/\/www.europesays.com\/fr\/wp-json\/wp\/v2\/tags?post=105496"}],"curies":[{"name":"wp","href":"https:\/\/api.w.org\/{rel}","templated":true}]}}