{"id":105504,"date":"2025-05-16T22:36:08","date_gmt":"2025-05-16T22:36:08","guid":{"rendered":"https:\/\/www.europesays.com\/fr\/105504\/"},"modified":"2025-05-16T22:36:08","modified_gmt":"2025-05-16T22:36:08","slug":"volley-ligue-b-ajaccio-champion-de-france-retrouve-lelite-apres-un-succes-arrache-face-a-frejus-au-palatinu-corse-matin","status":"publish","type":"post","link":"https:\/\/www.europesays.com\/fr\/105504\/","title":{"rendered":"Volley Ligue B : Ajaccio champion de France, retrouve l&#039;\u00e9lite apr\u00e8s un succ\u00e8s arrach\u00e9 face \u00e0 Fr\u00e9jus au Palatinu &#8211; Corse Matin"},"content":{"rendered":"<ol>\n<li><a href=\"https:\/\/news.google.com\/rss\/articles\/CBMi-gFBVV95cUxNMEprV1Nfc1NuNi1nNkJZRjlBRzVZamlsOVpTcEoyWGVnQm5GUGRma3Z5U1BvYnFGSDRxbGRaUXRQQlVGc1JyVlB3QXU0Z0tJWlFtLXU1MTdlS0ZLa1hrTGFmcjNkSzgwbVRSZ00zWEV2OU1qdk1LbU9yMjFReEtReWNiVjJ2aEZQaEpHR0RxYmxvelJ3TS1WZUhzMFFOOF9pcUhiUzVodFNQenRIVDRsSzhPRUFUMzZqZUxBenl5ZTJCYllOTDBXZUFrWEpUT1pyaXo1eWNtZ0NyNEJndWZvTFREZ3BTTVF2WmxISWtyeXJ2eEUwNl94eE13?oc=5\" target=\"_blank\" rel=\"nofollow noopener\">Volley Ligue B : Ajaccio champion de France, retrouve l&rsquo;\u00e9lite apr\u00e8s un succ\u00e8s arrach\u00e9 face \u00e0 Fr\u00e9jus au Palatinu<\/a>&nbsp;&nbsp;Corse Matin<\/li>\n<li><a href=\"https:\/\/news.google.com\/rss\/articles\/CBMi2wFBVV95cUxNU1BibkhvVTZRdDJBbWg0ZjBBbnNIUEdfb1lETXFsY3dvR2swT29GNUJGQzRXVVpzZjg5TUxKMVNpQmppclJTU1ViNTFUSTY5MjZtZm96RHlGdE9GcVI1NkxYcjRpYlB4c3lsR29lTllvTnJfMW9JdHdyWG9aRl9hVW9jZmUwTTV4YUYycmhZYUZhRUprMXhBSGV1eURiYTNVV0FFTERvV0dwSlVWRFJ1TUVuUktzLUU2bFlIckpfa3d2Y3NPdUV5Z3hiSUFPLXdHcFRzU0FIX1NnN0U?oc=5\" target=\"_blank\" rel=\"nofollow noopener\">Au bout du suspense, Ajaccio d\u00e9croche le titre en Ligue B et retrouve la Premi\u00e8re Division<\/a>&nbsp;&nbsp;L&rsquo;\u00c9quipe<\/li>\n<li><a href=\"https:\/\/news.google.com\/rss\/articles\/CBMirwFBVV95cUxQVzdybHJycFVLd2taeXBHNks0R25xQjltSGtkV2hZMV92eEp2bWZJYWo1X0Zua0g4VjYtdWNrWFZmSXAxVUZuZnJKYUZ2VmJNWHp2cURZeV8yVDdpREdwM3I0RmVRYnY0S1BLT2FwVFNsUGI1SWVMdW1BQ0dQa0pnNnl4ajJ2RXpYWjg2WEZiWHpHd3N4MUEzeG5iUnBzcEcwYkNHN01pc3M2SHFIdXF3?oc=5\" target=\"_blank\" rel=\"nofollow noopener\">Pas de titre pour Fr\u00e9jus, battu au set en or lors de la finale \u00e0 Ajaccio<\/a>&nbsp;&nbsp;Var-Matin<\/li>\n<li><a href=\"https:\/\/news.google.com\/rss\/articles\/CBMirAFBVV95cUxNclRfVWdNWU9PN3VQSWVBblhwYlhqcFN1c1FBN0EtV1BYeFlXYVJHVFBfLXVjTVFXWm5tZTRoaVlONTdWdUtTSHdFNklUMVhCVUtEY1lSaXBoYzJuTzByemhGVk44TF9BV09BSmw1T3NDLVpYbXlVa1dpOXpIYnNyRWczZUhQRjBZU2J6OFBET3Qwck82a0pFSFhtQ0pCZXpZazJmLTIxMG43NEpI?oc=5\" target=\"_blank\" rel=\"nofollow noopener\">Volley-Ball : une nuit au paradis pour le GFCA !<\/a>&nbsp;&nbsp;francebleu.fr<\/li>\n<li><a href=\"https:\/\/news.google.com\/rss\/articles\/CBMi6wFBVV95cUxQbURSMWE4ZkRhUVpGekllRWkybE9yMDZJNWphY0ZwdHl1b0l1RUlYMnRlelEzLXE0QmpERVBKSGFvRGtwa2ZjWUNqSEM5NVQ5ekFxa0xzdVVZOXN4QnhsVlJwclN3QmF1TG40Q2l5WVJJOGhCcGlmdFNoVTU2cTMzMGd1eWpUZjV0UW01N2dIdDVsNHhBOGJ6ajBGRzVIVE53SjExQ05EekV3WXdEcm9jWlF3a3pZVmdPcS00Mk90aW55M2prRVRrNDRIMmFEVnE4R2dzX2NUREVlczIwdHo3RDVFUWFmdVcxVWlR?oc=5\" target=\"_blank\" rel=\"nofollow noopener\">Volley Ligue B : au Palatinu contre Fr\u00e9jus, le GFC Ajaccio pr\u00eat pour reprendre l&rsquo;ascenseur pour l&rsquo;\u00e9lite<\/a>&nbsp;&nbsp;Corse Matin<\/li>\n<\/ol>\n","protected":false},"excerpt":{"rendered":"Volley Ligue B : Ajaccio champion de France, retrouve l&rsquo;\u00e9lite apr\u00e8s un succ\u00e8s arrach\u00e9 face \u00e0 Fr\u00e9jus au&hellip;\n","protected":false},"author":2,"featured_media":1445,"comment_status":"","ping_status":"","sticky":false,"template":"","format":"standard","meta":{"footnotes":""},"categories":[1417],"tags":[1011,27,60,1470,1469],"class_list":{"0":"post-105504","1":"post","2":"type-post","3":"status-publish","4":"format-standard","5":"has-post-thumbnail","7":"category-volley","8":"tag-fr","9":"tag-france","10":"tag-sports","11":"tag-volley","12":"tag-volleyball"},"share_on_mastodon":{"url":"https:\/\/pubeurope.com\/@fr\/114519905608911222","error":""},"_links":{"self":[{"href":"https:\/\/www.europesays.com\/fr\/wp-json\/wp\/v2\/posts\/105504","targetHints":{"allow":["GET"]}}],"collection":[{"href":"https:\/\/www.europesays.com\/fr\/wp-json\/wp\/v2\/posts"}],"about":[{"href":"https:\/\/www.europesays.com\/fr\/wp-json\/wp\/v2\/types\/post"}],"author":[{"embeddable":true,"href":"https:\/\/www.europesays.com\/fr\/wp-json\/wp\/v2\/users\/2"}],"replies":[{"embeddable":true,"href":"https:\/\/www.europesays.com\/fr\/wp-json\/wp\/v2\/comments?post=105504"}],"version-history":[{"count":0,"href":"https:\/\/www.europesays.com\/fr\/wp-json\/wp\/v2\/posts\/105504\/revisions"}],"wp:featuredmedia":[{"embeddable":true,"href":"https:\/\/www.europesays.com\/fr\/wp-json\/wp\/v2\/media\/1445"}],"wp:attachment":[{"href":"https:\/\/www.europesays.com\/fr\/wp-json\/wp\/v2\/media?parent=105504"}],"wp:term":[{"taxonomy":"category","embeddable":true,"href":"https:\/\/www.europesays.com\/fr\/wp-json\/wp\/v2\/categories?post=105504"},{"taxonomy":"post_tag","embeddable":true,"href":"https:\/\/www.europesays.com\/fr\/wp-json\/wp\/v2\/tags?post=105504"}],"curies":[{"name":"wp","href":"https:\/\/api.w.org\/{rel}","templated":true}]}}