{"id":105511,"date":"2025-05-16T22:41:11","date_gmt":"2025-05-16T22:41:11","guid":{"rendered":"https:\/\/www.europesays.com\/fr\/105511\/"},"modified":"2025-05-16T22:41:11","modified_gmt":"2025-05-16T22:41:11","slug":"ed-sheeran-fait-equipe-avec-dave-grohl-et-john-mayer-sur-rock-song-drive-pour-f1-lalbum","status":"publish","type":"post","link":"https:\/\/www.europesays.com\/fr\/105511\/","title":{"rendered":"Ed Sheeran fait \u00e9quipe avec Dave Grohl et John Mayer sur Rock Song Drive pour F1 l&rsquo;album"},"content":{"rendered":"<p>Ed Sheeran a uni ses forces avec Dave Grohl et John Mayer sur la chanson \u2018Drive\u2019 de \u2018F1 The Album\u2019.<\/p>\n<p>Le hitmaker \u00ab\u00a0 Bad Habits \u00a0\u00bb \u2013 qui a publi\u00e9 une version heavy metal de The Hit With Metalcore Superstars Me Bring Me the Horizon en 2022 \u2013 s\u2019est associ\u00e9 au leader des Foo Fighters et le guitariste de Blues Rock a rejoint les forces du film pour la bande originale de Brad Pitt-Starring \u2018F1\u2019 \u2018.<\/p>\n<p>L\u2019ancien batteur de Nirvana, Grohl, a pris le kit de batterie pour la collaboration et Mayer \u00e0 la guitare.<\/p>\n<p>Taquinant le morceau sur Instagram, Sheeran a \u00e9crit: \u00ab\u00a0Sneak Peek de la chanson que j\u2019ai faite pour le film F1. Mayer \u00e0 la guitare, Grohl \u00e0 la batterie. Beaucoup de plaisir \u00e0 faire \u00e7a, en sortant le mois prochain avec le film X.\u00a0\u00bb<\/p>\n<p>Ros\u00e9 a r\u00e9cemment sorti le morceau \u00abMessy\u00bb de \u00abF1 The Album\u00bb.<\/p>\n<p>La superstar de la K-pop \u2013 qui a r\u00e9cemment \u00e9t\u00e9 une invit\u00e9e sp\u00e9ciale au Grand Prix de Miami \u2013 fait partie de la liste des contributeurs \u00e9toil\u00e9s pour la bande originale.<\/p>\n<p>\u00ab\u00a0 Dessy \u00a0\u00bb a marqu\u00e9 le deuxi\u00e8me morceau \u00e0 pr\u00e9lever de la collection, apr\u00e8s \u00ab\u00a0 Lose My Mind \u00a0\u00bb de Don Toliver avec Doja Cat.<\/p>\n<p>Chris Stapleton, Raye, Tate McRae, Dom Dolla, Burna Boy, Roddy Ricch, Maidson Beer, Peggy Gou, et plus encore sur le LP.<\/p>\n<p>Brad Pitt et Damson Idris ont dirig\u00e9 le film d\u2019octane \u00e9lev\u00e9 de Joseph Kosinski en tant que deux pilotes de course en comp\u00e9tition en Formule 1.<\/p>\n<p>\u2018F1\u2019 \u2013 qui met \u00e9galement en vedette Javier Bardem et Kerry Condon \u2013 suit le coureur \u00e0 la retraite Sonny Hayes (Pitt) qui revient sur la piste avec son co\u00e9quipier recrue APXGP Joshua Pearce (Idris) pour affronter les nouveaux Titans du sport.<\/p>\n<p>Le pilote du champion du monde F1 Lewis Hamilton a \u00e9t\u00e9 \u00ab\u00a0instrumental\u00a0\u00bb dans le d\u00e9veloppement de \u2018F1\u2019 dans toutes ses \u00e9tapes de production, et Kosinski a soulign\u00e9 que l\u2019\u00e9quipe \u00ab\u00a0n\u2019aurait pas pu faire ce film sans lui\u00a0\u00bb.<\/p>\n<p>Le r\u00e9alisateur a d\u00e9clar\u00e9: \u00ab\u00a0Lewis a jou\u00e9 un r\u00f4le d\u00e9terminant non seulement dans les aspects techniques \u00e9videmment, mais dans le vrai type de phase de formulation du film, formuler ce r\u00e9cit. Nous racontons l\u2019histoire de Sonny Hayes, qui est une sorte de coureur v\u00e9t\u00e9ran, puis Joshua Pearce, qui est une recrue. Lewis a \u00e9t\u00e9 tous les deux.<\/p>\n<p>\u00abIl a \u00e9t\u00e9 la recrue remportant presque sa premi\u00e8re saison en Formule 1 et maintenant avec sept championnats du monde. Il a tout vu.<\/p>\n<p>\u00ab\u00a0Donc, sa perspective sur la formation du r\u00e9cit de ces deux personnages et me donnant un v\u00e9ritable aper\u00e7u de ce que c\u2019est qui le motive, ce qui donne envie \u00e0 ces gars de faire ce jour-l\u00e0, c\u2019\u00e9tait vraiment, vraiment utile. Nous n\u2019aurions pas pu faire ce film sans lui.\u00a0\u00bb<\/p>\n<p>\u00abF1\u00bb est sorti dans les cin\u00e9mas le 25 juin, avec \u00abF1 l\u2019album\u00bb apr\u00e8s le 27 juin.<\/p>\n","protected":false},"excerpt":{"rendered":"Ed Sheeran a uni ses forces avec Dave Grohl et John Mayer sur la chanson \u2018Drive\u2019 de \u2018F1&hellip;\n","protected":false},"author":2,"featured_media":105512,"comment_status":"","ping_status":"","sticky":false,"template":"","format":"standard","meta":{"footnotes":""},"categories":[1412],"tags":[3396,22244,12451,2263,1451,21,1452,1453,1454,1455,1011,27,22245,7041,22246,22247,471,7040,22248,14667,60,3356],"class_list":{"0":"post-105511","1":"post","2":"type-post","3":"status-publish","4":"format-standard","5":"has-post-thumbnail","7":"category-f1","8":"tag-avec","9":"tag-dave","10":"tag-drive","11":"tag-equipe","12":"tag-f1","13":"tag-fait","14":"tag-formula-1","15":"tag-formula1","16":"tag-formule-1","17":"tag-formule1","18":"tag-fr","19":"tag-france","20":"tag-grohl","21":"tag-john","22":"tag-lalbum","23":"tag-mayer","24":"tag-pour","25":"tag-rock","26":"tag-sheeran","27":"tag-song","28":"tag-sports","29":"tag-sur"},"share_on_mastodon":{"url":"https:\/\/pubeurope.com\/@fr\/114519925275942707","error":""},"_links":{"self":[{"href":"https:\/\/www.europesays.com\/fr\/wp-json\/wp\/v2\/posts\/105511","targetHints":{"allow":["GET"]}}],"collection":[{"href":"https:\/\/www.europesays.com\/fr\/wp-json\/wp\/v2\/posts"}],"about":[{"href":"https:\/\/www.europesays.com\/fr\/wp-json\/wp\/v2\/types\/post"}],"author":[{"embeddable":true,"href":"https:\/\/www.europesays.com\/fr\/wp-json\/wp\/v2\/users\/2"}],"replies":[{"embeddable":true,"href":"https:\/\/www.europesays.com\/fr\/wp-json\/wp\/v2\/comments?post=105511"}],"version-history":[{"count":0,"href":"https:\/\/www.europesays.com\/fr\/wp-json\/wp\/v2\/posts\/105511\/revisions"}],"wp:featuredmedia":[{"embeddable":true,"href":"https:\/\/www.europesays.com\/fr\/wp-json\/wp\/v2\/media\/105512"}],"wp:attachment":[{"href":"https:\/\/www.europesays.com\/fr\/wp-json\/wp\/v2\/media?parent=105511"}],"wp:term":[{"taxonomy":"category","embeddable":true,"href":"https:\/\/www.europesays.com\/fr\/wp-json\/wp\/v2\/categories?post=105511"},{"taxonomy":"post_tag","embeddable":true,"href":"https:\/\/www.europesays.com\/fr\/wp-json\/wp\/v2\/tags?post=105511"}],"curies":[{"name":"wp","href":"https:\/\/api.w.org\/{rel}","templated":true}]}}