{"id":105519,"date":"2025-05-16T22:45:09","date_gmt":"2025-05-16T22:45:09","guid":{"rendered":"https:\/\/www.europesays.com\/fr\/105519\/"},"modified":"2025-05-16T22:45:09","modified_gmt":"2025-05-16T22:45:09","slug":"a-biarritz-une-villa-de-bord-de-lac-inspiree-par-le-brutalisme-bresilien","status":"publish","type":"post","link":"https:\/\/www.europesays.com\/fr\/105519\/","title":{"rendered":"\u00c0 Biarritz, une villa de bord de lac, inspir\u00e9e par le brutalisme br\u00e9silien"},"content":{"rendered":"<p>Moins connu que le <a href=\"https:\/\/www.admagazine.fr\/article\/villas-bord-mer\" target=\"_blank\" rel=\"noopener\">bord de mer<\/a>, le lac de Mouriscot se cache derri\u00e8re la for\u00eat de pins qui l&rsquo;abrite, en retrait du centre de Biarritz. Apr\u00e8s avoir eu \u00ab le coup de c\u0153ur \u00bb pour ce terrain au bord de l&rsquo;eau, la famille propri\u00e9taire a fait intervenir Patrice Gardera pour reb\u00e2tir enti\u00e8rement la maison existante. Cette construction des ann\u00e9es 1960, \u00ab sans aucun int\u00e9r\u00eat architectural \u00bb, souffrait \u00e9galement d&rsquo;importantes pathologies d&rsquo;humidit\u00e9 dues \u00e0 sa situation.<\/p>\n<p>La maison s&rsquo;ouvre enti\u00e8rement sur le lac gr\u00e2ce \u00e0 sa fa\u00e7ade en verre.<\/p>\n<p>Emmy Martens<\/p>\n<p>\u00ab Ce site est presque mar\u00e9cageux, explique l&rsquo;architecte cofondateur de l&rsquo;Atelier Gardera\/Pastre, bas\u00e9 entre Paris et Biarritz. Il n&rsquo;\u00e9tait pas du tout avenant, mais les propri\u00e9taires ont flash\u00e9 sur cette \u00e9tendue d&rsquo;eau, ce c\u00f4t\u00e9 tr\u00e8s atypique, calme et bucolique, loin de l&rsquo;oc\u00e9an \u00bb. Contraint par l&rsquo;humidit\u00e9 et les r\u00e8gles d&rsquo;urbanisme locales, Patrice Gardera a dessin\u00e9 une <a href=\"https:\/\/www.admagazine.fr\/video\/watch\/dans-la-nouvelle-maison-demma-chamberlain\" target=\"_blank\" rel=\"noopener\">nouvelle maison<\/a>, b\u00e2tie sur le plan de la structure originale, tout en d\u00e9molissant celle-ci pour repartir de z\u00e9ro.<\/p>\n<p>La pi\u00e8ce \u00e0 vivre est compl\u00e8tement ouverte, offrant un vaste espace de d\u00e9tente et de r\u00e9ception. Canap\u00e9 Camaleonda, B&amp;B italia. Table \u00e0 manger Heerenhuis, chaises de Hans Brattrud. Suspension Lambert et Fils.<\/p>\n<p>Emmy MartensUn espace ouvert sur la nature<\/p>\n<p>Pour reconstruire cette maison, \u00e9lev\u00e9e d&rsquo;un \u00e9tage, l&rsquo;architecte a d\u00fb se baser un plan carr\u00e9 au d\u00e9nivel\u00e9 important. \u00ab La premi\u00e8re envie que l&rsquo;on a eue \u00e9tait d&rsquo;ouvrir la maison au sud. Pour cela, on a invers\u00e9 l&rsquo;am\u00e9nagement classique en pla\u00e7ant les chambres au rez-de-chauss\u00e9e et les espaces de r\u00e9ception \u00e0 l&rsquo;\u00e9tage. \u00bb D\u00e8s lors, en entrant dans la maison du c\u00f4t\u00e9 de la route, on acc\u00e8de directement \u00e0 l&rsquo;\u00e9tage, devenu pi\u00e8ce \u00e0 vivre, dont la vue sur le lac est \u00e9poustouflante.<\/p>\n<p>L&rsquo;int\u00e9rieur est traversant.<\/p>\n<p>Emmy Martens<\/p>\n<p>La vue sur le lac est imprenable.<\/p>\n<p>Emmy Martens<\/p>\n<p>L&rsquo;architecte a ainsi transform\u00e9 radicalement la physionomie de cet habitat, pass\u00e9 d&rsquo;une maison orient\u00e9e \u00e0 100% sur le <a href=\"https:\/\/www.admagazine.fr\/article\/incroyables-maisons-bord-lac\" target=\"_blank\" rel=\"noopener\">lac<\/a> au nord, sans lumi\u00e8re matinale, \u00e0 un espace ouvert sur la nature des deux c\u00f4t\u00e9s. \u00ab On a volontairement travaill\u00e9 de mani\u00e8re tr\u00e8s transparente sur la fa\u00e7ade sur pour faire p\u00e9n\u00e9trer la lumi\u00e8re traversante d\u00e8s le matin, r\u00e9chauffer les fa\u00e7ades et pallier ainsi l&rsquo;humidit\u00e9. \u00bb Un important travail de paysagisme a \u00e9galement \u00e9t\u00e9 men\u00e9, afin d&rsquo;ass\u00e9cher le terrain gr\u00e2ce \u00e0 des plantes absorbant l&rsquo;humidit\u00e9.<\/p>\n","protected":false},"excerpt":{"rendered":"Moins connu que le bord de mer, le lac de Mouriscot se cache derri\u00e8re la for\u00eat de pins&hellip;\n","protected":false},"author":2,"featured_media":105520,"comment_status":"","ping_status":"","sticky":false,"template":"","format":"standard","meta":{"footnotes":""},"categories":[1358],"tags":[1348,1384,1385,3463,1386,58,59,1011,27,6997],"class_list":{"0":"post-105519","1":"post","2":"type-post","3":"status-publish","4":"format-standard","5":"has-post-thumbnail","7":"category-arts-et-design","8":"tag-arts","9":"tag-arts-and-design","10":"tag-arts-et-design","11":"tag-biarritz","12":"tag-design","13":"tag-divertissement","14":"tag-entertainment","15":"tag-fr","16":"tag-france","17":"tag-maison-darchitecte"},"share_on_mastodon":{"url":"https:\/\/pubeurope.com\/@fr\/114519941127686755","error":""},"_links":{"self":[{"href":"https:\/\/www.europesays.com\/fr\/wp-json\/wp\/v2\/posts\/105519","targetHints":{"allow":["GET"]}}],"collection":[{"href":"https:\/\/www.europesays.com\/fr\/wp-json\/wp\/v2\/posts"}],"about":[{"href":"https:\/\/www.europesays.com\/fr\/wp-json\/wp\/v2\/types\/post"}],"author":[{"embeddable":true,"href":"https:\/\/www.europesays.com\/fr\/wp-json\/wp\/v2\/users\/2"}],"replies":[{"embeddable":true,"href":"https:\/\/www.europesays.com\/fr\/wp-json\/wp\/v2\/comments?post=105519"}],"version-history":[{"count":0,"href":"https:\/\/www.europesays.com\/fr\/wp-json\/wp\/v2\/posts\/105519\/revisions"}],"wp:featuredmedia":[{"embeddable":true,"href":"https:\/\/www.europesays.com\/fr\/wp-json\/wp\/v2\/media\/105520"}],"wp:attachment":[{"href":"https:\/\/www.europesays.com\/fr\/wp-json\/wp\/v2\/media?parent=105519"}],"wp:term":[{"taxonomy":"category","embeddable":true,"href":"https:\/\/www.europesays.com\/fr\/wp-json\/wp\/v2\/categories?post=105519"},{"taxonomy":"post_tag","embeddable":true,"href":"https:\/\/www.europesays.com\/fr\/wp-json\/wp\/v2\/tags?post=105519"}],"curies":[{"name":"wp","href":"https:\/\/api.w.org\/{rel}","templated":true}]}}