{"id":105525,"date":"2025-05-16T22:48:18","date_gmt":"2025-05-16T22:48:18","guid":{"rendered":"https:\/\/www.europesays.com\/fr\/105525\/"},"modified":"2025-05-16T22:48:18","modified_gmt":"2025-05-16T22:48:18","slug":"louane-partage-des-photos-inedites-de-sa-mere-et-de-sa-fille-esmee-juste-avant-leurovision","status":"publish","type":"post","link":"https:\/\/www.europesays.com\/fr\/105525\/","title":{"rendered":"Louane partage des photos in\u00e9dites de sa m\u00e8re et de sa fille Esm\u00e9e juste avant l\u2019Eurovision"},"content":{"rendered":"<p>\u00c0 la veille de la finale du concours de l&rsquo;Eurovision 2025, Louane a partag\u00e9 une photo d&rsquo;elle aux c\u00f4t\u00e9s de sa m\u00e8re, mais \u00e9galement un clich\u00e9 in\u00e9dit avec sa fille Esm\u00e9e.<\/p>\n<p>Ces derniers mois, la chanteuse Louane fait \u00e9norm\u00e9ment parler d&rsquo;elle. Et pour cause, elle s&rsquo;appr\u00eate \u00e0 repr\u00e9senter la France au <a href=\"https:\/\/www.programme-tv.net\/news\/tv\/378640-eurovision-2025-combien-de-chansons-en-francais-ont-remporte-le-concours\/\" data-api-deeplink=\"teleloisirs:\/\/news\/378640\" target=\"_blank\" rel=\"noopener\">concours de l&rsquo;Eurovision 2025<\/a> apr\u00e8s des mois de pr\u00e9paration et une chanson \u2013 Maman \u2013 d\u00e9voil\u00e9e lors d&rsquo;un match de rugby au stade de France. Ce samedi 17 mai depuis B\u00e2le, en Suisse, Louane tentera de remporter la comp\u00e9tition alors que <a href=\"https:\/\/www.programme-tv.net\/news\/musique\/352814-marie-myriam-derniere-gagnante-francaise-de-leurovision-donne-son-avis-sur-slimane-et-il-est-sans-appel-video\/\" data-api-deeplink=\"teleloisirs:\/\/news\/352814\" target=\"_blank\" rel=\"noopener\">la France n&rsquo;a pas gagn\u00e9 depuis 1977, avec Marie Myriam<\/a>. Des millions de t\u00e9l\u00e9spectateurs \u00e0 travers l&rsquo;Europe auront les yeux riv\u00e9s sur elle <a href=\"https:\/\/www.programme-tv.net\/news\/musique\/378596-jai-la-chair-de-poule-louane-chante-maman-sur-la-scene-de-leurovision-les-internautes-conquis\/\" data-api-deeplink=\"teleloisirs:\/\/news\/378596\" target=\"_blank\" rel=\"noopener\">\u2013 et sur son incroyable sc\u00e9nographie \u2013,<\/a> mais \u00e9galement ses proches.<\/p>\n<p>Louane d\u00e9voile une photo de sa fille juste avant la finale de l&rsquo;Eurovision 2025 : \u00ab\u00a0Quand les r\u00eaves deviennent r\u00e9alit\u00e9\u00a0\u00bb<\/p>\n<p>Vingt-quatre heures avant le grand show, qui sera retransmis sur France 2 avec <a href=\"https:\/\/www.programme-tv.net\/news\/tv\/378808-tout-le-monde-vous-critique-stephane-bern-se-livre-sur-la-difficulte-de-commenter-l-eurovision\/\" data-api-deeplink=\"teleloisirs:\/\/news\/378808\" target=\"_blank\" rel=\"noopener\">Laurence Boccolini et St\u00e9phane Bern aux commentaires<\/a>, Louane a partag\u00e9 deux adorables clich\u00e9s sur son compte Instagram. Le premier, datant du d\u00e9but des ann\u00e9es 2000, la montre avec sa m\u00e8re, dont elle \u00e9tait tr\u00e8s proche et <a href=\"https:\/\/www.programme-tv.net\/news\/tv\/324761-ma-mere-ma-dit-que-ce-nest-pas-ce-quil-aurait-voulu-louane-revele-quelle-a-failli-laisser-tomber-the-voice-apres-le-deces-de-son-pere-video\/\" data-api-deeplink=\"teleloisirs:\/\/news\/324761\" target=\"_blank\" rel=\"noopener\">qui est d\u00e9c\u00e9d\u00e9e en 2014 des suites d&rsquo;un cancer.<\/a> Toutes les deux en train de chanter, Isabel Peichert et Louane partagent un moment sur sc\u00e8ne. Puis, sur le second, l&rsquo;ancienne candidate de The Voice pose avec <a href=\"https:\/\/www.programme-tv.net\/news\/people\/378608-elle-a-ca-dans-le-sang-esmee-la-fille-de-louane-et-florian-rossi-a-fait-sa-premiere-session-studio-a-seulement-2-ans\/\" data-api-deeplink=\"teleloisirs:\/\/news\/378608\" target=\"_blank\" rel=\"noopener\">sa fille Esm\u00e9e<\/a>, assise sur ses genoux. Et m\u00eame si la petite fille n\u00e9e en 2020 appara\u00eet de dos, on peut voir sa longue chevelure blonde. Telle m\u00e8re, telle fille ! En l\u00e9gende de cette publication lourde de sens, et reli\u00e9e au titre qu&rsquo;elle d\u00e9fend, elle \u00e9crit : \u00ab\u00a0Quand les r\u00eaves deviennent r\u00e9alit\u00e9. \u00c0 ma m\u00e8re, \u00e0 ma fille, je vous aime.\u00a0\u00bb<\/p>\n<p>                        Louane se confie sur son \u00e9tat d&rsquo;esprit avant le grand soir : \u00ab\u00a0J&rsquo;ai peur\u00a0\u00bb<\/p>\n<p>Penser \u00e0 sa maman, et surtout \u00e0 sa fille qu&rsquo;elle a eue avec Florian Rossi, peut l&rsquo;aider \u00e0 d\u00e9compresser. Surtout que <a href=\"https:\/\/www.programme-tv.net\/news\/musique\/378908-c-est-tres-dur-pour-moi-louane-tres-stressee-a-quelques-jours-de-la-finale-de-l-eurovision-2025-elle-se-livre-sur-son-etat-d-esprit\/\" data-api-deeplink=\"teleloisirs:\/\/news\/378908\" target=\"_blank\" rel=\"noopener\">Louane ne cache pas \u00eatre tr\u00e8s stress\u00e9e <\/a>avant le jour-J. <b>\u00ab\u00a0C&rsquo;est hyper intense. J&rsquo;ai peur, on ne va pas se mentir, <\/b>mais je suis hyper fi\u00e8re et hyper honor\u00e9e de pouvoir le faire donc j&rsquo;ai h\u00e2te\u00a0\u00bb, a-t-elle confi\u00e9 au micro de M Radio. Et d&rsquo;ajouter : \u00ab\u00a0Je g\u00e8re tr\u00e8s mal mon stress, c&rsquo;est tr\u00e8s dur pour moi\u00a0\u00bb. En esp\u00e9rant qu&rsquo;elle remporte le concours ce samedi 17 mai !<\/p>\n<p>La publication de Louane est \u00e0 retrouver <a href=\"https:\/\/www.instagram.com\/p\/DJuPyCaNw2q\/?hl=fr&amp;img_index=2\" target=\"_blank\" rel=\"noopener\"><b>ICI<\/b><\/a>.<\/p>\n<p>        <script async src=\"\/\/www.instagram.com\/embed.js\"><\/script><\/p>\n","protected":false},"excerpt":{"rendered":"\u00c0 la veille de la finale du concours de l&rsquo;Eurovision 2025, Louane a partag\u00e9 une photo d&rsquo;elle aux&hellip;\n","protected":false},"author":2,"featured_media":105526,"comment_status":"","ping_status":"","sticky":false,"template":"","format":"standard","meta":{"footnotes":""},"categories":[1355],"tags":[14735,244,22249,58,59,1011,27,14254,1361,873,1630],"class_list":{"0":"post-105525","1":"post","2":"type-post","3":"status-publish","4":"format-standard","5":"has-post-thumbnail","7":"category-musique","8":"tag-bu00e9bu00e9","9":"tag-commentaire","10":"tag-concours-eurovision-de-la-chanson-2025","11":"tag-divertissement","12":"tag-entertainment","13":"tag-fr","14":"tag-france","15":"tag-louane-emera","16":"tag-music","17":"tag-musique","18":"tag-zapping"},"share_on_mastodon":{"url":"https:\/\/pubeurope.com\/@fr\/114519952778610547","error":""},"_links":{"self":[{"href":"https:\/\/www.europesays.com\/fr\/wp-json\/wp\/v2\/posts\/105525","targetHints":{"allow":["GET"]}}],"collection":[{"href":"https:\/\/www.europesays.com\/fr\/wp-json\/wp\/v2\/posts"}],"about":[{"href":"https:\/\/www.europesays.com\/fr\/wp-json\/wp\/v2\/types\/post"}],"author":[{"embeddable":true,"href":"https:\/\/www.europesays.com\/fr\/wp-json\/wp\/v2\/users\/2"}],"replies":[{"embeddable":true,"href":"https:\/\/www.europesays.com\/fr\/wp-json\/wp\/v2\/comments?post=105525"}],"version-history":[{"count":0,"href":"https:\/\/www.europesays.com\/fr\/wp-json\/wp\/v2\/posts\/105525\/revisions"}],"wp:featuredmedia":[{"embeddable":true,"href":"https:\/\/www.europesays.com\/fr\/wp-json\/wp\/v2\/media\/105526"}],"wp:attachment":[{"href":"https:\/\/www.europesays.com\/fr\/wp-json\/wp\/v2\/media?parent=105525"}],"wp:term":[{"taxonomy":"category","embeddable":true,"href":"https:\/\/www.europesays.com\/fr\/wp-json\/wp\/v2\/categories?post=105525"},{"taxonomy":"post_tag","embeddable":true,"href":"https:\/\/www.europesays.com\/fr\/wp-json\/wp\/v2\/tags?post=105525"}],"curies":[{"name":"wp","href":"https:\/\/api.w.org\/{rel}","templated":true}]}}