{"id":105529,"date":"2025-05-16T22:50:08","date_gmt":"2025-05-16T22:50:08","guid":{"rendered":"https:\/\/www.europesays.com\/fr\/105529\/"},"modified":"2025-05-16T22:50:08","modified_gmt":"2025-05-16T22:50:08","slug":"une-neurologue-decrypte-les-idees-recues-sur-lapnee-du-sommeil","status":"publish","type":"post","link":"https:\/\/www.europesays.com\/fr\/105529\/","title":{"rendered":"Une neurologue d\u00e9crypte les id\u00e9es re\u00e7ues sur l\u2019apn\u00e9e du sommeil"},"content":{"rendered":"<p>            Par<br \/>\n        <strong><br \/>\n            <a href=\"https:\/\/actu.fr\/auteur\/s-lavenu\" title=\"Consulter tous les articles de Sol\u00e8ne Lavenu\" rel=\"nofollow noopener\" target=\"_blank\">Sol\u00e8ne Lavenu<\/a><br \/>\n        <\/strong><\/p>\n<p>        Publi\u00e9 le<\/p>\n<p>            16 mai 2025 \u00e0 11h38        <\/p>\n<p>Une veuve <a href=\"https:\/\/actu.fr\/normandie\/sainte-colombe_50457\/comment-lapnee-du-sommeil-a-detruit-la-vie-dun-homme-dans-le-cotentin_62643383.html\" rel=\"nofollow noopener\" target=\"_blank\">a racont\u00e9 la souffrance v\u00e9cue<\/a> \u00e0 cause d\u2019une <b>apn\u00e9e du sommeil <\/b>par son <b>\u00e9poux <\/b>qui <b>s\u2019est suicid\u00e9<\/b> dans le <b>Cotentin<\/b>. Voici <b>des id\u00e9es re\u00e7ues<\/b> sur le sujet.<\/p>\n<p class=\"ac-article-content__question wall-content\">L\u2019apn\u00e9e du sommeil concerne-t-elle surtout les personnes les plus \u00e2g\u00e9es\u2009?<\/p>\n<p class=\" wall-content\">NON<\/p>\n<p class=\" wall-content\">\u00ab\u2009Cela concerne tout le monde. Il y a <b>des enfants<\/b> qui souffrent d\u2019apn\u00e9e du sommeil, comme des personnes plus \u00e2g\u00e9es. Aussi bien des hommes que des femmes\u2026\u2009\u00bb, assure Fran\u00e7oise Bertran, <b>neurologue <\/b>\u00e0 la clinique du sommeil du <a href=\"https:\/\/www.chu-caen.fr\/\" rel=\"nofollow noopener\" target=\"_blank\">CHU de Caen<\/a> (Calvados).<\/p>\n<p class=\" wall-content\">En revanche, un profil type est plus r\u00e9current\u2009: une personne d\u2019un certain \u00e2ge, en <b>surpoids<\/b>, consommatrice <b>d\u2019anxiolytique<\/b>, <b>d\u2019alcool<\/b>\u2026 \u00ab\u2009Tous ces facteurs augmentent l\u2019apn\u00e9e du sommeil.\u2009\u00bb<\/p>\n<p class=\"ac-article-content__question wall-content\">L\u2019apn\u00e9e du sommeil est-elle h\u00e9r\u00e9ditaire\u2009?<\/p>\n<p class=\" wall-content\">NON<\/p>\n<p class=\" wall-content\"><b>Divers probl\u00e8mes <\/b>engendrent l\u2019apn\u00e9e du sommeil. Chez <b>certains patients<\/b>, elle est due \u00e0 <b>des caract\u00e9ristiques physiques<\/b>, comme une langue trop \u00e9paisse, un souci de m\u00e2choire, des voies respiratoires \u00e9troites\u2026<\/p>\n<p>Vid\u00e9os : en ce moment sur Actu<\/p>\n<p class=\" wall-content\">Des caract\u00e9ristiques qui peuvent se transmettre g\u00e9n\u00e9tiquement sans que cela soit v\u00e9ritablement <b>une maladie g\u00e9n\u00e9tique<\/b>.<\/p>\n<p class=\"ac-article-content__question wall-content\">Le traitement de l\u2019apn\u00e9e du sommeil est-il \u00e0 vie\u2009?<\/p>\n<p class=\" wall-content\">OUI<\/p>\n<p class=\" wall-content\">Pour \u00e9viter les apn\u00e9es du sommeil, le <b>traitement <\/b>est \u00ab\u2009assez simple\u2009\u00bb, annonce Fran\u00e7oise Bertran. \u00ab\u2009C\u2019est une machine que l\u2019on place sur son nez et qui <b>aide \u00e0 la respiration<\/b>.\u2009\u00bb Mais ce syst\u00e8me, s\u2019il emp\u00eache les apn\u00e9es, ne les soigne pas. C\u2019est donc un traitement \u00e0 vie.<\/p>\n<p class=\" wall-content\">\u00ab\u2009Mais il existe parfois des cas, lorsque l\u2019apn\u00e9e du sommeil est due, par exemple, \u00e0 un surpoids ou \u00e0 une malformation, o\u00f9 l\u2019apn\u00e9e du sommeil peut dispara\u00eetre gr\u00e2ce \u00e0 <b>une op\u00e9ration<\/b>\u2009\u00bb, d\u00e9taille la neurologue.<\/p>\n<p class=\"ac-article-content__question wall-content\">Une nuit avec le masque suffit-elle pour que les sympt\u00f4mes s\u2019envolent\u2009?<\/p>\n<p class=\" wall-content\">OUI et NON<\/p>\n<p class=\" wall-content\">\u00ab\u2009Cela d\u00e9pend du patient et de son adaptabilit\u00e9 au masque. Pour certains, le masque n\u2019est pas du tout g\u00eanant, si bien qu\u2019ils dorment tr\u00e8s bien avec d\u00e8s la premi\u00e8re nuit\u2009\u00bb, souligne Fran\u00e7oise Bertran.<\/p>\n<p class=\" wall-content\">\u00ab\u2009Pour d\u2019autres, les <b>r\u00e9glages <\/b>vont prendre plus de temps, si bien que <b>les nuits<\/b> ne peuvent \u00eatre r\u00e9paratrices qu\u2019apr\u00e8s un mois de masque.\u2009\u00bb<\/p>\n<p class=\"ac-article-content__question wall-content\">L\u2019apn\u00e9e du sommeil est-elle encore peu diagnostiqu\u00e9e\u2009?<\/p>\n<p class=\" wall-content\">NON<\/p>\n<p class=\" wall-content\">\u00ab\u2009Il y a une dizaine d\u2019ann\u00e9es, c\u2019\u00e9tait le cas. Aujourd\u2019hui, la <b>m\u00e9decine <\/b>a fait <b>d\u2019importants progr\u00e8s<\/b>, promet la neurologue. Le <b>d\u00e9pistage <\/b>est facile et r\u00e9guli\u00e8rement prescrit, que ce soit par <b>les sp\u00e9cialistes<\/b> ou par<b> les g\u00e9n\u00e9ralistes<\/b>. Cependant, les <b>sympt\u00f4mes <\/b>peuvent ressembler \u00e0 ceux de la <b>d\u00e9pression<\/b>. C\u2019est l\u00e0 toute la difficult\u00e9.\u2009\u00bb<\/p>\n<p class=\"ac-article-content__question wall-content\">L\u2019apn\u00e9e du sommeil peut-elle tuer\u2009?<\/p>\n<p class=\" wall-content\">NON<\/p>\n<p class=\" wall-content\">\u00ab\u2009Pas directement\u2009\u00bb, affirme la neurologue du CHU de Caen. \u00ab\u2009Quand un patient est trop fatigu\u00e9, les <b>\u00e9tudes <\/b>ont montr\u00e9 qu\u2019il n\u2019en mourrait pas, mais qu\u2019il finissait par s\u2019endormir, qu\u2019importent les conditions.\u2009\u00bb<\/p>\n<p class=\" wall-content\">En revanche, l\u2019apn\u00e9e du sommeil engendre <b>des troubles multiples<\/b>, qui peuvent, eux, \u00eatre \u00e0 l\u2019origine d\u2019un <b>d\u00e9c\u00e8s<\/b>, comme des troubles cardiovasculaires, une insuffisance cardiaque, des troubles du m\u00e9tabolisme, l\u2019apparition de diab\u00e8te, de cholest\u00e9rol, des pertes de m\u00e9moire, de la libido\u2026 Il y a une multitude de <b>cons\u00e9quences<\/b>.<\/p>\n<p class=\"ac-article-content__question wall-content\">Apn\u00e9e du sommeil et psychologie sont-elles li\u00e9es\u2009?<\/p>\n<p class=\" wall-content\">NON<\/p>\n<p class=\" wall-content\">\u00ab\u2009Pas directement, selon Fran\u00e7oise Bertran. Aucune \u00e9tude ne montre un lien entre psychologie et apn\u00e9e du sommeil. En revanche, l\u2019\u00e9tat de fatigue des patients souffrant d\u2019apn\u00e9e du sommeil est telle que les cons\u00e9quences sur l\u2019\u00e9tat psychologique du patient sont \u00e9videntes. Les patients souffrant des apn\u00e9es les plus s\u00e9v\u00e8res peuvent se r\u00e9veiller jusqu\u2019\u00e0 une dizaine de fois par minute. Dans ces conditions, ils n\u2019entrent jamais dans un sommeil profond. R\u00e9sultat, ils ne sont plus attentifs et, forc\u00e9ment, plus d\u00e9prim\u00e9s.\u2009\u00bb<\/p>\n<p class=\" wall-content\">Suivez toute l\u2019actualit\u00e9 de vos villes et m\u00e9dias favoris en vous inscrivant \u00e0 <a href=\"https:\/\/moncompte.actu.fr\" title=\"D\u00e9couvez Mon Actu\" rel=\"nofollow noopener\" data-trk=\"{&quot;cta&quot;:{&quot;action&quot;:&quot;https:\\\/\\\/moncompte.actu.fr&quot;,&quot;category&quot;:&quot;mon compte&quot;,&quot;from&quot;:&quot;article footer&quot;,&quot;name&quot;:&quot;Mon actu&quot;,&quot;type&quot;:&quot;cta&quot;}}\" target=\"_blank\">Mon Actu<\/a>.<\/p>\n","protected":false},"excerpt":{"rendered":"Par Sol\u00e8ne Lavenu Publi\u00e9 le 16 mai 2025 \u00e0 11h38 Une veuve a racont\u00e9 la souffrance v\u00e9cue \u00e0&hellip;\n","protected":false},"author":2,"featured_media":105530,"comment_status":"","ping_status":"","sticky":false,"template":"","format":"standard","meta":{"footnotes":""},"categories":[10],"tags":[3168,1011,27,72,71,104],"class_list":{"0":"post-105529","1":"post","2":"type-post","3":"status-publish","4":"format-standard","5":"has-post-thumbnail","7":"category-sante","8":"tag-cotentin","9":"tag-fr","10":"tag-france","11":"tag-health","12":"tag-sante","13":"tag-societe"},"share_on_mastodon":{"url":"https:\/\/pubeurope.com\/@fr\/114519960732366763","error":""},"_links":{"self":[{"href":"https:\/\/www.europesays.com\/fr\/wp-json\/wp\/v2\/posts\/105529","targetHints":{"allow":["GET"]}}],"collection":[{"href":"https:\/\/www.europesays.com\/fr\/wp-json\/wp\/v2\/posts"}],"about":[{"href":"https:\/\/www.europesays.com\/fr\/wp-json\/wp\/v2\/types\/post"}],"author":[{"embeddable":true,"href":"https:\/\/www.europesays.com\/fr\/wp-json\/wp\/v2\/users\/2"}],"replies":[{"embeddable":true,"href":"https:\/\/www.europesays.com\/fr\/wp-json\/wp\/v2\/comments?post=105529"}],"version-history":[{"count":0,"href":"https:\/\/www.europesays.com\/fr\/wp-json\/wp\/v2\/posts\/105529\/revisions"}],"wp:featuredmedia":[{"embeddable":true,"href":"https:\/\/www.europesays.com\/fr\/wp-json\/wp\/v2\/media\/105530"}],"wp:attachment":[{"href":"https:\/\/www.europesays.com\/fr\/wp-json\/wp\/v2\/media?parent=105529"}],"wp:term":[{"taxonomy":"category","embeddable":true,"href":"https:\/\/www.europesays.com\/fr\/wp-json\/wp\/v2\/categories?post=105529"},{"taxonomy":"post_tag","embeddable":true,"href":"https:\/\/www.europesays.com\/fr\/wp-json\/wp\/v2\/tags?post=105529"}],"curies":[{"name":"wp","href":"https:\/\/api.w.org\/{rel}","templated":true}]}}