{"id":105533,"date":"2025-05-16T22:52:11","date_gmt":"2025-05-16T22:52:11","guid":{"rendered":"https:\/\/www.europesays.com\/fr\/105533\/"},"modified":"2025-05-16T22:52:11","modified_gmt":"2025-05-16T22:52:11","slug":"je-pete-pour-destresser-billy-crawford-se-lache-face-a-chantal-goya-dans-les-enfants-de-la-tele","status":"publish","type":"post","link":"https:\/\/www.europesays.com\/fr\/105533\/","title":{"rendered":"Je p\u00e8te pour d\u00e9stresser\u00a0\u00bb : Billy Crawford se l\u00e2che face \u00e0 Chantal Goya dans \u00ab\u00a0Les enfants de la t\u00e9l\u00e9"},"content":{"rendered":"<p>En plus d\u2019exceller en danse, et faire vibrer ses fans en chanson, Billy Crawford reste \u00e9galement un artiste rempli d\u2019humour. La preuve, avec ses d\u00e9clarations faites dans <strong>\u00ab\u00a0Les Enfants de la t\u00e9l\u00e9\u00a0\u00bb<\/strong>. Ce dimanche 18 mai 2025, l\u2019interpr\u00e8te de <strong>\u00ab\u00a0Track In\u00a0\u00bb<\/strong> sera en effet l\u2019invit\u00e9 de<a href=\"https:\/\/www.public.fr\/tag\/laurence-boccolini\" rel=\"nofollow noopener\" target=\"_blank\"> Laurence Boccolini.<\/a><\/p>\n<p>L\u2019artiste de 43 ans ne sera pas seul et pourra retrouver une autre chanteuse populaire \u00e0 la table de l\u2019\u00e9mission de France 2, en la personne de Chantal Goya. Celle-ci ne pourra d\u2019ailleurs pas cacher sa g\u00eane lorsque le gagnant de la douzi\u00e8me saison de <strong>\u00ab\u00a0Danse avec les stars\u00a0\u00bb<\/strong> va \u00e9voquer sa mani\u00e8re, bien \u00e0 lui, d\u2019\u00e9vacuer le stress avant une repr\u00e9sentation.<\/p>\n<p>Billy Crawford \u00ab\u00a0p\u00e8te\u00a0\u00bb pour \u00e9vacuer le stress<\/p>\n<p>Si certains chanteurs font des vocalises, les 100 pas dans leur loge, ou appellent leurs proches pour \u00e9vacuer le stress, Billy Crawford, lui, vide les substances en trop dans son corps. \u00ab\u00a0<strong>Pour d\u00e9stresser ? Moi, j\u2019\u00e9vacue tout le gaz dans mon ventre<\/strong>. Pour l\u00e2cher tout le stress quelques moments dans les toilettes\u00a0\u00bb, va-t-il r\u00e9v\u00e9ler dans <strong>\u00ab\u00a0Les Enfants de la t\u00e9l\u00e9\u00a0\u00bb<\/strong>.<\/p>\n<p>Une d\u00e9claration qui ne va pas manquer de rendre hilares les invit\u00e9s de l\u2019\u00e9mission. Chantal Goya, elle, va pr\u00e9f\u00e9rer boire un verre d\u2019eau, les yeux \u00e9carquill\u00e9s, apr\u00e8s avoir appris une telle nouvelle. \u00ab\u00a0T\u2019es stress\u00e9 l\u00e0 ?\u00a0\u00bb, va lui demander l\u2019interpr\u00e8te de <strong>\u00ab\u00a0B\u00e9cassine\u00a0\u00bb<\/strong>, visiblement inqui\u00e8te pour ses nasaux.<\/p>\n<p><strong>\u00ab\u00a0Non, t\u2019inqui\u00e8tes, je ne stresse pas\u00a0\u00bb<\/strong>, va tenter de la rassurer l\u2019ex-compagnon de <a href=\"https:\/\/www.public.fr\/tag\/lorie\" rel=\"nofollow noopener\" target=\"_blank\">Lorie<\/a>. Avec une telle r\u00e9v\u00e9lation, Laurence Boccolini va profiter de l\u2019occasion pour lancer un magn\u00e9to. Dans celui-ci, les t\u00e9l\u00e9spectateurs vont pouvoir retrouver Billy Crawford accorder une interview, et d\u00e9j\u00e0 \u00e9voquer sa fa\u00e7on bien \u00e0 lui d\u2019\u00e9vacuer le stress.<\/p>\n<p>Et ne s&rsquo;en est jamais cach\u00e9<\/p>\n<p>\u00ab\u00a0Avant de monter sur sc\u00e8ne, qu&rsquo;est-ce que tu fais ?\u00a0\u00bb, lui demande un confr\u00e8re. \u00c0 quoi le principal int\u00e9ress\u00e9 r\u00e9pond, d\u00e9j\u00e0 en toute franchise : \u00ab\u00a0<strong>ben je p\u00e8te hein\u00a0\u00bb<\/strong>. \u00ab\u00a0En vrai, \u00e0 100%. Chacun son truc\u00a0\u00bb, a-t-il ajout\u00e9, hilare.\u00a0<\/p>\n<p>Mieux vaut que Billy Crawford \u00e9vacue son stress de cette mani\u00e8re. Pour rappel, le chanteur \u00e2g\u00e9 de 43 ans l\u2019\u00e9vacuait d\u2019une fa\u00e7on diff\u00e9rente il y a encore quelques ann\u00e9es. R\u00e9cemment interrog\u00e9 par Jordan de Luxe, l\u2019artiste avouait avoir \u00e9t\u00e9 victime d\u2019alcoolisme. \u00c0 l\u2019\u00e9poque, <a href=\"https:\/\/www.public.fr\/danse-avec-les-stars-2-litres-de-whisky-pour-ce-grand-gagnant-tombe-dans-lalcoolisme\" rel=\"nofollow noopener\" target=\"_blank\">il lui arrivait de boire \u00ab\u00a0deux litres de whisky par jour\u00a0\u00bb.<\/a><\/p>\n<p>      Mentionn\u00e9s dans cet article<\/p>\n<p>\u00c0 lire aussi<\/p>\n","protected":false},"excerpt":{"rendered":"En plus d\u2019exceller en danse, et faire vibrer ses fans en chanson, Billy Crawford reste \u00e9galement un artiste&hellip;\n","protected":false},"author":2,"featured_media":105534,"comment_status":"","ping_status":"","sticky":false,"template":"","format":"standard","meta":{"footnotes":""},"categories":[8],"tags":[4827,14397,58,59,1011,27,3219,20223],"class_list":{"0":"post-105533","1":"post","2":"type-post","3":"status-publish","4":"format-standard","5":"has-post-thumbnail","7":"category-divertissement","8":"tag-billy-crawford","9":"tag-chantal-goya","10":"tag-divertissement","11":"tag-entertainment","12":"tag-fr","13":"tag-france","14":"tag-laurence-boccolini","15":"tag-les-enfants-de-la-tele"},"share_on_mastodon":{"url":"https:\/\/pubeurope.com\/@fr\/114519969486345900","error":""},"_links":{"self":[{"href":"https:\/\/www.europesays.com\/fr\/wp-json\/wp\/v2\/posts\/105533","targetHints":{"allow":["GET"]}}],"collection":[{"href":"https:\/\/www.europesays.com\/fr\/wp-json\/wp\/v2\/posts"}],"about":[{"href":"https:\/\/www.europesays.com\/fr\/wp-json\/wp\/v2\/types\/post"}],"author":[{"embeddable":true,"href":"https:\/\/www.europesays.com\/fr\/wp-json\/wp\/v2\/users\/2"}],"replies":[{"embeddable":true,"href":"https:\/\/www.europesays.com\/fr\/wp-json\/wp\/v2\/comments?post=105533"}],"version-history":[{"count":0,"href":"https:\/\/www.europesays.com\/fr\/wp-json\/wp\/v2\/posts\/105533\/revisions"}],"wp:featuredmedia":[{"embeddable":true,"href":"https:\/\/www.europesays.com\/fr\/wp-json\/wp\/v2\/media\/105534"}],"wp:attachment":[{"href":"https:\/\/www.europesays.com\/fr\/wp-json\/wp\/v2\/media?parent=105533"}],"wp:term":[{"taxonomy":"category","embeddable":true,"href":"https:\/\/www.europesays.com\/fr\/wp-json\/wp\/v2\/categories?post=105533"},{"taxonomy":"post_tag","embeddable":true,"href":"https:\/\/www.europesays.com\/fr\/wp-json\/wp\/v2\/tags?post=105533"}],"curies":[{"name":"wp","href":"https:\/\/api.w.org\/{rel}","templated":true}]}}