{"id":105537,"date":"2025-05-16T22:54:12","date_gmt":"2025-05-16T22:54:12","guid":{"rendered":"https:\/\/www.europesays.com\/fr\/105537\/"},"modified":"2025-05-16T22:54:12","modified_gmt":"2025-05-16T22:54:12","slug":"revers-de-taille-ce-vendredi-pour-donald-trump-plusieurs-elus-republicains-font-capoter-son-megaprojet-de-loi","status":"publish","type":"post","link":"https:\/\/www.europesays.com\/fr\/105537\/","title":{"rendered":"Revers de taille ce vendredi pour Donald Trump: plusieurs \u00e9lus r\u00e9publicains font capoter son m\u00e9gaprojet de loi"},"content":{"rendered":"<p class=\"ap-StoryElement ap-StoryElement--mb ap-StoryText\">Ainsi, malgr\u00e9 les exhortations de Donald Trump sur son r\u00e9seau Truth Social, cinq \u00e9lus r\u00e9publicains se sont alli\u00e9s aux d\u00e9mocrates pour rejeter le texte devant la Commission du budget de la Chambre des repr\u00e9sentants.<\/p>\n<p><a href=\"https:\/\/www.lalibre.be\/international\/moyen-orient\/2025\/05\/16\/lors-de-ce-voyage-dans-le-golfe-donald-trump-a-pris-beaucoup-mais-a-donne-peu-R2L7X7MDCJB2VABFAZ4KYNPW54\/\" target=\"_blank\" rel=\"noopener noreferrer\" class=\"ap-StoryInterstitialLink ap-StoryElement ap-StoryElement--mb\">\u00ab\u00a0Lors de ce voyage dans le Golfe, Donald Trump a pris beaucoup mais a donn\u00e9 peu\u00a0\u00bb<\/a><\/p>\n<p class=\"ap-StoryElement ap-StoryElement--mb ap-StoryText\">\u00ab\u00a0Ce projet de loi est loin d&rsquo;\u00eatre \u00e0 la hauteur, notamment sur le d\u00e9ficit. Nous signons des ch\u00e8ques que nous ne pouvons pas encaisser et ce sont nos enfants qui en paieront le prix\u00a0\u00bb, a lanc\u00e9 Chip Roy, \u00e9lu conservateur du Texas.<\/p>\n<p class=\"ap-StoryElement ap-StoryElement--mb ap-StoryText\">Le texte va \u00eatre retravaill\u00e9 et soumis de nouveau \u00e0 la Commission la semaine prochaine, mais les diff\u00e9rences de vue entre les \u00e9lus r\u00e9publicains mod\u00e9r\u00e9s et ceux les plus \u00e0 droite pourraient faire d\u00e9railler le programme pr\u00e9sidentiel.<\/p>\n<p class=\"ap-StoryElement ap-StoryElement--mb ap-StoryText\">Le projet pr\u00e9voit 880 milliards de dollars de coupes budg\u00e9taires sur une dizaine d&rsquo;ann\u00e9es, concernant principalement les programmes d&rsquo;assurance sant\u00e9 de 70 millions d&rsquo;Am\u00e9ricains aux revenus modestes. Mais le bureau du budget au Congr\u00e8s a estim\u00e9 que le projet examin\u00e9 conduirait 8,6 millions d&rsquo;Am\u00e9ricains suppl\u00e9mentaires \u00e0 perdre leur assurance sant\u00e9, un gros sujet d&rsquo;inqui\u00e9tude pour les r\u00e9publicains mod\u00e9r\u00e9s.<\/p>\n<p><a href=\"https:\/\/www.lalibre.be\/international\/amerique\/2025\/05\/15\/les-sondages-ont-ils-fait-derailler-donald-trump-CWRWWVQWWRFVPN5C37VEAN5YGA\/\" target=\"_blank\" rel=\"noopener noreferrer\" class=\"ap-StoryInterstitialLink ap-StoryElement ap-StoryElement--mb\">Les sondages ont-ils fait d\u00e9railler Donald Trump ?<\/a><\/p>\n<p class=\"ap-StoryElement ap-StoryElement--mb ap-StoryText\">A l&rsquo;inverse, les plus conservateurs estiment que le texte ne va pas assez loin dans les coupes budg\u00e9taires.<\/p>\n<p class=\"ap-StoryElement ap-StoryElement--mb ap-StoryText\">Le pr\u00e9sident r\u00e9publicain de la Chambre des repr\u00e9sentants, <a href=\"https:\/\/www.lalibre.be\/international\/amerique\/2025\/01\/03\/le-republicain-mike-johnson-allie-de-trump-perd-un-premier-vote-au-congres-pour-le-perchoir-WUTYTGAMNBGV7AGBXV5JMGBG3Y\/\" target=\"_blank\" rel=\"noopener\">Mike Johnson<\/a>, va passer le week-end \u00e0 tenter de trouver des compromis entre les diff\u00e9rentes factions avant un nouveau passage du texte en commission lundi.<\/p>\n<p class=\"ap-StoryElement ap-StoryElement--mb ap-StoryText\">M\u00eame s&rsquo;il passe ce premier \u00e9cueil, la bataille sera loin d&rsquo;\u00eatre termin\u00e9e puisque les s\u00e9nateurs r\u00e9publicains ont d\u00e9j\u00e0 fait part de leur volont\u00e9 d&rsquo;effectuer des changements majeurs quand le projet atteindra la chambre haute.<\/p>\n","protected":false},"excerpt":{"rendered":"Ainsi, malgr\u00e9 les exhortations de Donald Trump sur son r\u00e9seau Truth Social, cinq \u00e9lus r\u00e9publicains se sont alli\u00e9s&hellip;\n","protected":false},"author":2,"featured_media":105538,"comment_status":"","ping_status":"","sticky":false,"template":"","format":"standard","meta":{"footnotes":""},"categories":[6],"tags":[1003,35,22251,75,33,34,526,1011,27,22252,1050,316,308],"class_list":{"0":"post-105537","1":"post","2":"type-post","3":"status-publish","4":"format-standard","5":"has-post-thumbnail","7":"category-economie","8":"tag-budget","9":"tag-business","10":"tag-chip-roy","11":"tag-donald-trump","12":"tag-economie","13":"tag-economy","14":"tag-fiscalite","15":"tag-fr","16":"tag-france","17":"tag-mike-johnson","18":"tag-parlement","19":"tag-politique","20":"tag-usa"},"share_on_mastodon":{"url":"","error":""},"_links":{"self":[{"href":"https:\/\/www.europesays.com\/fr\/wp-json\/wp\/v2\/posts\/105537","targetHints":{"allow":["GET"]}}],"collection":[{"href":"https:\/\/www.europesays.com\/fr\/wp-json\/wp\/v2\/posts"}],"about":[{"href":"https:\/\/www.europesays.com\/fr\/wp-json\/wp\/v2\/types\/post"}],"author":[{"embeddable":true,"href":"https:\/\/www.europesays.com\/fr\/wp-json\/wp\/v2\/users\/2"}],"replies":[{"embeddable":true,"href":"https:\/\/www.europesays.com\/fr\/wp-json\/wp\/v2\/comments?post=105537"}],"version-history":[{"count":0,"href":"https:\/\/www.europesays.com\/fr\/wp-json\/wp\/v2\/posts\/105537\/revisions"}],"wp:featuredmedia":[{"embeddable":true,"href":"https:\/\/www.europesays.com\/fr\/wp-json\/wp\/v2\/media\/105538"}],"wp:attachment":[{"href":"https:\/\/www.europesays.com\/fr\/wp-json\/wp\/v2\/media?parent=105537"}],"wp:term":[{"taxonomy":"category","embeddable":true,"href":"https:\/\/www.europesays.com\/fr\/wp-json\/wp\/v2\/categories?post=105537"},{"taxonomy":"post_tag","embeddable":true,"href":"https:\/\/www.europesays.com\/fr\/wp-json\/wp\/v2\/tags?post=105537"}],"curies":[{"name":"wp","href":"https:\/\/api.w.org\/{rel}","templated":true}]}}