{"id":105539,"date":"2025-05-16T22:55:12","date_gmt":"2025-05-16T22:55:12","guid":{"rendered":"https:\/\/www.europesays.com\/fr\/105539\/"},"modified":"2025-05-16T22:55:12","modified_gmt":"2025-05-16T22:55:12","slug":"consternation-au-gabon-apres-lexfiltration-surprise-des-bongo-liberation","status":"publish","type":"post","link":"https:\/\/www.europesays.com\/fr\/105539\/","title":{"rendered":"consternation au Gabon apr\u00e8s l\u2019exfiltration surprise des Bongo \u2013 Lib\u00e9ration"},"content":{"rendered":"<p class=\"sc-ksZaOG ehjQrN text-element\">\u00abD\u00e9part secret, silence officiel\u00bb : dans une formule lapidaire, le m\u00e9dia en ligne Gabon Media Time a r\u00e9sum\u00e9 le malaise suscit\u00e9 \u00e0 l\u2019annonce de l\u2019exfiltration en douce de <a href=\"https:\/\/www.liberation.fr\/international\/afrique\/gabon-le-president-dechu-ali-bongo-libre-de-se-rendre-a-letranger-20230906_C4FR2ATCGNDHXNKIJK3NZKEROA\/\" target=\"_blank\" rel=\"noreferrer noopener\" title=\"https:\/\/www.liberation.fr\/international\/afrique\/gabon-le-president-dechu-ali-bongo-libre-de-se-rendre-a-letranger-20230906_C4FR2ATCGNDHXNKIJK3NZKEROA\/\">l\u2019ex-pr\u00e9sident Ali Bongo<\/a>, de sa femme Sylvia et de leur fils a\u00een\u00e9 Noureddine dans la nuit du jeudi 15 au vendredi 16 mai. Ils avaient d\u00e9j\u00e0 atterri \u00e0 Luanda, capitale de l\u2019Angola, quand les Gabonais l\u2019ont appris. Et ce ne sont pas les autorit\u00e9s gabonaises qui l\u2019ont annonc\u00e9, mais\u2026 Joao Louren\u00e7o, le pr\u00e9sident angolais, sur sa page Facebook.<\/p>\n<p class=\"sc-ksZaOG ehjQrN text-element\">En revanche, aucune d\u00e9claration en provenance du palais du bord de mer, si\u00e8ge du pouvoir, o\u00f9 s\u2019est install\u00e9 <a href=\"https:\/\/www.liberation.fr\/international\/afrique\/gabon-qui-est-le-general-brice-oligui-nguema-porte-en-triomphe-par-les-putschistes-20230830_HKJR7VI3BZARFFZ7BARUW6UKCE\/\" target=\"_blank\" rel=\"noreferrer noopener\" title=\"https:\/\/www.liberation.fr\/international\/afrique\/gabon-qui-est-le-general-brice-oligui-nguema-porte-en-triomphe-par-les-putschistes-20230830_HKJR7VI3BZARFFZ7BARUW6UKCE\/\">Brice Oligui Nguema<\/a>, le tombeur d\u2019Ali Bongo, depuis le coup d\u2019Etat militaire du 30 ao\u00fbt 2023. Seul un procureur a fini pa<\/p>\n","protected":false},"excerpt":{"rendered":"\u00abD\u00e9part secret, silence officiel\u00bb : dans une formule lapidaire, le m\u00e9dia en ligne Gabon Media Time a r\u00e9sum\u00e9&hellip;\n","protected":false},"author":2,"featured_media":105540,"comment_status":"","ping_status":"","sticky":false,"template":"","format":"standard","meta":{"footnotes":""},"categories":[5],"tags":[11,1011,27,1772,14,12,28],"class_list":{"0":"post-105539","1":"post","2":"type-post","3":"status-publish","4":"format-standard","5":"has-post-thumbnail","7":"category-international","8":"tag-actualites","9":"tag-fr","10":"tag-france","11":"tag-gabon","12":"tag-international","13":"tag-news","14":"tag-world"},"share_on_mastodon":{"url":"https:\/\/pubeurope.com\/@fr\/114519980365046895","error":""},"_links":{"self":[{"href":"https:\/\/www.europesays.com\/fr\/wp-json\/wp\/v2\/posts\/105539","targetHints":{"allow":["GET"]}}],"collection":[{"href":"https:\/\/www.europesays.com\/fr\/wp-json\/wp\/v2\/posts"}],"about":[{"href":"https:\/\/www.europesays.com\/fr\/wp-json\/wp\/v2\/types\/post"}],"author":[{"embeddable":true,"href":"https:\/\/www.europesays.com\/fr\/wp-json\/wp\/v2\/users\/2"}],"replies":[{"embeddable":true,"href":"https:\/\/www.europesays.com\/fr\/wp-json\/wp\/v2\/comments?post=105539"}],"version-history":[{"count":0,"href":"https:\/\/www.europesays.com\/fr\/wp-json\/wp\/v2\/posts\/105539\/revisions"}],"wp:featuredmedia":[{"embeddable":true,"href":"https:\/\/www.europesays.com\/fr\/wp-json\/wp\/v2\/media\/105540"}],"wp:attachment":[{"href":"https:\/\/www.europesays.com\/fr\/wp-json\/wp\/v2\/media?parent=105539"}],"wp:term":[{"taxonomy":"category","embeddable":true,"href":"https:\/\/www.europesays.com\/fr\/wp-json\/wp\/v2\/categories?post=105539"},{"taxonomy":"post_tag","embeddable":true,"href":"https:\/\/www.europesays.com\/fr\/wp-json\/wp\/v2\/tags?post=105539"}],"curies":[{"name":"wp","href":"https:\/\/api.w.org\/{rel}","templated":true}]}}