{"id":105549,"date":"2025-05-16T23:01:16","date_gmt":"2025-05-16T23:01:16","guid":{"rendered":"https:\/\/www.europesays.com\/fr\/105549\/"},"modified":"2025-05-16T23:01:16","modified_gmt":"2025-05-16T23:01:16","slug":"cinq-ans-apres-le-mans-rejoint-nancy-en-ligue-2","status":"publish","type":"post","link":"https:\/\/www.europesays.com\/fr\/105549\/","title":{"rendered":"cinq ans apr\u00e8s, Le Mans rejoint Nancy en Ligue 2"},"content":{"rendered":"<p>Ce vendredi soir, Le Mans a battu Versailles (2-0) et a compost\u00e9 son ticket pour la Ligue 2.<\/p>\n<p class=\"fig-paragraph\">Cinq ans apr\u00e8s sa rel\u00e9gation, Le Mans a d\u00e9croch\u00e9 vendredi soir son billet pour la Ligue 2 au terme de la derni\u00e8re journ\u00e9e du championnat de National. Les Manceaux, vainqueurs de Versailles 2-0, accompagneront \u00e0 l&rsquo;\u00e9tage sup\u00e9rieur Nancy, d\u00e9j\u00e0 assur\u00e9 de son billet. Ils retrouvent une Ligue 2 qu&rsquo;ils avaient quitt\u00e9e au bout de la saison 2019-20, \u00e9court\u00e9e par la pand\u00e9mie de Covid-19.<\/p>\n<p class=\"fig-paragraph\">Boulogne, qui abordait cette ultime journ\u00e9e \u00e0 \u00e9galit\u00e9 de points avec les Sarthois, a \u00e9t\u00e9 tenu en \u00e9chec par Ch\u00e2teauroux (1-1) mais garde une possibilit\u00e9 de monter lors du barrage programm\u00e9 face \u00e0 Clermont, 16e de L2 (match aller le 20 mai au Mans, retour le 25 mai \u00e0 Clermont).<\/p>\n<p class=\"fig-paragraph\">Dans le bas du classement, o\u00f9 N\u00eemes \u00e9tait d\u00e9j\u00e0 condamn\u00e9, Ch\u00e2teauroux, malgr\u00e9 son match nul \u00e0 Boulogne, \u00e9choue \u00e0 la 16e et avant-derni\u00e8re place et \u00e9voluera en National 2 la saison prochaine. Villefranche, qui \u00e9tait exempt\u00e9, et le Paris 13 Atletico, qui a domin\u00e9 Concarneau \u00e0 domicile (2-1), ont assur\u00e9 leur maintien.<\/p>\n","protected":false},"excerpt":{"rendered":"Ce vendredi soir, Le Mans a battu Versailles (2-0) et a compost\u00e9 son ticket pour la Ligue 2.&hellip;\n","protected":false},"author":2,"featured_media":105550,"comment_status":"","ping_status":"","sticky":false,"template":"","format":"standard","meta":{"footnotes":""},"categories":[9635],"tags":[1111,11,454,69,448,83,451,64,1777,450,449,674,1011,27,775,452,453,66,446,447,1702,12,70,25,455],"class_list":{"0":"post-105549","1":"post","2":"type-post","3":"status-publish","4":"format-standard","5":"has-post-thumbnail","7":"category-nancy","8":"tag-actu","9":"tag-actualites","10":"tag-ballon-dor","11":"tag-bundesliga","12":"tag-champions-league","13":"tag-coupe-de-france","14":"tag-coupe-du-monde","15":"tag-equipe-de-france","16":"tag-eu","17":"tag-euro","18":"tag-europa-league","19":"tag-europe","20":"tag-fr","21":"tag-france","22":"tag-grand-est","23":"tag-italie","24":"tag-liga","25":"tag-ligue-1","26":"tag-ligue-2","27":"tag-ligue-des-champions","28":"tag-nancy","29":"tag-news","30":"tag-premier-league","31":"tag-republique-francaise","32":"tag-uefa"},"share_on_mastodon":{"url":"https:\/\/pubeurope.com\/@fr\/114520003930191502","error":""},"_links":{"self":[{"href":"https:\/\/www.europesays.com\/fr\/wp-json\/wp\/v2\/posts\/105549","targetHints":{"allow":["GET"]}}],"collection":[{"href":"https:\/\/www.europesays.com\/fr\/wp-json\/wp\/v2\/posts"}],"about":[{"href":"https:\/\/www.europesays.com\/fr\/wp-json\/wp\/v2\/types\/post"}],"author":[{"embeddable":true,"href":"https:\/\/www.europesays.com\/fr\/wp-json\/wp\/v2\/users\/2"}],"replies":[{"embeddable":true,"href":"https:\/\/www.europesays.com\/fr\/wp-json\/wp\/v2\/comments?post=105549"}],"version-history":[{"count":0,"href":"https:\/\/www.europesays.com\/fr\/wp-json\/wp\/v2\/posts\/105549\/revisions"}],"wp:featuredmedia":[{"embeddable":true,"href":"https:\/\/www.europesays.com\/fr\/wp-json\/wp\/v2\/media\/105550"}],"wp:attachment":[{"href":"https:\/\/www.europesays.com\/fr\/wp-json\/wp\/v2\/media?parent=105549"}],"wp:term":[{"taxonomy":"category","embeddable":true,"href":"https:\/\/www.europesays.com\/fr\/wp-json\/wp\/v2\/categories?post=105549"},{"taxonomy":"post_tag","embeddable":true,"href":"https:\/\/www.europesays.com\/fr\/wp-json\/wp\/v2\/tags?post=105549"}],"curies":[{"name":"wp","href":"https:\/\/api.w.org\/{rel}","templated":true}]}}