{"id":1055566,"date":"2026-07-10T09:28:14","date_gmt":"2026-07-10T09:28:14","guid":{"rendered":"https:\/\/www.europesays.com\/fr\/1055566\/"},"modified":"2026-07-10T09:28:14","modified_gmt":"2026-07-10T09:28:14","slug":"meteo-quel-temps-est-il-prevu-a-vandoeuvre-les-nancy-et-ses-environs-le-jeudi-9-juillet-2026","status":"publish","type":"post","link":"https:\/\/www.europesays.com\/fr\/1055566\/","title":{"rendered":"M\u00e9t\u00e9o. Quel temps est-il pr\u00e9vu \u00e0 Vand\u0153uvre-l\u00e8s-Nancy et ses environs le jeudi 9 juillet 2026 ?"},"content":{"rendered":"<p>La matin\u00e9e d\u00e9butera sous un ciel enti\u00e8rement d\u00e9gag\u00e9, avec une temp\u00e9rature douce autour de 18 \u00e0 19 \u00b0C. Au fil des heures, le thermom\u00e8tre montera pour atteindre environ 24 \u00b0C en fin de matin\u00e9e. Le vent restera faible \u00e0 mod\u00e9r\u00e9, soufflant d\u2019abord de l\u2019Est-Nord-Est \u00e0 5 km\/h avec des rafales jusqu\u2019\u00e0 15 km\/h, puis se renforcera autour de 10 km\/h avec des rafales atteignant 25 km\/h en tournant au Nord-Est. L\u2019air se fera plus sec, annon\u00e7ant une ambiance estivale.<\/p>\n<p>L\u2019apr\u00e8s-midi pr\u00e9sentera un ciel d\u00e9gag\u00e9 et stable, dans la continuit\u00e9 du temps calme observ\u00e9 en matin\u00e9e, sans \u00e9volution notable de la n\u00e9bulosit\u00e9. Les temp\u00e9ratures grimperont d\u2019un niveau d\u00e9j\u00e0 chaud en d\u00e9but d\u2019apr\u00e8s-midi pour atteindre environ 30 \u00b0C en fin de p\u00e9riode. Le vent, venant du Nord-Est, se renforcera surtout par ses rafales, pouvant atteindre 30 km\/h, tout en restant mod\u00e9r\u00e9 autour de 10 \u00e0 15 km\/h. L\u2019humidit\u00e9 reculera, accentuant la sensation de chaleur.<\/p>\n<p>En d\u00e9but de soir\u00e9e, dans le prolongement de cet apr\u00e8s-midi tr\u00e8s chaud, la temp\u00e9rature restera \u00e9lev\u00e9e autour de 31 \u00b0C avant de d\u00e9cro\u00eetre pour atteindre environ 27 \u00b0C en fin de nuit, avec une remont\u00e9e temporaire. Le ciel sera d\u2019abord parfaitement d\u00e9gag\u00e9, puis deviendra l\u00e9g\u00e8rement nuageux au fil des heures. Le vent soufflera du Nord-Est puis de l\u2019Est-Nord-Est, se maintenant proche de 15 km\/h avant de faiblir vers 10 km\/h, avec des rafales pouvant atteindre 30 km\/h en d\u00e9but de soir\u00e9e. L\u2019humidit\u00e9 augmentera peu \u00e0 peu.<\/p>\n<p>Durant la nuit suivante, apr\u00e8s cette soir\u00e9e encore lourde, la temp\u00e9rature restera \u00e9lev\u00e9e, \u00e9voluant lentement entre 23 et 26 \u00b0C, avec un rafra\u00eechissement en fin de nuit. Le vent restera faible \u00e0 mod\u00e9r\u00e9 autour de 10 km\/h, avec des rafales atteignant 15 km\/h puis jusqu\u2019\u00e0 20 km\/h avant l\u2019aube. Sa provenance passera de l\u2019Est-Nord-Est au Nord-Est, dans un ciel qui demeurera peu nuageux. L\u2019humidit\u00e9 se maintiendra \u00e0 un niveau mod\u00e9r\u00e9, sans variation brusque.<\/p>\n<p>Demain, vendredi, dans la continuit\u00e9 de cette nuit douce, la temp\u00e9rature progressera nettement, passant d\u2019un d\u00e9but de matin\u00e9e d\u00e9j\u00e0 doux \u00e0 23 \u00b0C pour atteindre 34 \u00b0C en fin d\u2019apr\u00e8s-midi. Le vent, d\u2019abord orient\u00e9 au Nord-Est, s\u2019\u00e9tablira ensuite \u00e0 l\u2019Est-Nord-Est, avec une intensit\u00e9 se renfor\u00e7ant de 10 km\/h \u00e0 15 km\/h, tandis que les rafales gagneront en vigueur jusqu\u2019\u00e0 35 km\/h. Le ciel peu nuageux le matin deviendra plus charg\u00e9 \u00e0 la mi-journ\u00e9e, puis restera globalement nuageux, alors que l\u2019humidit\u00e9 diminuera de fa\u00e7on r\u00e9guli\u00e8re.<\/p>\n<p><a href=\"https:\/\/www.ouest-france.fr\/meteo\/grand-est\/vandoeuvre-les-nancy-54500\/\" rel=\"nofollow noopener\" target=\"_blank\">Suivez la m\u00e9t\u00e9o de votre commune en temps r\u00e9el<\/a><\/p>\n<p>Ouest-France vous donne \u00e9galement la possibilit\u00e9 de conna\u00eetre la m\u00e9t\u00e9o de votre commune, heure par heure, sur notre page m\u00e9t\u00e9o d\u00e9di\u00e9e<\/p>\n","protected":false},"excerpt":{"rendered":"La matin\u00e9e d\u00e9butera sous un ciel enti\u00e8rement d\u00e9gag\u00e9, avec une temp\u00e9rature douce autour de 18 \u00e0 19 \u00b0C.&hellip;\n","protected":false},"author":2,"featured_media":936456,"comment_status":"","ping_status":"","sticky":false,"template":"","format":"standard","meta":{"footnotes":"","_share_on_mastodon":"0"},"categories":[9635],"tags":[1111,11,11734,1777,674,1011,27,775,1702,9847,12,25,24495,5711],"class_list":["post-1055566","post","type-post","status-publish","format-standard","has-post-thumbnail","category-nancy","tag-actu","tag-actualites","tag-bois-de-haye","tag-eu","tag-europe","tag-fr","tag-france","tag-grand-est","tag-nancy","tag-neuves-maisons","tag-news","tag-republique-francaise","tag-richardmenil","tag-vandoeuvre-les-nancy"],"share_on_mastodon":{"url":"https:\/\/pubeurope.com\/@fr\/116894977937354282","error":""},"_links":{"self":[{"href":"https:\/\/www.europesays.com\/fr\/wp-json\/wp\/v2\/posts\/1055566","targetHints":{"allow":["GET"]}}],"collection":[{"href":"https:\/\/www.europesays.com\/fr\/wp-json\/wp\/v2\/posts"}],"about":[{"href":"https:\/\/www.europesays.com\/fr\/wp-json\/wp\/v2\/types\/post"}],"author":[{"embeddable":true,"href":"https:\/\/www.europesays.com\/fr\/wp-json\/wp\/v2\/users\/2"}],"replies":[{"embeddable":true,"href":"https:\/\/www.europesays.com\/fr\/wp-json\/wp\/v2\/comments?post=1055566"}],"version-history":[{"count":0,"href":"https:\/\/www.europesays.com\/fr\/wp-json\/wp\/v2\/posts\/1055566\/revisions"}],"wp:featuredmedia":[{"embeddable":true,"href":"https:\/\/www.europesays.com\/fr\/wp-json\/wp\/v2\/media\/936456"}],"wp:attachment":[{"href":"https:\/\/www.europesays.com\/fr\/wp-json\/wp\/v2\/media?parent=1055566"}],"wp:term":[{"taxonomy":"category","embeddable":true,"href":"https:\/\/www.europesays.com\/fr\/wp-json\/wp\/v2\/categories?post=1055566"},{"taxonomy":"post_tag","embeddable":true,"href":"https:\/\/www.europesays.com\/fr\/wp-json\/wp\/v2\/tags?post=1055566"}],"curies":[{"name":"wp","href":"https:\/\/api.w.org\/{rel}","templated":true}]}}