{"id":105571,"date":"2025-05-16T23:12:08","date_gmt":"2025-05-16T23:12:08","guid":{"rendered":"https:\/\/www.europesays.com\/fr\/105571\/"},"modified":"2025-05-16T23:12:08","modified_gmt":"2025-05-16T23:12:08","slug":"previsions-du-samedi-17-mai-2025","status":"publish","type":"post","link":"https:\/\/www.europesays.com\/fr\/105571\/","title":{"rendered":"pr\u00e9visions du samedi 17 mai 2025"},"content":{"rendered":"<p>\u00c0 Strasbourg, le soleil se montrerait plus t\u00f4t dans la journ\u00e9e si des nuages n&rsquo;\u00e9taient pas pr\u00e9sents dans le ciel. Les temp\u00e9ratures seront de 14\u00b0C. Un vent de nord-est soufflera doucement. Dans la matin\u00e9e, des pluies \u00e9parses sont attendues. On annonce des \u00e9claircies pour cet apr\u00e8s-midi. Un temps plus chaud est \u00e0 pr\u00e9voir puisque le mercure va conna\u00eetre une l\u00e9g\u00e8re augmentation. Les temp\u00e9ratures afficheront entre 18 et 19\u00b0C. Pendant que vous dormirez, dans la nuit de samedi \u00e0 dimanche, le ciel sera clair.<\/p>\n<p>Demain, les Strasbourgeois vont pouvoir b\u00e9n\u00e9ficier d&rsquo;un soleil magnifique. C&rsquo;est une hausse de quelques degr\u00e9s que vont enregistrer les temp\u00e9ratures. Il fera 15\u00b0C en moyenne. Une l\u00e9g\u00e8re brise de sud-ouest sera ressentie par les habitants. Les temp\u00e9ratures vont monter pendant l&rsquo;apr\u00e8s-midi de quelques degr\u00e9s. Les valeurs s&rsquo;\u00e9chelonneront entre 20 et 22\u00b0C.<\/p>\n<p>Les jours suivants s&rsquo;annoncent similaires. Le temps sera ensoleill\u00e9 avec des temp\u00e9ratures d&rsquo;environ 16\u00b0C.<\/p>\n<p><\/p>\n","protected":false},"excerpt":{"rendered":"\u00c0 Strasbourg, le soleil se montrerait plus t\u00f4t dans la journ\u00e9e si des nuages n&rsquo;\u00e9taient pas pr\u00e9sents dans&hellip;\n","protected":false},"author":2,"featured_media":105572,"comment_status":"","ping_status":"","sticky":false,"template":"","format":"standard","meta":{"footnotes":""},"categories":[2820],"tags":[1111,11,2389,2649,1777,674,1011,27,775,12,2119,25,640],"class_list":{"0":"post-105571","1":"post","2":"type-post","3":"status-publish","4":"format-standard","5":"has-post-thumbnail","7":"category-strasbourg","8":"tag-actu","9":"tag-actualites","10":"tag-alsace","11":"tag-bas-rhin","12":"tag-eu","13":"tag-europe","14":"tag-fr","15":"tag-france","16":"tag-grand-est","17":"tag-news","18":"tag-previsions-meteo","19":"tag-republique-francaise","20":"tag-strasbourg"},"share_on_mastodon":{"url":"https:\/\/pubeurope.com\/@fr\/114520047194568116","error":""},"_links":{"self":[{"href":"https:\/\/www.europesays.com\/fr\/wp-json\/wp\/v2\/posts\/105571","targetHints":{"allow":["GET"]}}],"collection":[{"href":"https:\/\/www.europesays.com\/fr\/wp-json\/wp\/v2\/posts"}],"about":[{"href":"https:\/\/www.europesays.com\/fr\/wp-json\/wp\/v2\/types\/post"}],"author":[{"embeddable":true,"href":"https:\/\/www.europesays.com\/fr\/wp-json\/wp\/v2\/users\/2"}],"replies":[{"embeddable":true,"href":"https:\/\/www.europesays.com\/fr\/wp-json\/wp\/v2\/comments?post=105571"}],"version-history":[{"count":0,"href":"https:\/\/www.europesays.com\/fr\/wp-json\/wp\/v2\/posts\/105571\/revisions"}],"wp:featuredmedia":[{"embeddable":true,"href":"https:\/\/www.europesays.com\/fr\/wp-json\/wp\/v2\/media\/105572"}],"wp:attachment":[{"href":"https:\/\/www.europesays.com\/fr\/wp-json\/wp\/v2\/media?parent=105571"}],"wp:term":[{"taxonomy":"category","embeddable":true,"href":"https:\/\/www.europesays.com\/fr\/wp-json\/wp\/v2\/categories?post=105571"},{"taxonomy":"post_tag","embeddable":true,"href":"https:\/\/www.europesays.com\/fr\/wp-json\/wp\/v2\/tags?post=105571"}],"curies":[{"name":"wp","href":"https:\/\/api.w.org\/{rel}","templated":true}]}}