{"id":1055736,"date":"2026-07-10T11:19:17","date_gmt":"2026-07-10T11:19:17","guid":{"rendered":"https:\/\/www.europesays.com\/fr\/1055736\/"},"modified":"2026-07-10T11:19:17","modified_gmt":"2026-07-10T11:19:17","slug":"la-galerie-hauser-wirth-mise-hors-de-cause-dans-une-affaire-de-sanctions-visant-la-russie","status":"publish","type":"post","link":"https:\/\/www.europesays.com\/fr\/1055736\/","title":{"rendered":"La galerie Hauser &#038; Wirth mise hors de cause dans une affaire de sanctions visant la Russie"},"content":{"rendered":"<p class=\"pt-dp-p font-text-light font-light text-lg leading-normal tracking-wide mb-base last:mb-0\" itemprop=\"text\">La m\u00e9ga-galerie Hauser &amp; Wirth, qui dispose d\u2019espaces \u00e0 Londres et dans le Somerset, mais aussi \u00e0 Zurich, Los Angeles, Paris et Hong\u00a0Kong, a \u00e9t\u00e9 mise hors de cause dans une affaire de violation pr\u00e9sum\u00e9e des sanctions visant la Russie, li\u00e9e \u00e0 la vente d\u2019une \u0153uvre de George Condo.<\/p>\n<p class=\"pt-dp-p font-text-light font-light text-lg leading-normal tracking-wide mb-base last:mb-0\" itemprop=\"text\">L\u2019enseigne avait \u00e9t\u00e9 poursuivie en novembre\u00a02025, aux c\u00f4t\u00e9s de la soci\u00e9t\u00e9 de transport Artay Rauchwerger Solomons, apr\u00e8s la vente \u00e0 un collectionneur russe, Alexander Popov, de l\u2019\u0153uvre sur papier de George Condo Escape from Humanity(2021). La transaction se serait d\u00e9roul\u00e9e entre le 14\u00a0avril et le 31\u00a0d\u00e9cembre 2022, soit apr\u00e8s l\u2019interdiction, par le minist\u00e8re britannique du Commerce international, d\u2019exporter vers la Russie des biens de luxe d\u2019une valeur sup\u00e9rieure \u00e0 250\u00a0livres sterling, une mesure prise apr\u00e8s \u00e0 l\u2019invasion de l\u2019Ukraine par la Russie.<\/p>\n<p class=\"pt-dp-p font-text-light font-light text-lg leading-normal tracking-wide mb-base last:mb-0\" itemprop=\"text\">Alexander Popov, qui dirige avec son \u00e9pouse une importante fondation d\u2019art, n\u2019est pas vis\u00e9 par des sanctions au Royaume-Uni et n\u2019\u00e9tait accus\u00e9 d\u2019aucune infraction.<\/p>\n<p class=\"pt-dp-p font-text-light font-light text-lg leading-normal tracking-wide mb-base last:mb-0\" itemprop=\"text\">Dans cette affaire, consid\u00e9r\u00e9e comme la premi\u00e8re li\u00e9e \u00e0 l\u2019interdiction britannique de fournir des biens de luxe \u00e0 la Russie, le juge Tony Baumgardner a rejet\u00e9, le 9\u00a0juillet, les deux poursuites p\u00e9nales engag\u00e9es, estimant que le parquet n\u2019avait pas apport\u00e9 d\u2019\u00e9l\u00e9ments suffisants pour \u00e9tablir qu\u2019Alexander Popov r\u00e9sidait en Russie au moment de la vente.<\/p>\n<p class=\"pt-dp-p font-text-light font-light text-lg leading-normal tracking-wide mb-base last:mb-0\" itemprop=\"text\">Un porte-parole de Hauser &amp; Wirth a confirm\u00e9 que le tribunal avait \u00ab\u00a0mis fin \u00e0 l\u2019ensemble des poursuites visant notre galerie britannique\u00a0\u00bb.<\/p>\n<p class=\"pt-dp-p font-text-light font-light text-lg leading-normal tracking-wide mb-base last:mb-0\" itemprop=\"text\">\u00ab\u00a0D\u00e8s l\u2019origine, nous avons fermement contest\u00e9 cette proc\u00e9dure et ni\u00e9 toute faute. Nous restons pleinement d\u00e9termin\u00e9s \u00e0 respecter l\u2019ensemble de nos obligations l\u00e9gales, notamment en mati\u00e8re de sanctions. Nous nous r\u00e9jouissons que cette affaire soit d\u00e9sormais close\u00a0\u00bb, ajoute-t-il.<\/p>\n<p class=\"pt-dp-p font-text-light font-light text-lg leading-normal tracking-wide mb-base last:mb-0\" itemprop=\"text\">Les poursuites avaient \u00e9t\u00e9 engag\u00e9es \u00e0 la fin de 2025, apr\u00e8s l\u2019annonce du d\u00e9part de George Condo de Hauser &amp; Wirth. Le porte-parole de la galerie avait alors indiqu\u00e9 \u00e0 The Art Newspaper que cette d\u00e9cision n\u2019\u00e9tait pas li\u00e9e \u00e0 l\u2019affaire. Cette semaine, Hauser &amp; Wirth a annonc\u00e9 qu\u2019elle repr\u00e9senterait de nouveau George Condo, aux c\u00f4t\u00e9s de sa galerie historique Spr\u00fcth Magers.<\/p>\n","protected":false},"excerpt":{"rendered":"La m\u00e9ga-galerie Hauser &amp; Wirth, qui dispose d\u2019espaces \u00e0 Londres et dans le Somerset, mais aussi \u00e0 Zurich,&hellip;\n","protected":false},"author":2,"featured_media":1055737,"comment_status":"","ping_status":"","sticky":false,"template":"","format":"standard","meta":{"footnotes":"","_share_on_mastodon":"0"},"categories":[1591],"tags":[11,1887,109532,57917,95290,303,1397,12,473,1885,1886,132],"class_list":["post-1055736","post","type-post","status-publish","format-standard","has-post-thumbnail","category-russie","tag-actualites","tag-federation-de-russie","tag-galerie-hauser-wirth","tag-george-condo","tag-invasion-de-lukraine-par-la-russie","tag-justice","tag-marche-de-lart","tag-news","tag-royaume-uni","tag-russia","tag-russian-federation","tag-russie"],"share_on_mastodon":{"url":"https:\/\/pubeurope.com\/@fr\/116895414133496136","error":""},"_links":{"self":[{"href":"https:\/\/www.europesays.com\/fr\/wp-json\/wp\/v2\/posts\/1055736","targetHints":{"allow":["GET"]}}],"collection":[{"href":"https:\/\/www.europesays.com\/fr\/wp-json\/wp\/v2\/posts"}],"about":[{"href":"https:\/\/www.europesays.com\/fr\/wp-json\/wp\/v2\/types\/post"}],"author":[{"embeddable":true,"href":"https:\/\/www.europesays.com\/fr\/wp-json\/wp\/v2\/users\/2"}],"replies":[{"embeddable":true,"href":"https:\/\/www.europesays.com\/fr\/wp-json\/wp\/v2\/comments?post=1055736"}],"version-history":[{"count":0,"href":"https:\/\/www.europesays.com\/fr\/wp-json\/wp\/v2\/posts\/1055736\/revisions"}],"wp:featuredmedia":[{"embeddable":true,"href":"https:\/\/www.europesays.com\/fr\/wp-json\/wp\/v2\/media\/1055737"}],"wp:attachment":[{"href":"https:\/\/www.europesays.com\/fr\/wp-json\/wp\/v2\/media?parent=1055736"}],"wp:term":[{"taxonomy":"category","embeddable":true,"href":"https:\/\/www.europesays.com\/fr\/wp-json\/wp\/v2\/categories?post=1055736"},{"taxonomy":"post_tag","embeddable":true,"href":"https:\/\/www.europesays.com\/fr\/wp-json\/wp\/v2\/tags?post=1055736"}],"curies":[{"name":"wp","href":"https:\/\/api.w.org\/{rel}","templated":true}]}}