{"id":105577,"date":"2025-05-16T23:15:09","date_gmt":"2025-05-16T23:15:09","guid":{"rendered":"https:\/\/www.europesays.com\/fr\/105577\/"},"modified":"2025-05-16T23:15:09","modified_gmt":"2025-05-16T23:15:09","slug":"previsions-du-samedi-17-mai-2025-2","status":"publish","type":"post","link":"https:\/\/www.europesays.com\/fr\/105577\/","title":{"rendered":"pr\u00e9visions du samedi 17 mai 2025"},"content":{"rendered":"<p>Aujourd&rsquo;hui, Nice devra encore patienter avant que les nuages ne se dissipent. Des pluies \u00e9parses sont pr\u00e9vues. Les valeurs s&rsquo;\u00e9chelonneront entre 13\u00b0C et 17\u00b0C. Un vent de sud-est rafra\u00eechira un peu l&rsquo;atmosph\u00e8re. Les maximales pourront atteindre 17\u00b0C dans la matin\u00e9e tandis que les minimales seront de 14\u00b0C. L&rsquo;apr\u00e8s-midi va rester voil\u00e9 \u00e0 cause de nuages qui se maintiennent dans le ciel. Les temp\u00e9ratures seront comprises entre 16 et 17\u00b0C. Le ciel va l\u00e9g\u00e8rement se d\u00e9gager dans la soir\u00e9e avec des \u00e9claircies. Il fera 15\u00b0C en moyenne. On s&rsquo;attend \u00e0 une nuit pluvieuse entre samedi et dimanche.<\/p>\n<p>Nice, o\u00f9 des nuages persisteront demain, continuera de guetter le soleil. C&rsquo;est une hausse de quelques degr\u00e9s que vont enregistrer les temp\u00e9ratures. On anticipe des valeurs avoisinant 17\u00b0C. Un petit vent de sud-est sera ressenti par les habitants. Le matin, des nuages ne voudront pas laisser leur place au soleil. Des pluies \u00e9parses sont attendues. Les temp\u00e9ratures seront de 15\u00b0C au plus bas et de 18\u00b0C au plus haut. Cet apr\u00e8s-midi rimera avec grand soleil. Les valeurs s&rsquo;\u00e9chelonneront de 18 \u00e0 19\u00b0C. La ville profitera de quelques \u00e9claircies demain soir. Les temp\u00e9ratures afficheront entre 16 et 17\u00b0C.<\/p>\n<p>Les conditions m\u00e9t\u00e9orologiques des jours suivants vont s&rsquo;am\u00e9liorer. On pr\u00e9voit des journ\u00e9es ensoleill\u00e9es, accompagn\u00e9es par des temp\u00e9ratures dans les 18\u00b0C en moyenne.<\/p>\n<p><\/p>\n","protected":false},"excerpt":{"rendered":"Aujourd&rsquo;hui, Nice devra encore patienter avant que les nuages ne se dissipent. Des pluies \u00e9parses sont pr\u00e9vues. Les&hellip;\n","protected":false},"author":2,"featured_media":105578,"comment_status":"","ping_status":"","sticky":false,"template":"","format":"standard","meta":{"footnotes":""},"categories":[2819],"tags":[1111,11,2898,1777,674,1011,27,12,2401,883,2119,882,25],"class_list":{"0":"post-105577","1":"post","2":"type-post","3":"status-publish","4":"format-standard","5":"has-post-thumbnail","7":"category-nice","8":"tag-actu","9":"tag-actualites","10":"tag-alpes-maritimes","11":"tag-eu","12":"tag-europe","13":"tag-fr","14":"tag-france","15":"tag-news","16":"tag-nice","17":"tag-paca","18":"tag-previsions-meteo","19":"tag-provence-alpes-cote-dazur","20":"tag-republique-francaise"},"share_on_mastodon":{"url":"https:\/\/pubeurope.com\/@fr\/114520059002463014","error":""},"_links":{"self":[{"href":"https:\/\/www.europesays.com\/fr\/wp-json\/wp\/v2\/posts\/105577","targetHints":{"allow":["GET"]}}],"collection":[{"href":"https:\/\/www.europesays.com\/fr\/wp-json\/wp\/v2\/posts"}],"about":[{"href":"https:\/\/www.europesays.com\/fr\/wp-json\/wp\/v2\/types\/post"}],"author":[{"embeddable":true,"href":"https:\/\/www.europesays.com\/fr\/wp-json\/wp\/v2\/users\/2"}],"replies":[{"embeddable":true,"href":"https:\/\/www.europesays.com\/fr\/wp-json\/wp\/v2\/comments?post=105577"}],"version-history":[{"count":0,"href":"https:\/\/www.europesays.com\/fr\/wp-json\/wp\/v2\/posts\/105577\/revisions"}],"wp:featuredmedia":[{"embeddable":true,"href":"https:\/\/www.europesays.com\/fr\/wp-json\/wp\/v2\/media\/105578"}],"wp:attachment":[{"href":"https:\/\/www.europesays.com\/fr\/wp-json\/wp\/v2\/media?parent=105577"}],"wp:term":[{"taxonomy":"category","embeddable":true,"href":"https:\/\/www.europesays.com\/fr\/wp-json\/wp\/v2\/categories?post=105577"},{"taxonomy":"post_tag","embeddable":true,"href":"https:\/\/www.europesays.com\/fr\/wp-json\/wp\/v2\/tags?post=105577"}],"curies":[{"name":"wp","href":"https:\/\/api.w.org\/{rel}","templated":true}]}}