{"id":105589,"date":"2025-05-16T23:21:13","date_gmt":"2025-05-16T23:21:13","guid":{"rendered":"https:\/\/www.europesays.com\/fr\/105589\/"},"modified":"2025-05-16T23:21:13","modified_gmt":"2025-05-16T23:21:13","slug":"previsions-du-samedi-17-mai-2025-4","status":"publish","type":"post","link":"https:\/\/www.europesays.com\/fr\/105589\/","title":{"rendered":"pr\u00e9visions du samedi 17 mai 2025"},"content":{"rendered":"<p>Aujourd&rsquo;hui, un important soleil brillera sur Toulouse. Les valeurs afficheront entre 9 et 22\u00b0C. Un petit vent de nord-ouest sera ressenti par les habitants. Les temp\u00e9ratures avoisineront les 16\u00b0C au cours de la matin\u00e9e. Les valeurs vont grimper pendant l&rsquo;apr\u00e8s-midi de plusieurs degr\u00e9s. Les valeurs s&rsquo;\u00e9chelonneront de 21 \u00e0 22\u00b0C. Il fera environ 17\u00b0C, le soir. C&rsquo;est un ciel clair que conna\u00eetra la nuit de samedi \u00e0 dimanche.<\/p>\n<p>C&rsquo;est un soleil \u00e9clatant qui va se montrer demain sur Toulouse. Un temps plus chaud est pr\u00e9vu \u00e9tant donn\u00e9 que le mercure va conna\u00eetre une hausse. Les temp\u00e9ratures seront comprises entre 11 et 26\u00b0C. Un vent de sud-est rafra\u00eechira quelque peu l&rsquo;atmosph\u00e8re. Les temp\u00e9ratures vont enregistrer une augmentation de plusieurs degr\u00e9s dans l&rsquo;apr\u00e8s-midi. Les valeurs s&rsquo;\u00e9chelonneront entre 24\u00b0C et 26\u00b0C.<\/p>\n<p>La m\u00e9t\u00e9o des jours suivants va changer peu \u00e0 peu. Les conditions m\u00e9t\u00e9orologiques perdureront lundi mais une d\u00e9gradation s&rsquo;ensuivra mardi.<\/p>\n<p><\/p>\n","protected":false},"excerpt":{"rendered":"Aujourd&rsquo;hui, un important soleil brillera sur Toulouse. Les valeurs afficheront entre 9 et 22\u00b0C. Un petit vent de&hellip;\n","protected":false},"author":2,"featured_media":105590,"comment_status":"","ping_status":"","sticky":false,"template":"","format":"standard","meta":{"footnotes":""},"categories":[2816],"tags":[1111,11,1777,674,1011,27,2722,2721,12,2680,2119,25,2312],"class_list":{"0":"post-105589","1":"post","2":"type-post","3":"status-publish","4":"format-standard","5":"has-post-thumbnail","7":"category-toulouse","8":"tag-actu","9":"tag-actualites","10":"tag-eu","11":"tag-europe","12":"tag-fr","13":"tag-france","14":"tag-haute-garonne","15":"tag-midi-pyrenees","16":"tag-news","17":"tag-occitanie","18":"tag-previsions-meteo","19":"tag-republique-francaise","20":"tag-toulouse"},"share_on_mastodon":{"url":"https:\/\/pubeurope.com\/@fr\/114520082615779790","error":""},"_links":{"self":[{"href":"https:\/\/www.europesays.com\/fr\/wp-json\/wp\/v2\/posts\/105589","targetHints":{"allow":["GET"]}}],"collection":[{"href":"https:\/\/www.europesays.com\/fr\/wp-json\/wp\/v2\/posts"}],"about":[{"href":"https:\/\/www.europesays.com\/fr\/wp-json\/wp\/v2\/types\/post"}],"author":[{"embeddable":true,"href":"https:\/\/www.europesays.com\/fr\/wp-json\/wp\/v2\/users\/2"}],"replies":[{"embeddable":true,"href":"https:\/\/www.europesays.com\/fr\/wp-json\/wp\/v2\/comments?post=105589"}],"version-history":[{"count":0,"href":"https:\/\/www.europesays.com\/fr\/wp-json\/wp\/v2\/posts\/105589\/revisions"}],"wp:featuredmedia":[{"embeddable":true,"href":"https:\/\/www.europesays.com\/fr\/wp-json\/wp\/v2\/media\/105590"}],"wp:attachment":[{"href":"https:\/\/www.europesays.com\/fr\/wp-json\/wp\/v2\/media?parent=105589"}],"wp:term":[{"taxonomy":"category","embeddable":true,"href":"https:\/\/www.europesays.com\/fr\/wp-json\/wp\/v2\/categories?post=105589"},{"taxonomy":"post_tag","embeddable":true,"href":"https:\/\/www.europesays.com\/fr\/wp-json\/wp\/v2\/tags?post=105589"}],"curies":[{"name":"wp","href":"https:\/\/api.w.org\/{rel}","templated":true}]}}