{"id":105594,"date":"2025-05-16T23:24:09","date_gmt":"2025-05-16T23:24:09","guid":{"rendered":"https:\/\/www.europesays.com\/fr\/105594\/"},"modified":"2025-05-16T23:24:09","modified_gmt":"2025-05-16T23:24:09","slug":"previsions-du-samedi-17-mai-2025-5","status":"publish","type":"post","link":"https:\/\/www.europesays.com\/fr\/105594\/","title":{"rendered":"pr\u00e9visions du samedi 17 mai 2025"},"content":{"rendered":"<p>Marseille aura le plaisir de pouvoir profiter d&rsquo;une superbe journ\u00e9e ensoleill\u00e9e. Le thermom\u00e8tre affichera 17\u00b0C en moyenne. Le matin, on pr\u00e9voit des valeurs avoisinant 17\u00b0C. Un petit vent de nord-ouest soufflera. Les temp\u00e9ratures vont enregistrer une hausse de quelques degr\u00e9s lors de l&rsquo;apr\u00e8s-midi. Les valeurs iront de 20 \u00e0 21\u00b0C. Le ciel sera clair dans la nuit de samedi \u00e0 dimanche.<\/p>\n<p>C&rsquo;est un soleil splendide qui va se montrer demain sur Marseille. Une m\u00e9t\u00e9o plus chaude est pr\u00e9vue puisque les temp\u00e9ratures vont conna\u00eetre une augmentation. Les valeurs s&rsquo;\u00e9chelonneront entre 16 et 21\u00b0C. Une l\u00e9g\u00e8re brise de sud-ouest sera ressentie par les habitants. Dans la matin\u00e9e, les temp\u00e9ratures tourneront autour des 19\u00b0C. Les valeurs afficheront entre 20\u00b0C et 21\u00b0C dans l&rsquo;apr\u00e8s-midi.<\/p>\n<p>Les jours passent et ne changent pas. On anticipe des journ\u00e9es ensoleill\u00e9es, accompagn\u00e9es par des temp\u00e9ratures dans les 20\u00b0C en moyenne.<\/p>\n<p><\/p>\n","protected":false},"excerpt":{"rendered":"Marseille aura le plaisir de pouvoir profiter d&rsquo;une superbe journ\u00e9e ensoleill\u00e9e. Le thermom\u00e8tre affichera 17\u00b0C en moyenne. Le&hellip;\n","protected":false},"author":2,"featured_media":105595,"comment_status":"","ping_status":"","sticky":false,"template":"","format":"standard","meta":{"footnotes":""},"categories":[2814],"tags":[1111,11,1777,674,1011,27,884,12,2119,882,25],"class_list":{"0":"post-105594","1":"post","2":"type-post","3":"status-publish","4":"format-standard","5":"has-post-thumbnail","7":"category-marseille","8":"tag-actu","9":"tag-actualites","10":"tag-eu","11":"tag-europe","12":"tag-fr","13":"tag-france","14":"tag-marseille","15":"tag-news","16":"tag-previsions-meteo","17":"tag-provence-alpes-cote-dazur","18":"tag-republique-francaise"},"share_on_mastodon":{"url":"https:\/\/pubeurope.com\/@fr\/114520094355998492","error":""},"_links":{"self":[{"href":"https:\/\/www.europesays.com\/fr\/wp-json\/wp\/v2\/posts\/105594","targetHints":{"allow":["GET"]}}],"collection":[{"href":"https:\/\/www.europesays.com\/fr\/wp-json\/wp\/v2\/posts"}],"about":[{"href":"https:\/\/www.europesays.com\/fr\/wp-json\/wp\/v2\/types\/post"}],"author":[{"embeddable":true,"href":"https:\/\/www.europesays.com\/fr\/wp-json\/wp\/v2\/users\/2"}],"replies":[{"embeddable":true,"href":"https:\/\/www.europesays.com\/fr\/wp-json\/wp\/v2\/comments?post=105594"}],"version-history":[{"count":0,"href":"https:\/\/www.europesays.com\/fr\/wp-json\/wp\/v2\/posts\/105594\/revisions"}],"wp:featuredmedia":[{"embeddable":true,"href":"https:\/\/www.europesays.com\/fr\/wp-json\/wp\/v2\/media\/105595"}],"wp:attachment":[{"href":"https:\/\/www.europesays.com\/fr\/wp-json\/wp\/v2\/media?parent=105594"}],"wp:term":[{"taxonomy":"category","embeddable":true,"href":"https:\/\/www.europesays.com\/fr\/wp-json\/wp\/v2\/categories?post=105594"},{"taxonomy":"post_tag","embeddable":true,"href":"https:\/\/www.europesays.com\/fr\/wp-json\/wp\/v2\/tags?post=105594"}],"curies":[{"name":"wp","href":"https:\/\/api.w.org\/{rel}","templated":true}]}}