{"id":105604,"date":"2025-05-16T23:30:15","date_gmt":"2025-05-16T23:30:15","guid":{"rendered":"https:\/\/www.europesays.com\/fr\/105604\/"},"modified":"2025-05-16T23:30:15","modified_gmt":"2025-05-16T23:30:15","slug":"le-kickboxeur-jerome-le-banner-condamne-au-havre-apres-setre-fait-livrer-un-bebe-tigre-sans-autorisation","status":"publish","type":"post","link":"https:\/\/www.europesays.com\/fr\/105604\/","title":{"rendered":"Le kickboxeur J\u00e9r\u00f4me Le Banner condamn\u00e9 au Havre apr\u00e8s s\u2019\u00eatre fait livrer un b\u00e9b\u00e9 tigre sans autorisation"},"content":{"rendered":"<p class=\"paragraph text_align_left\">Selon lui, il a \u00e9t\u00e9 victime d\u2019une blague qui aurait mal tourn\u00e9. Le kickboxeur J\u00e9r\u00f4me Le Bannet a \u00e9t\u00e9 condamn\u00e9 \u00e0 verser 5 000 euros \u00e0 une association de protection des animaux ce mardi apr\u00e8s avoir <a href=\"https:\/\/www.leparisien.fr\/faits-divers\/face-au-trafic-d-animaux-sauvages-la-brigade-du-bebe-tigre-entre-en-action-09-11-2019-8189868.php\" target=\"_blank\" rel=\"noreferrer nofollow noopener\">d\u00e9tenu, sans autorisation, un b\u00e9b\u00e9 tigre<\/a> \u00e0 son domicile, rapporte <a href=\"https:\/\/www.francebleu.fr\/infos\/faits-divers-justice\/il-se-fait-livrer-un-tigre-le-kick-boxeur-havrais-jerome-le-banner-condamne-a-faire-un-don-a-une-association-4466602\" target=\"_self\" rel=\"nofollow noopener\">ici Normandie<\/a>.<\/p>\n<p class=\"paragraph text_align_left\">L\u2019incident date de 2018, quand le sportif, \u00e9galement acteur, re\u00e7oit un tigre propos\u00e9 par un de ses proches. \u00ab J\u2019ai cru que ce serait un chat, on avait d\u00e9j\u00e0 parl\u00e9 de Savannah (une race de chats, NDLR). J\u2019ai dit oui pour voir \u00bb, a-t-il confi\u00e9. Probl\u00e8me, apr\u00e8s le passage de trois livreurs \u00e0 son domicile, il d\u00e9couvre alors un b\u00e9b\u00e9 tigre aux moustaches coup\u00e9es et en mauvaise sant\u00e9.<\/p>\n<p class=\"paragraph text_align_left\">D\u2019abord \u00e9merveill\u00e9s par le petit animal, le kickboxeur et son \u00e9pouse prennent peur. Quelques jours apr\u00e8s l\u2019adoption du petit tigre, et dans la confusion, J\u00e9r\u00f4me Le Banner demande \u00e0 des proches de s\u2019en d\u00e9barrasser, sans trouver de solution.<\/p>\n<p class=\"paragraph text_align_left\">Il se r\u00e9sout alors \u00e0 joindre un ami travaillant au Fort Boyard, qui appelle un v\u00e9t\u00e9rinaire, puis les autorit\u00e9s. Le tigreau est alors r\u00e9cup\u00e9r\u00e9 par l\u2019Office fran\u00e7ais de la biodiversit\u00e9, raconte ici Normandie.<\/p>\n<p>Un animal lou\u00e9 pour des selfies<\/p>\n<p class=\"paragraph text_align_left\">J\u00e9r\u00f4me Le Banner a donc \u00e9t\u00e9 condamn\u00e9 par le tribunal correctionnel du Havre pour \u00ab d\u00e9tention non autoris\u00e9e d\u2019un animal d\u2019une esp\u00e8ce non-domestique \u00bb. Il devra r\u00e9gler une peine de \u00ab r\u00e9paration \u00bb de 5 000 euros \u00e0 la Soci\u00e9t\u00e9 havraise de protection des animaux.<\/p>\n<p class=\"lp-card-podcast-highlighting__title lp-f-subtitle-05\">L\u2019affaire Dominici\u00a0: les myst\u00e8res d\u2019un triple meurtre<\/p>\n<p class=\"lp-card-podcast-highlighting__description lp-f-ui-05\">Crime story raconte chaque semaine les grandes affaires criminelles.<\/p>\n<p><a class=\"lp-card-podcast-highlighting__call-to-action\" data-page-type=\"HP\" data-block-name=\"podcast-highlight\">\u00c9couter<\/a><\/p>\n<p class=\"paragraph text_align_left\">Cette peine, selon le kickboxeur, est \u00ab tr\u00e8s juste \u00bb, estime-t-il aupr\u00e8s d\u2019ici Normandie. \u00ab J\u2019ai mal r\u00e9agi, j\u2019aurais d\u00fb pr\u00e9venir la police plus t\u00f4t. Si vous voyez un tigre ou n\u2019importe quel animal sur les r\u00e9seaux sociaux, appelez la police \u00bb , conseille-t-il.<\/p>\n<p class=\"paragraph text_align_left\">Son \u00e9pouse, elle, a \u00e9t\u00e9 condamn\u00e9e \u00e0 5 000 euros d\u2019amende. Des proches du kickboxeur, impliqu\u00e9s dans la transaction, la livraison et la tentative de se d\u00e9barrasser de l\u2019animal, ont \u00e9t\u00e9 condamn\u00e9s \u00e0 des amendes de 1 000 euros avec sursis \u00e0 5 000 euros &#8211; la peine la plus lourde ayant \u00e9t\u00e9 attribu\u00e9e au propri\u00e9taire initial du tigre.<\/p>\n<p class=\"paragraph text_align_left\">L\u2019animal, lui, a \u00e9t\u00e9 pris en charge dans un refuge. Avant son arriv\u00e9e chez J\u00e9r\u00f4me Le Banner, le f\u00e9lin aurait d\u2019ailleurs \u00e9t\u00e9 lou\u00e9 par son pr\u00e9c\u00e9dent propri\u00e9taire pour des selfies. Il serait m\u00eame apparu dans un clip de rap film\u00e9 en 2018 &#8211; le rappeur chantant <a href=\"https:\/\/www.youtube.com\/watch?v=vaDBxlsgThY\" target=\"_blank\" rel=\"noreferrer nofollow noopener\">dans la vid\u00e9o<\/a>, Marouan Bigy, devrait \u00eatre jug\u00e9 ult\u00e9rieurement, toujours selon ici Normandie.<\/p>\n","protected":false},"excerpt":{"rendered":"Selon lui, il a \u00e9t\u00e9 victime d\u2019une blague qui aurait mal tourn\u00e9. Le kickboxeur J\u00e9r\u00f4me Le Bannet a&hellip;\n","protected":false},"author":2,"featured_media":105605,"comment_status":"","ping_status":"","sticky":false,"template":"","format":"standard","meta":{"footnotes":""},"categories":[1888],"tags":[1111,1928,11,1927,459,1777,674,118,1011,27,12,1926,626,1925,25],"class_list":{"0":"post-105604","1":"post","2":"type-post","3":"status-publish","4":"format-standard","5":"has-post-thumbnail","7":"category-paris","8":"tag-actu","9":"tag-actu-paris","10":"tag-actualites","11":"tag-actualites-paris","12":"tag-departements-horsidfo","13":"tag-eu","14":"tag-europe","15":"tag-faits-divers","16":"tag-fr","17":"tag-france","18":"tag-news","19":"tag-news-paris","20":"tag-paris","21":"tag-paris-news","22":"tag-republique-francaise"},"share_on_mastodon":{"url":"https:\/\/pubeurope.com\/@fr\/114520118072606133","error":""},"_links":{"self":[{"href":"https:\/\/www.europesays.com\/fr\/wp-json\/wp\/v2\/posts\/105604","targetHints":{"allow":["GET"]}}],"collection":[{"href":"https:\/\/www.europesays.com\/fr\/wp-json\/wp\/v2\/posts"}],"about":[{"href":"https:\/\/www.europesays.com\/fr\/wp-json\/wp\/v2\/types\/post"}],"author":[{"embeddable":true,"href":"https:\/\/www.europesays.com\/fr\/wp-json\/wp\/v2\/users\/2"}],"replies":[{"embeddable":true,"href":"https:\/\/www.europesays.com\/fr\/wp-json\/wp\/v2\/comments?post=105604"}],"version-history":[{"count":0,"href":"https:\/\/www.europesays.com\/fr\/wp-json\/wp\/v2\/posts\/105604\/revisions"}],"wp:featuredmedia":[{"embeddable":true,"href":"https:\/\/www.europesays.com\/fr\/wp-json\/wp\/v2\/media\/105605"}],"wp:attachment":[{"href":"https:\/\/www.europesays.com\/fr\/wp-json\/wp\/v2\/media?parent=105604"}],"wp:term":[{"taxonomy":"category","embeddable":true,"href":"https:\/\/www.europesays.com\/fr\/wp-json\/wp\/v2\/categories?post=105604"},{"taxonomy":"post_tag","embeddable":true,"href":"https:\/\/www.europesays.com\/fr\/wp-json\/wp\/v2\/tags?post=105604"}],"curies":[{"name":"wp","href":"https:\/\/api.w.org\/{rel}","templated":true}]}}