{"id":105610,"date":"2025-05-16T23:33:15","date_gmt":"2025-05-16T23:33:15","guid":{"rendered":"https:\/\/www.europesays.com\/fr\/105610\/"},"modified":"2025-05-16T23:33:15","modified_gmt":"2025-05-16T23:33:15","slug":"non-lieu-pour-les-policiers-qui-ont-blesse-mortellement-une-passagere-lors-dun-refus-dobtemperer","status":"publish","type":"post","link":"https:\/\/www.europesays.com\/fr\/105610\/","title":{"rendered":"Non-lieu pour les policiers qui ont bless\u00e9 mortellement une passag\u00e8re lors d\u2019un refus d\u2019obtemp\u00e9rer"},"content":{"rendered":"<p>Les <a href=\"https:\/\/www.20minutes.fr\/dossier\/policier\" target=\"_blank\" class=\"color-ultramarine c-link\" rel=\"noopener\">policiers<\/a> qui avaient ouvert le feu en juin\u00a02022 sur une voiture \u00e0 <a href=\"https:\/\/www.20minutes.fr\/paris\/\" target=\"_blank\" class=\"color-ultramarine c-link\" rel=\"noopener\">Paris<\/a>, tuant une passag\u00e8re de 21 ans, ne seront pas poursuivis. Dans une ordonnance rendue le 5\u00a0mai, les juges d\u2019instruction ont estim\u00e9 que leurs tirs \u00e9taient \u00ab\u00a0absolument n\u00e9cessaires et strictement proportionn\u00e9s\u00a0\u00bb, confirmant une information du <a href=\"https:\/\/www.20minutes.fr\/dossier\/le_parisien\" target=\"_blank\" class=\"color-ultramarine c-link\" rel=\"noopener\">Parisien<\/a>.<\/p>\n<p>Le 4 juin\u00a02022, trois policiers \u00e0 <a href=\"https:\/\/www.20minutes.fr\/dossier\/vtt\" target=\"_blank\" class=\"color-ultramarine c-link\" rel=\"noopener\">VTT<\/a> avaient tent\u00e9 de contr\u00f4ler une Peugeot 207 dont les passagers arri\u00e8re ne portaient pas leur ceinture. Le conducteur avait <a href=\"https:\/\/www.20minutes.fr\/faits_divers\/refus-obtemperer\/\" target=\"_blank\" class=\"color-ultramarine c-link\" rel=\"noopener\">refus\u00e9 d\u2019obtemp\u00e9rer<\/a>, avant d\u2019\u00eatre bloqu\u00e9 dans les embouteillages sur le boulevard Barb\u00e8s. Les policiers avaient tir\u00e9 \u00e0 plusieurs reprises au moment o\u00f9 la voiture tentait de red\u00e9marrer. Rayana, 21 ans, avait \u00e9t\u00e9 tu\u00e9e d\u2019une balle dans la t\u00eate. Le conducteur avait \u00e9t\u00e9 gri\u00e8vement bless\u00e9.<\/p>\n<\/p>\n<p>Les parties civiles font appel de ce non-lieu<\/p>\n<p>Mis en examen en\u00a02023, le policier auteur du tir mortel a d\u00e9clar\u00e9 avoir vis\u00e9 le conducteur par peur pour sa vie et celle de sa coll\u00e8gue. Les deux autres agents, entendus comme t\u00e9moins assist\u00e9s, ne sont pas poursuivis. Plusieurs parties civiles ont fait appel de ce non-lieu. \u00ab\u00a0La famille de Rayana est sid\u00e9r\u00e9e\u00a0\u00bb, a r\u00e9agi Me Florian Lastelle, d\u00e9non\u00e7ant une d\u00e9cision \u00ab\u00a0lacunaire\u00a0\u00bb. \u00ab\u00a0La supr\u00e9matie des syndicats est ici plus forte que le droit\u00a0\u00bb, a fustig\u00e9 Me Marie Violleau, avocate de la passag\u00e8re arri\u00e8re.<\/p>\n<p><a href=\"https:\/\/www.20minutes.fr\/faits_divers\/refus-obtemperer\/\" target=\"_blank\" class=\"c-link c-btn c-btn--primary\" rel=\"noopener\">Tous nos articles sur les refus d&rsquo;obtemp\u00e9rer<\/a><\/p>\n<p>Me Rapha\u00ebl Kempf, avocat du conducteur, d\u00e9nonce les effets de la loi de\u00a02017 sur l\u2019usage des armes par les policiers\u00a0: \u00ab\u00a0Ce non-lieu est un tr\u00e8s mauvais signal envoy\u00e9 \u00e0 ceux qui peuvent \u00eatre la cible de violences polici\u00e8res.\u00a0\u00bb Le conducteur, lui, sera prochainement jug\u00e9 pour violences contre des agents. L\u2019avocat des policiers n\u2019a pas r\u00e9pondu aux sollicitations.<\/p>\n","protected":false},"excerpt":{"rendered":"Les policiers qui avaient ouvert le feu en juin\u00a02022 sur une voiture \u00e0 Paris, tuant une passag\u00e8re de&hellip;\n","protected":false},"author":2,"featured_media":105611,"comment_status":"","ping_status":"","sticky":false,"template":"","format":"standard","meta":{"footnotes":""},"categories":[1888],"tags":[47,11,6376,3983,1777,674,1011,27,662,303,12,626,1072,2852,25,3693],"class_list":{"0":"post-105610","1":"post","2":"type-post","3":"status-publish","4":"format-standard","5":"has-post-thumbnail","7":"category-paris","8":"tag-actualite","9":"tag-actualites","10":"tag-armes","11":"tag-deces","12":"tag-eu","13":"tag-europe","14":"tag-fr","15":"tag-france","16":"tag-ile-de-france","17":"tag-justice","18":"tag-news","19":"tag-paris","20":"tag-police","21":"tag-refus-dobtemperer","22":"tag-republique-francaise","23":"tag-tribunal"},"share_on_mastodon":{"url":"https:\/\/pubeurope.com\/@fr\/114520129927949782","error":""},"_links":{"self":[{"href":"https:\/\/www.europesays.com\/fr\/wp-json\/wp\/v2\/posts\/105610","targetHints":{"allow":["GET"]}}],"collection":[{"href":"https:\/\/www.europesays.com\/fr\/wp-json\/wp\/v2\/posts"}],"about":[{"href":"https:\/\/www.europesays.com\/fr\/wp-json\/wp\/v2\/types\/post"}],"author":[{"embeddable":true,"href":"https:\/\/www.europesays.com\/fr\/wp-json\/wp\/v2\/users\/2"}],"replies":[{"embeddable":true,"href":"https:\/\/www.europesays.com\/fr\/wp-json\/wp\/v2\/comments?post=105610"}],"version-history":[{"count":0,"href":"https:\/\/www.europesays.com\/fr\/wp-json\/wp\/v2\/posts\/105610\/revisions"}],"wp:featuredmedia":[{"embeddable":true,"href":"https:\/\/www.europesays.com\/fr\/wp-json\/wp\/v2\/media\/105611"}],"wp:attachment":[{"href":"https:\/\/www.europesays.com\/fr\/wp-json\/wp\/v2\/media?parent=105610"}],"wp:term":[{"taxonomy":"category","embeddable":true,"href":"https:\/\/www.europesays.com\/fr\/wp-json\/wp\/v2\/categories?post=105610"},{"taxonomy":"post_tag","embeddable":true,"href":"https:\/\/www.europesays.com\/fr\/wp-json\/wp\/v2\/tags?post=105610"}],"curies":[{"name":"wp","href":"https:\/\/api.w.org\/{rel}","templated":true}]}}