{"id":105612,"date":"2025-05-16T23:34:14","date_gmt":"2025-05-16T23:34:14","guid":{"rendered":"https:\/\/www.europesays.com\/fr\/105612\/"},"modified":"2025-05-16T23:34:14","modified_gmt":"2025-05-16T23:34:14","slug":"en-direct-ukraine-des-sanctions-toujours-en-preparation-par-lue-en-coordination-avec-washington-dit-macron","status":"publish","type":"post","link":"https:\/\/www.europesays.com\/fr\/105612\/","title":{"rendered":"EN DIRECT &#8211; Ukraine : des sanctions toujours en pr\u00e9paration par l&rsquo;UE \u00ab\u00a0en coordination\u00a0\u00bb avec Washington, dit Macron"},"content":{"rendered":"<p>Une rencontre entre Volodymyr Zelensky et Vladimir Poutine doit \u00eatre \u00ab\u00a0la prochaine \u00e9tape\u00a0\u00bb, a d\u00e9clar\u00e9 \u00e0 Istanbul, le n\u00e9gociateur principal ukrainien \u00e0 l&rsquo;issue des premiers pourparlers de paix russo-ukrainiens depuis le printemps 2022.Vendredi soir, Emmanuel Macron a d\u00e9clar\u00e9 que des sanctions \u00e9taient toujours en pr\u00e9paration contre Moscou, \u00ab\u00a0en coordination\u00a0\u00bb avec Washington.Suivez les derni\u00e8res informations en direct.<a href=\"https:\/\/www.tf1info.fr\/actualite\/invasion-de-l-ukraine-par-la-russie-une-guerre-qui-dure-12951\/\" rel=\"noopener\" class=\"jsx-3118104007 Link jsx-1428418400 jsx-554215408\" target=\"_blank\"><\/p>\n<p style=\"font-weight:400\" class=\"jsx-1837267516\">Suivez la couverture compl\u00e8te<\/p>\n<p style=\"font-weight:800\" class=\"jsx-1837267516\">Ukraine : 4\u1d49 ann\u00e9e de guerre<\/p>\n<p><\/a>Les \u00e9l\u00e9ments marquants15:41<br class=\"jsx-494582681\"\/> 16 mai 2025QUE RETENIR DES POURPARLERS ?<\/p>\n<p>Les n\u00e9gociateurs russe et ukrainien ont annonc\u00e9, apr\u00e8s leurs pourparlers \u00e0 Instanbul, avoir \u00e9voqu\u00e9 la <strong>possibilit\u00e9 d&rsquo;instaurer un cessez-le-feu<\/strong>,<strong> d&rsquo;organiser une rencontre entre les pr\u00e9sidents Vladimir Poutine et Volodymyr Zelensky<\/strong> et <strong>pr\u00e9voir un \u00e9change de prisonniers de 1.000 personnes de chaque camp<\/strong>. \u00ab\u00a0Dans les prochains jours, un \u00e9change massif de prisonniers, \u00e0 raison de 1.000 contre 1.000, aura lieu\u00a0\u00bb, a annonc\u00e9 le n\u00e9gociateur russe Vladimir Medinski. Une information confirm\u00e9e par le chef de la d\u00e9l\u00e9gation ukrainienne, Roustem Oumerov.<\/p>\n<p>Valider les filtresR\u00e9initialiser les filtres<\/p>\n<p>Minute par minuteFiltrer par Temps fortsFiltrer23:12<br class=\"jsx-494582681\"\/> 16 mai 2025CE QU&rsquo;IL FAUT RETENIR DES POURPARLERS EN TURQUIE<\/p>\n<p>Aujourd&rsquo;hui, Russes et Ukrainiens se sont r\u00e9unis \u00e0 Istanbul pour leurs premiers pourparlers de paix depuis le d\u00e9but de la guerre. Mais les discussions ont tourn\u00e9 court, une source ukrainienne accusant la d\u00e9l\u00e9gation russe d\u2019avoir pr\u00e9sent\u00e9 des \u00ab\u00a0demandes inacceptables\u00a0\u00bb. Dans l&rsquo;article ci-dessous, on fait le point qu&rsquo;il faut retenir de cette journ\u00e9e.<\/p>\n<p>International<img decoding=\"async\" src=\"https:\/\/www.europesays.com\/fr\/wp-content\/uploads\/2025\/05\/rencontre-delegations-ukraine-russie-istanbul-turquie-16-mai-2025-82c778-0@1x.jpeg\" alt=\"Cette photo diffus\u00e9e par le minist\u00e8re ukrainien des Affaires \u00e9trang\u00e8res le 16 mai 2025 montre des membres des d\u00e9l\u00e9gations ukrainienne (\u00e0 gauche) et russe (\u00e0 droite) participant \u00e0 une r\u00e9union au palais de Dolmabah\u00e7e, \u00e0 Istanbul, en Turquie.\" loading=\"lazy\" importance=\"low\" fetchpriority=\"low\" class=\"\" aria-hidden=\"true\"\/><\/p>\n<p>Publi\u00e9 hier \u00e0 22h45<\/p>\n<p>19:43<br class=\"jsx-494582681\"\/> 16 mai 2025DES SANCTIONS EN PR\u00c9PARATION<\/p>\n<p>Emmanuel Macron a affirm\u00e9 que les Europ\u00e9ens poursuivaient la pr\u00e9paration de sanctions contre la Russie \u00ab\u00a0en coordination\u00a0\u00bb avec les \u00c9tats-Unis, qu&rsquo;ils imposeraient si Moscou continue de refuser un cessez-le-feu en Ukraine. \u00ab\u00a0Ce qui reste d&rsquo;actualit\u00e9, c&rsquo;est (&#8230;) la seule proposition concr\u00e8te qui a \u00e9t\u00e9 faite, c&rsquo;est celle d&rsquo;un cessez-le-feu inconditionnel\u00a0\u00bb, a-t-il expliqu\u00e9 depuis Tirana, apr\u00e8s des \u00e9changes infructueux sur ce th\u00e8me entre Kiev et Moscou \u00e0 Istanbul. \u00ab\u00a0Nous continuons (&#8230;) de pr\u00e9parer des nouvelles sanctions en coordination avec les \u00c9tats-Unis d&rsquo;Am\u00e9rique, au cas o\u00f9 ceux-ci ne trouveraient pas une r\u00e9ponse positive\u00a0\u00bb, a-t-il ajout\u00e9.<\/p>\n<p>17:32<br class=\"jsx-494582681\"\/> 16 mai 2025&Prime;LA PROCHAINE \u00c9TAPE\u00a0\u00bb<\/p>\n<p>Une rencontre entre les pr\u00e9sidents ukrainien Volodymyr Zelensky et russe Vladimir Poutine doit \u00eatre \u00ab\u00a0la prochaine \u00e9tape\u00a0\u00bb, a d\u00e9clar\u00e9 \u00e0 Istanbul, le n\u00e9gociateur principal ukrainien \u00e0 l&rsquo;issue des premiers pourparlers de paix russo-ukrainiens depuis le printemps 2022. \u00ab\u00a0Je pense que la prochaine \u00e9tape serait d&rsquo;organiser une r\u00e9union au niveau des dirigeants\u00a0\u00bb, a dit Roustem Oumerov, ministre ukrainien de la D\u00e9fense, lors d&rsquo;une br\u00e8ve intervention face \u00e0 la presse \u00e0 Istanbul. Vladimir Poutine a pourtant refus\u00e9 ces derniers jours de rencontrer son homologue ukrainien, qui lui avait propos\u00e9 un \u00e9change \u00ab\u00a0en personne\u00a0\u00bb en Turquie.<\/p>\n<p>17:13<br class=\"jsx-494582681\"\/> 16 mai 2025LA D\u00c9L\u00c9GATION UKRAINIENNE QUITTE ISTANBUL CE SOIR<\/p>\n<p>Une source au sein de la d\u00e9l\u00e9gation ukrainienne a d\u00e9clar\u00e9 \u00e0 l&rsquo;AFP que l&rsquo;\u00e9quipe envoy\u00e9e par le pr\u00e9sident Volodymyr Zelensky pour discuter avec les Russes \u00e0 Istanbul allait quitter la ville turque dans la soir\u00e9e. \u00ab\u00a0La d\u00e9l\u00e9gation ukrainienne quitte Istanbul aujourd&rsquo;hui\u00a0\u00bb, a indiqu\u00e9 cette source ukrainienne, quelques heures apr\u00e8s les premiers pourparlers de paix russo-ukrainiens depuis le printemps 2022, qui n&rsquo;ont pas abouti \u00e0 un accord de cessez-le-feu, comme le demandait Kiev.<\/p>\n<p>16:01<br class=\"jsx-494582681\"\/> 16 mai 2025\u00c9CHANGES T\u00c9L\u00c9PHONIQUES AVEC TRUMP<\/p>\n<p>Les dirigeants ukrainien, allemand, fran\u00e7ais, britannique et polonais ont \u00e9chang\u00e9 au t\u00e9l\u00e9phone avec le pr\u00e9sident am\u00e9ricain Donald Trump. Le point depuis Tirana (Albanie), o\u00f9 se tient le sommet de la Communaut\u00e9 politique europ\u00e9enne. \u00ab\u00a0Aujourd&rsquo;hui<\/p>\n<p>Echanges t\u00e9l\u00e9phoniques avec Donald Trump : notre envoy\u00e9 sp\u00e9cial en Albanie fait le pointSource : TF1 Info<\/p>\n<p><img decoding=\"async\" src=\"https:\/\/www.europesays.com\/fr\/wp-content\/uploads\/2025\/05\/echanges-telephoniques-avec-donald-trump-notre-envoye-special-en-albanie-fait-le-point-0ec44b-0@1x.j.jpeg\" alt=\"Echanges t\u00e9l\u00e9phoniques avec Donald Trump : notre envoy\u00e9 sp\u00e9cial en Albanie fait le point\" loading=\"lazy\" importance=\"low\" fetchpriority=\"low\" class=\"\"\/><img decoding=\"async\" src=\"https:\/\/www.europesays.com\/fr\/wp-content\/uploads\/2025\/04\/player-logo-play.svg.svg+xml\" alt=\"Logo lecture\" class=\"jsx-d0de44c05fe3042c PlayerLazyload__Play\"\/>15:51<br class=\"jsx-494582681\"\/> 16 mai 2025LA RUSSIE \u00ab\u00a0SATISFAITE\u00a0\u00bb<\/p>\n<p>La Russie s&rsquo;est dite, par la voix de son n\u00e9gociateur, \u00ab\u00a0satisfaite\u00a0\u00bb de l&rsquo;issue des premiers pourparlers de paix depuis 2022 avec l&rsquo;Ukraine men\u00e9s \u00e0 Istanbul et \u00eatre \u00ab\u00a0pr\u00eate \u00e0 poursuivre les contacts\u00a0\u00bb. \u00ab\u00a0Dans l&rsquo;ensemble, nous sommes satisfaits du r\u00e9sultat et pr\u00eats \u00e0 poursuivre les contacts\u00a0\u00bb, a d\u00e9clar\u00e9 Vladimir Medinski lors d&rsquo;une br\u00e8ve allocution \u00e0 la presse.\u00a0<\/p>\n<p>15:50<br class=\"jsx-494582681\"\/> 16 mai 2025IGNORANCE DE MOSCOU JUG\u00c9E \u00ab\u00a0INACCEPTABLE\u00a0\u00bb<\/p>\n<p>Emmanuel Macron a jug\u00e9 \u00ab\u00a0inacceptable\u00a0\u00bb que la Russie n&rsquo;ait de nouveau pas r\u00e9pondu \u00e0 un appel au cessez-le-feu des Am\u00e9ricains et des Europ\u00e9ens en Ukraine. Il est \u00ab\u00a0inacceptable, pour une deuxi\u00e8me fois, que la Russie, le pr\u00e9sident Poutine, ne r\u00e9pondent pas aux demandes qui ont \u00e9t\u00e9 faites par les Am\u00e9ricains, soutenus par l&rsquo;Ukraine et les Europ\u00e9ens\u00a0\u00bb, a-t-il dit \u00e0 l&rsquo;issue d&rsquo;un entretien t\u00e9l\u00e9phonique de ses homologues europ\u00e9ens Friedrich Merz, Keir Starmer, Donald Tusk et lui-m\u00eame avec le pr\u00e9sident am\u00e9ricain.<\/p>\n<p>15:41<br class=\"jsx-494582681\"\/> 16 mai 2025QUE RETENIR DES POURPARLERS ?<\/p>\n<p>Les n\u00e9gociateurs russe et ukrainien ont annonc\u00e9, apr\u00e8s leurs pourparlers \u00e0 Instanbul, avoir \u00e9voqu\u00e9 la <strong>possibilit\u00e9 d&rsquo;instaurer un cessez-le-feu<\/strong>,<strong> d&rsquo;organiser une rencontre entre les pr\u00e9sidents Vladimir Poutine et Volodymyr Zelensky<\/strong> et <strong>pr\u00e9voir un \u00e9change de prisonniers de 1.000 personnes de chaque camp<\/strong>. \u00ab\u00a0Dans les prochains jours, un \u00e9change massif de prisonniers, \u00e0 raison de 1.000 contre 1.000, aura lieu\u00a0\u00bb, a annonc\u00e9 le n\u00e9gociateur russe Vladimir Medinski. Une information confirm\u00e9e par le chef de la d\u00e9l\u00e9gation ukrainienne, Roustem Oumerov.<\/p>\n<p>15:38<br class=\"jsx-494582681\"\/> 16 mai 2025\u00c9CHANGES AU T\u00c9L\u00c9PHONE AVEC TRUMP<\/p>\n<p>Les dirigeants ukrainien, allemand, fran\u00e7ais, britannique et polonais ont \u00e9chang\u00e9 au t\u00e9l\u00e9phone avec le pr\u00e9sident am\u00e9ricain Donald Trump, annonce la pr\u00e9sidence ukrainienne, apr\u00e8s la fin des premiers pourparlers de paix entre Moscou et Kiev depuis le printemps 2022. \u00ab\u00a0Le pr\u00e9sident Zelensky, le pr\u00e9sident Macron, le chancelier Merz, le Premier ministre Starmer et le Premier ministre Tusk ont eu un entretien t\u00e9l\u00e9phonique avec Donald Trump\u00a0\u00bb, a indiqu\u00e9 aux journalistes le porte-parole du pr\u00e9sident ukrainien, Sergui\u00ef Nykyforov.<\/p>\n<p>15:08<br class=\"jsx-494582681\"\/> 16 mai 2025POURQUOI LES N\u00c9GOCIATIONS SE D\u00c9ROULENT-ELLES EN TURQUIE ?<\/p>\n<p>Les discussions in\u00e9dites depuis le printemps 2022 se sont d\u00e9roul\u00e9es \u00e0 Istanbul. Comment la Turquie s&rsquo;est-elle positionn\u00e9e en tant que m\u00e9diateur dans le conflit entre Moscou et Kiev ? Quelle est sa position ? On faisait le point il y a quelques jours avec Bayram Balci, chercheur au centre de recherches internationales de Sciences Po.<\/p>\n<p>International<img decoding=\"async\" src=\"https:\/\/www.europesays.com\/fr\/wp-content\/uploads\/2025\/05\/drapeau-turquie-illustration-be8de6-0@1x.jpeg\" alt=\"&quot;Erdogan est pragmatique et opportuniste&quot; : entre Moscou et Kiev, le d\u00e9licat jeu d'\u00e9quilibriste de la Turquie\" loading=\"lazy\" importance=\"low\" fetchpriority=\"low\" class=\"\" aria-hidden=\"true\"\/><\/p>\n<p>Publi\u00e9 le 13 mai 2025 \u00e0 18h00<\/p>\n<p>14:48<br class=\"jsx-494582681\"\/> 16 mai 2025LA REPRISE DES DISCUSSIONS \u00ab\u00a0POSSIBLE\u00a0\u00bb<\/p>\n<p>Une reprise des pourparlers russo-ukrainiens est \u00ab\u00a0possible\u00a0\u00bb vendredi, mais pas encore \u00ab\u00a0pr\u00e9vue\u00a0\u00bb \u00e0 ce stade, a indiqu\u00e9 \u00e0 l&rsquo;AFP un haut responsable ukrainien au fait de ces discussions. \u00ab\u00a0Il est possible que quelque chose se passe aujourd&rsquo;hui\u00a0\u00bb mais \u00ab\u00a0pour l&rsquo;instant, rien n&rsquo;est pr\u00e9vu\u00a0\u00bb, a-t-il dit. \u00ab\u00a0Nos \u00e9quipes sont pr\u00eates \u00e0 travailler aussi longtemps que n\u00e9cessaire\u00a0\u00bb, a-t-il ajout\u00e9, d\u00e9plorant une d\u00e9l\u00e9gation russe \u00ab\u00a0faible\u00a0\u00bb, incapable selon lui de \u00ab\u00a0prendre une d\u00e9cision substantielle pour mettre fin \u00e0 la guerre\u00a0\u00bb.<\/p>\n<p>14:39<br class=\"jsx-494582681\"\/> 16 mai 2025UN SIGNAL \u00ab\u00a0TOUT PETIT\u00a0\u00bb MAIS \u00ab\u00a0POSITIF\u00a0\u00bb POUR BERLIN<\/p>\n<p>De son c\u00f4t\u00e9, le chancelier allemand Friedrich Merz a salu\u00e9 vendredi la tenue \u00e0 Istanbul de n\u00e9gociations directes entre Moscou et Kiev pour tenter de mettre fin \u00e0 la guerre. \u00ab\u00a0Le fait qu&rsquo;ils se rencontrent aujourd&rsquo;hui, pour la premi\u00e8re fois depuis trois ans et demi, est un premier signal, tout petit mais positif\u00a0\u00bb, a-t-il d\u00e9clar\u00e9 depuis Tirana lors du sommet de la Communaut\u00e9 politique europ\u00e9enne.<\/p>\n<p>14:36<br class=\"jsx-494582681\"\/> 16 mai 2025FIN DE LA R\u00c9UNION RUSSO-UKRAINIENNE<\/p>\n<p>La premi\u00e8re r\u00e9union entre les d\u00e9l\u00e9gations russe et ukrainienne depuis mars 2022 s&rsquo;est achev\u00e9e vendredi \u00e0 Istanbul apr\u00e8s environ 1h40mn de discussions, a annonc\u00e9 une source au minist\u00e8re turc des Affaires \u00e9trang\u00e8res. \u00ab\u00a0La r\u00e9union est termin\u00e9e\u00a0\u00bb, a indiqu\u00e9 ce responsable \u00e0 15h20 locales (14h20 en France). Le chef de la diplomatie turque Hakan Fidan a assist\u00e9 aux \u00e9changes, selon ses services.<\/p>\n<p>14:25<br class=\"jsx-494582681\"\/> 16 mai 2025MOSCOU FAIT DES \u00ab\u00a0DEMANDES INACCEPTABLES\u00a0\u00bb<\/p>\n<p>La Russie a demand\u00e9, lors des pourparlers d&rsquo;Istanbul, que l&rsquo;Ukraine c\u00e8de de nouveaux territoires, a accus\u00e9 vendredi un responsable ukrainien aupr\u00e8s de l&rsquo;AFP, qualifiant ces exigences d'\u00a0\u00bbinacceptables\u00a0\u00bb et visant \u00e0 faire d\u00e9railler les n\u00e9gociations.<\/p>\n<p>\u00ab\u00a0Les repr\u00e9sentants russes pr\u00e9sentent des demandes inacceptables qui vont au-del\u00e0 de ce qui a \u00e9t\u00e9 discut\u00e9 avant la r\u00e9union\u00a0\u00bb, dont \u00ab\u00a0le retrait des forces ukrainiennes de vastes parties du territoire ukrainien qu&rsquo;elles contr\u00f4lent pour qu&rsquo;un cessez-le-feu puisse \u00eatre instaur\u00e9\u00a0\u00bb, a affirm\u00e9 cette source diplomatique \u00e0 l&rsquo;AFP sous couvert d&rsquo;anonymat.<\/p>\n<p>14:19<br class=\"jsx-494582681\"\/> 16 mai 2025SUR LE FRONT, L&rsquo;AVANC\u00c9E RUSSE SE POURSUIT<\/p>\n<p>Sur le terrain, la pression russe, elle, n&rsquo;a jamais faibli. Selon notre envoy\u00e9e sp\u00e9ciale sur place, Claire Cambier, qui se situe actuellement au Nord de Pokrovsk dans l&rsquo;oblast de Donetsk \u00e0 l&rsquo;est du pays, Moscou continue de faire progresser ses forces. Elles ont revendiqu\u00e9 ces derni\u00e8res heures la prise de deux nouveaux villages dans le Donbass, et se rapprochent de l&rsquo;oblast de Dnirpro. Les soldats ukrainiens, eux, sont trop focalis\u00e9s sur leur effort pour repousser les soldats russes pour s&rsquo;int\u00e9resser r\u00e9ellement au ballet diplomatique en cours.\u00a0<\/p>\n<p>Guerre en Ukraine : les n\u00e9gociations se poursuivent mais sur le terrain, la pression russe ne faiblit pasSource : TF1 Info<\/p>\n<p><img decoding=\"async\" src=\"https:\/\/www.europesays.com\/fr\/wp-content\/uploads\/2025\/05\/guerre-en-ukraine-les-negociations-se-poursuivent-mais-sur-le-terrain-la-pression-russe-ne-faiblit-p.jpeg\" alt=\"Guerre en Ukraine : les n\u00e9gociations se poursuivent mais sur le terrain, la pression russe ne faiblit pas\" loading=\"lazy\" importance=\"low\" fetchpriority=\"low\" class=\"\"\/><img decoding=\"async\" src=\"https:\/\/www.europesays.com\/fr\/wp-content\/uploads\/2025\/04\/player-logo-play.svg.svg+xml\" alt=\"Logo lecture\" class=\"jsx-d0de44c05fe3042c PlayerLazyload__Play\"\/>14:07<br class=\"jsx-494582681\"\/> 16 mai 2025LA PHOTO DE LA RENCONTRE UKRAINE-RUSSIE<\/p>\n<p>Les d\u00e9l\u00e9gations ukrainienne et russe, sous m\u00e9diation turque, ont entam\u00e9 vendredi \u00e0 Istanbul leurs premi\u00e8res n\u00e9gociations directes depuis le printemps 2022, au palais de Dolmabah\u00e7e \u00e0 Istanbul. Le porte-parole de la diplomatie ukrainienne a partag\u00e9 avec l&rsquo;AFP une photo des deux d\u00e9l\u00e9gations assises face-\u00e0-face (ukrainienne \u00e0 gauche et russe \u00e0 droite), entour\u00e9es des m\u00e9diateurs turcs. En fond, des drapeaux turcs sont ainsi encadr\u00e9s des drapeaux ukrainiens et russes. La t\u00e9l\u00e9vision russe d&rsquo;\u00c9tat a \u00e9galement diffus\u00e9 des images.<\/p>\n<p><img decoding=\"async\" src=\"https:\/\/www.europesays.com\/fr\/wp-content\/uploads\/2025\/05\/rencontre-delegations-ukraine-russie-istanbul-turquie-16-mai-2025-82c778-0@1x.jpeg\" alt=\"Cette photo diffus\u00e9e par le minist\u00e8re ukrainien des Affaires \u00e9trang\u00e8res le 16 mai 2025 montre des membres des d\u00e9l\u00e9gations ukrainienne (\u00e0 gauche) et russe (\u00e0 droite) participant \u00e0 une r\u00e9union au palais de Dolmabah\u00e7e, \u00e0 Istanbul, en Turquie. -  Handout \/ UKRAINIAN FOREIGN MINISTRY \/ AFP\" loading=\"lazy\" importance=\"low\" fetchpriority=\"low\" class=\"\"\/>Cette photo diffus\u00e9e par le minist\u00e8re ukrainien des Affaires \u00e9trang\u00e8res le 16 mai 2025 montre des membres des d\u00e9l\u00e9gations ukrainienne (\u00e0 gauche) et russe (\u00e0 droite) participant \u00e0 une r\u00e9union au palais de Dolmabah\u00e7e, \u00e0 Istanbul, en Turquie. &#8211;  Handout \/ UKRAINIAN FOREIGN MINISTRY \/ AFP13:57<br class=\"jsx-494582681\"\/> 16 mai 2025&Prime;CESSEZ-LE-FEU IMM\u00c9DIAT ET INCONDITIONNEL\u00a0\u00bb<\/p>\n<p>Tandis que les premi\u00e8res n\u00e9gociations directes entre Russes et Ukrainiens ont commenc\u00e9 en Turquie, la France maintient sa ligne : \u00ab\u00a0l&rsquo;important, c&rsquo;est un cessez-le-feu imm\u00e9diat et inconditionnel\u00a0\u00bb, a dit une source diplomatique fran\u00e7aise \u00e0 l&rsquo;AFP.<\/p>\n<p>13:45<br class=\"jsx-494582681\"\/> 16 mai 2025ZELENSKY DEMANDE UNE \u00ab\u00a0R\u00c9ACTION FORTE\u00a0\u00bb EN CAS D&rsquo;\u00c9CHEC<\/p>\n<p>Prenant la parole \u00e0 son tour, le pr\u00e9sident ukrainien Volodymyr Zelensky a appel\u00e9 \u00e0 une \u00ab\u00a0r\u00e9action forte\u00a0\u00bb de la communaut\u00e9 internationale contre Moscou en cas d&rsquo;\u00e9chec des pourparlers \u00e0 Istanbul.\u00a0\u00ab\u00a0S&rsquo;il s&rsquo;av\u00e8re que la d\u00e9l\u00e9gation russe n&rsquo;est l\u00e0 que pour les apparences et ne peut aboutir \u00e0 aucun r\u00e9sultat aujourd&rsquo;hui, alors tout le monde devra r\u00e9pondre\u00a0\u00bb, a-t-il d\u00e9clar\u00e9 depuis Tirana. \u00ab\u00a0Il doit y avoir une r\u00e9action forte, y compris des sanctions\u00a0\u00bb, a-t-il ajout\u00e9. Il a aussi d\u00e9clar\u00e9 regretter que Vladimir Poutine ait \u00ab\u00a0eu peur\u00a0\u00bb de se rendre en Turquie.\u00a0<\/p>\n<p>\u00ab\u00a0J&rsquo;\u00e9tais \u00e0 Ankara hier, et j&rsquo;\u00e9tais pr\u00eat pour une r\u00e9union directe avec Poutine. Mais il n&rsquo;a rien accept\u00e9 de ce que je lui ai propos\u00e9. Et vous pouvez voir que la d\u00e9l\u00e9gation russe qui est venue \u00e0 Istanbul est de tr\u00e8s bas niveau. Aucun d&rsquo;entre eux ne peut vraiment prendre de d\u00e9cisions en Russie\u00a0\u00bb, a encore fustig\u00e9 le dirigeant ukrainien. \u00ab\u00a0Si les repr\u00e9sentants russes \u00e0 Istanbul ne peuvent m\u00eame pas accepter un cessez-le-feu, alors il sera 100% clair sur Poutine continue \u00e0 affaiblir la diplomatie\u00a0\u00bb, a-t-il poursuivi.\u00a0<\/p>\n<p>13:33<br class=\"jsx-494582681\"\/> 16 mai 2025&Prime;LA RUSSIE N&rsquo;A PAS ENVIE DE CESSEZ-LE-FEU\u00a0\u00bb, SELON MACRON<\/p>\n<p>Depuis le sommet de la Communaut\u00e9 politique europ\u00e9enne (CPE), \u00e0 Tirana en Albanie, le pr\u00e9sident fran\u00e7ais Emmanuel Macron a soulign\u00e9 \u00ab\u00a0un moment d&rsquo;un certaine gravit\u00e9\u00a0\u00bb, \u00ab\u00a0compte tenu des enjeux qui sont les n\u00f4tres\u00a0\u00bb. \u00ab\u00a0Je suis frapp\u00e9 de voir \u00e0 quel point, et de mani\u00e8re sans doute in\u00e9dite, on a aujourd&rsquo;hui sur notre Europe un d\u00e9fi sur toutes les s\u00e9curit\u00e9s\u00a0\u00bb, a-t-il insist\u00e9, appelant \u00e0 \u00ab\u00a0l&rsquo;unit\u00e9 entre nous tous\u00a0\u00bb, qui est \u00ab\u00a0indispensable\u00a0\u00bb.<\/p>\n<p>Il a soulign\u00e9 des \u00ab\u00a0menaces de guerre et de division qui frappent l&rsquo;Europe\u00a0\u00bb, dont \u00ab\u00a0la guerre d&rsquo;agression en Ukraine\u00a0\u00bb. Assis juste \u00e0 c\u00f4t\u00e9 de Volodymyr Zelenksy, il a rappel\u00e9 la \u00ab\u00a0solidarit\u00e9\u00a0\u00bb du continent pour l&rsquo;Ukraine : la rencontre de la semaine pass\u00e9e \u00e0 Kiev de la coalition des volontaires est \u00ab\u00a0importante pour obtenir le cessez-le-feu\u00a0\u00bb. \u00ab\u00a0Les derni\u00e8res heures ont montr\u00e9 \u00e0 cet \u00e9gard que la Russie n&rsquo;avait pas envie de cessez-le-feu\u00a0\u00bb, a-t-il fustig\u00e9, appelant \u00e0 une \u00ab\u00a0pression accrue des Europ\u00e9ens et des Am\u00e9ricains\u00a0\u00bb, sans quoi \u00ab\u00a0il ne sera pas spontan\u00e9\u00a0\u00bb, pour obtenir in fine \u00ab\u00a0une paix juste et durable pour l&rsquo;Ukraine\u00a0\u00bb.\u00a0<\/p>\n<p>12:59<br class=\"jsx-494582681\"\/> 16 mai 2025LA TURQUIE VEUT UN CESSEZ-LE-FEU \u00ab\u00a0D\u00c8S QUE POSSIBLE\u00a0\u00bb<\/p>\n<p>\u00c0 l&rsquo;ouverture des premiers pourparlers \u00e0 Istanbul entre Kiev et Moscou, la Turquie, qui assure une m\u00e9diation, a r\u00e9clam\u00e9 un cessez-le-feu \u00ab\u00a0d\u00e8s que possible\u00a0\u00bb en Ukraine. \u00ab\u00a0Il est d&rsquo;une importance cruciale qu&rsquo;un cessez-le-feu soit mis en \u0153uvre d\u00e8s que possible\u00a0\u00bb, a d\u00e9clar\u00e9 le ministre turc des Affaires \u00e9trang\u00e8res Hakan Fidan en affirmant que \u00ab\u00a0chaque jour de retard entra\u00eene de nouvelles pertes humaines\u00a0\u00bb.<\/p>\n<p>12:41<br class=\"jsx-494582681\"\/> 16 mai 2025LES POURPARLERS EN COURS<\/p>\n<p>Les pourparlers entre Russes et Ukrainiens ont d\u00e9but\u00e9 \u00e0 Istanbul. Il s&rsquo;agit des premi\u00e8res n\u00e9gociations directes entre les deux pays depuis 2022.<\/p>\n<p>\u00ab\u00a0Les deux parties sont sur place\u00a0\u00bb, a indiqu\u00e9 le porte-parole de la diplomatie, Gueorgi\u00ef Tykhy, en publiant une photo des responsables russes et ukrainiens assis \u00e0 la table, face-\u00e0-face. La t\u00e9l\u00e9vision russe d&rsquo;\u00c9tat a, de son c\u00f4t\u00e9, publi\u00e9 la prise de parole d&rsquo;un m\u00e9diateur turc en ouverture de la r\u00e9union.<\/p>\n<p>12:28<br class=\"jsx-494582681\"\/> 16 mai 2025L&rsquo;UE VEUT \u00ab\u00a0ACCRO\u00ceTRE LA PRESSION\u00a0\u00bb SUR MOSCOU<\/p>\n<p>La pr\u00e9sidente de la Commission europ\u00e9enne, Ursula von der Leyen, a promis vendredi d'\u00a0\u00bbaccro\u00eetre la pression\u00a0\u00bb sur Moscou jusqu&rsquo;\u00e0 ce que le pr\u00e9sident russe Vladimir Poutine soit \u00ab\u00a0pr\u00eat pour la paix\u00a0\u00bb dans les discussions avec l&rsquo;Ukraine.<\/p>\n<p>\u00ab\u00a0Le pr\u00e9sident ukrainien Volodymyr Zelensky \u00ab\u00a0\u00e9tait pr\u00eat \u00e0 une rencontre. Le pr\u00e9sident Poutine ne s&rsquo;est pas pr\u00e9sent\u00e9. Cela d\u00e9montre une chose : le pr\u00e9sident Poutine ne veut pas la paix\u00a0\u00bb, a-t-elle d\u00e9clar\u00e9 puis Tirana, au sommet de la Communaut\u00e9 politique europ\u00e9enne (CPE). \u00ab\u00a0Nous voulons la paix et nous devons accro\u00eetre la pression jusqu&rsquo;\u00e0 ce que le pr\u00e9sident Poutine soit pr\u00eat pour cela\u00a0\u00bb, a-t-elle ajout\u00e9, \u00e9voquant de nouvelles sanctions en pr\u00e9paration.<\/p>\n<blockquote data-testid=\"EmbedTwitter\" id=\"tweet-1923312735342727344-:R3j5icmb6ij9n79m:\" class=\"jsx-aeff1a1c40f54d7a twitter-tweet flex justify-center items-center\"><p>We want peace. Now is the time to intensify the pressure until Putin is also ready for peace. This is why we are working on the 18th package of sanctions \u2193  pic.twitter.com\/QYJRInCleO \u2014 Ursula von der Leyen (@vonderleyen)  May 16, 2025<\/p><\/blockquote>\n<p>12:25<br class=\"jsx-494582681\"\/> 16 mai 2025RENCONTRE ENTRE RUBIO ET DES EUROP\u00c9ENS<\/p>\n<p>Le secr\u00e9taire d&rsquo;Etat am\u00e9ricain Marco Rubio a rencontr\u00e9 vendredi \u00e0 Istanbul des conseillers diplomatique et \u00e0 la s\u00e9curit\u00e9, fran\u00e7ais, britannique et allemand pour des discussions sur le nucl\u00e9aire iranien ainsi que sur l&rsquo;Ukraine, a indiqu\u00e9 un responsable am\u00e9ricain.\u00a0<\/p>\n<p>12:25<br class=\"jsx-494582681\"\/> 16 mai 2025MOSCOU VEUT EXCLURE WASHINGTON, SELON KIEV<\/p>\n<p>Un haut responsable ukrainien a accus\u00e9 la Russie de bloquer la participation am\u00e9ricaine aux n\u00e9gociations entre Kiev et Moscou \u00e0 Istanbul. \u00ab\u00a0Ils exigent litt\u00e9ralement que les Am\u00e9ricains ne soient pr\u00e9sents \u00e0 aucune r\u00e9union\u00a0\u00bb, a affirm\u00e9 \u00e0 l&rsquo;AFP ce responsable, s&rsquo;exprimant sous le couvert de l&rsquo;anonymat. \u00ab\u00a0C&rsquo;est vraiment de l&rsquo;arrogance ultime. Personne ne s&rsquo;y attendait\u00a0\u00bb, a-t-il ajout\u00e9.<\/p>\n<p>12:24<br class=\"jsx-494582681\"\/> 16 mai 2025LES DEUX D\u00c9L\u00c9GATIONS DANS LE M\u00caME PALAIS<\/p>\n<p>Selon le journaliste du Wall Street Journal Yaroslav Trofimov, les d\u00e9l\u00e9gations russe et ukrainienne se trouvent actuellement toutes les deux au m\u00eame palais de Dolmabah\u00e7e \u00e0 Istanbul, a-t-il indiqu\u00e9 <a href=\"https:\/\/x.com\/yarotrof\/status\/1923321720036786499\" target=\"_blank\">sur X (nouvelle fen\u00eatre)<\/a>. Les n\u00e9gociations n&rsquo;ont toutefois pas commenc\u00e9, selon lui, tandis qu&rsquo;une salve de missiles balistiques vient d&rsquo;\u00eatre lanc\u00e9e sur l&rsquo;Ukraine.\u00a0<\/p>\n<p>12:17<br class=\"jsx-494582681\"\/> 16 mai 2025ATTAQUE MASSIVE DE DRONES RUSSES<\/p>\n<p>Tandis que d&rsquo;intenses tractations diplomatiques s&rsquo;organisent en Turquie, sur le terrain la guerre se poursuit. L&rsquo;arm\u00e9e de l&rsquo;air ukrainienne a affirm\u00e9 vendredi dans un communiqu\u00e9 que la Russie avait lanc\u00e9 sur l&rsquo;Ukraine \u00ab\u00a0112 drones d&rsquo;attaques\u00a0\u00bb et de divers autres types, continuant ses attaques malgr\u00e9 un ultimatum europ\u00e9en et am\u00e9ricain lanc\u00e9 lundi. L&rsquo;arm\u00e9e de l&rsquo;air a expliqu\u00e9 avoir abattu 73 de ces drones dans l&rsquo;est, le nord, le sud et le centre du pays.<\/p>\n<p>12:12<br class=\"jsx-494582681\"\/> 16 mai 2025WASHINGTON DEMANDE QUE \u00ab\u00a0LE MASSACRE CESSE\u00a0\u00bb<\/p>\n<p>\u00ab\u00a0Le massacre doit cesser\u00a0\u00bb en Ukraine, a d\u00e9clar\u00e9 vendredi le secr\u00e9taire d&rsquo;\u00c9tat am\u00e9ricain Marco Rubio, selon des propos rapport\u00e9s par une responsable am\u00e9ricaine. Lors d&rsquo;une r\u00e9union \u00e0 Istanbul entre le chef de la diplomatie am\u00e9ricaine et ses homologues ukrainien et turc, les trois parties ont \u00ab\u00a0discut\u00e9 de l&rsquo;importance de rechercher une issue pacifique \u00e0 la guerre entre la Russie et l&rsquo;Ukraine\u00a0\u00bb et le repr\u00e9sentant des \u00c9tats-Unis a \u00ab\u00a0r\u00e9it\u00e9r\u00e9 la position am\u00e9ricaine selon laquelle le massacre doit cesser\u00a0\u00bb, a indiqu\u00e9 la porte-parole du d\u00e9partement d&rsquo;\u00c9tat, Tammy Bruce.<\/p>\n<p>12:01<br class=\"jsx-494582681\"\/> 16 mai 2025RENCONTRE POUTINE-TRUMP \u00ab\u00a0CERTAINEMENT N\u00c9CESSAIRE\u00a0\u00bb<\/p>\n<p>Une rencontre sur l&rsquo;Ukraine entre les pr\u00e9sidents russe et am\u00e9ricain, Vladimir Poutine et Donald Trump, est \u00ab\u00a0certainement n\u00e9cessaire\u00a0\u00bb, a d\u00e9clar\u00e9 le porte-parole de la pr\u00e9sidence russe, Dmitri Peskov, lors de son briefing quotidien. \u00ab\u00a0Les contacts entre les pr\u00e9sidents Poutine et Trump sont extr\u00eamement importants dans le contexte du r\u00e8glement de la crise ukrainienne\u00a0\u00bb, a-t-il ajout\u00e9.<\/p>\n<p>Peu avant, Donald Trump, qui a entretenu le suspense ces derniers jours sur une entrevue avec Vladimir Poutine, a dit vendredi qu&rsquo;il verrait le pr\u00e9sident russe \u00ab\u00a0d\u00e8s qu&rsquo;il sera possible d&rsquo;organiser\u00a0\u00bb une rencontre, mais pr\u00e9cis\u00e9 que dans l&rsquo;imm\u00e9diat il regagnait Washington, apr\u00e8s sa tourn\u00e9e diplomatique dans les pays du Golfe.<\/p>\n<p>12:00<br class=\"jsx-494582681\"\/> 16 mai 2025D\u00c9BUT D&rsquo;UNE RENCONTRE RUSSIE-\u00c9TATS-UNIS<\/p>\n<p>Des discussions entre Vladimir Medinski, le chef de la d\u00e9l\u00e9gation russe d\u00e9p\u00each\u00e9e en Turquie pour des pourparlers avec l&rsquo;Ukraine, et Michael Anton, un responsable du d\u00e9partement d&rsquo;\u00c9tat am\u00e9ricain, ont d\u00e9marr\u00e9 vendredi dans un h\u00f4tel d&rsquo;Istanbul, a indiqu\u00e9 un responsable am\u00e9ricain. Ces discussions interviennent avant la rencontre entre les repr\u00e9sentants de Moscou et de Kiev, la premi\u00e8re depuis le printemps 2022, qui doit avoir lieu dans la foul\u00e9e au palais de Dolmabah\u00e7e \u00e0 Istanbul.\u00a0<\/p>\n<p>11:43<br class=\"jsx-494582681\"\/> 16 mai 2025UNE JOURN\u00c9E DE N\u00c9GOCIATIONS DIPLOMATIQUES CRUCIALES ?<\/p>\n<p>Les n\u00e9gociations entre Ukrainiens et Russes pourraient commencer en ce moment m\u00eame en Turquie. \u00a0En parall\u00e8le, les Europ\u00e9ens, exclus de ces discussions qui se font uniquement sous m\u00e9diation turque et am\u00e9ricaine, se retrouvent en Albanie et vont r\u00e9p\u00e9ter leur soutien \u00e0 l&rsquo;Ukraine. On fait le point avec nos envoy\u00e9s sp\u00e9ciaux sur place.\u00a0<\/p>\n<p>Rencontre \u00e0 Istanbul, les Europ\u00e9ens r\u00e9unis en Albanie&#8230; Une journ\u00e9e cruciale pour la guerre en Ukraine ? Source : TF1 Info<\/p>\n<p><img decoding=\"async\" src=\"https:\/\/www.europesays.com\/fr\/wp-content\/uploads\/2025\/05\/rencontre-a-istanbul-les-europeens-reunis-en-albanie-une-journee-cruciale-pour-la-guerre-en-ukraine-.jpeg\" alt=\"Rencontre \u00e0 Istanbul, les Europ\u00e9ens r\u00e9unis en Albanie... Une journ\u00e9e cruciale pour la guerre en Ukraine ? \" loading=\"lazy\" importance=\"low\" fetchpriority=\"low\" class=\"\"\/><img decoding=\"async\" src=\"https:\/\/www.europesays.com\/fr\/wp-content\/uploads\/2025\/04\/player-logo-play.svg.svg+xml\" alt=\"Logo lecture\" class=\"jsx-d0de44c05fe3042c PlayerLazyload__Play\"\/>11:16<br class=\"jsx-494582681\"\/> 16 mai 2025KIEV VEUT TOUJOURS UNE RENCONTRE ZELENSKY-POUTINE<\/p>\n<p>L&rsquo;Ukraine esp\u00e8re pouvoir n\u00e9gocier une rencontre directe entre le pr\u00e9sident Volodymyr Zelensky et son homologue russe Vladimir Poutine lors des pourparlers pr\u00e9vus entre les deux parties \u00e0 Istanbul vendredi, a indiqu\u00e9 \u00e0 l&rsquo;AFP une source diplomatique ukrainienne.<\/p>\n<p>\u00ab\u00a0Comme nous comprenons qu&rsquo;il (Vladimir Poutine, ndlr) est le seul \u00e0 prendre des d\u00e9cisions, une \u00e9ventuelle rencontre entre le pr\u00e9sident Zelensky et Poutine sera \u00e9galement inscrite \u00e0 l&rsquo;ordre du jour de la d\u00e9l\u00e9gation ukrainienne\u00a0\u00bb, a expliqu\u00e9 cette source sous le couvert de l&rsquo;anonymat. Autres requ\u00eates ukrainiennes, selon cette source : le retour des enfants ukrainiens \u00ab\u00a0d\u00e9port\u00e9s\u00a0\u00bb en Russie selon Kiev &#8211; ce que Moscou d\u00e9ment &#8211; et un important \u00e9change de prisonniers de guerre.<\/p>\n<p>11:00<br class=\"jsx-494582681\"\/> 16 mai 2025FIN DE LA RENCONTRE UKRAINE-TURQUIE-\u00c9TATS-UNIS<\/p>\n<p>La rencontre vendredi matin entre Ukrainiens, Turcs et Am\u00e9ricains au palais de Dolmabah\u00e7e \u00e0 Istanbul a pris fin, ont indiqu\u00e9 des sources au sein du minist\u00e8re turc des Affaires \u00e9trang\u00e8res.<\/p>\n<p>Les discussions, qui ont dur\u00e9 environ une heure et auxquelles participaient notamment le secr\u00e9taire d&rsquo;\u00c9tat am\u00e9ricain Marco Rubio et ses homologues ukrainien et turc, doivent \u00eatre suivies de pourparlers entre Moscou et Kiev sous m\u00e9diation turque.<\/p>\n<p>10:55<br class=\"jsx-494582681\"\/> 16 mai 2025UN \u00ab\u00a0R\u00c9EL POUVOIR DE D\u00c9CISION\u00a0\u00bb MIS EN DOUTE PAR KIEV<\/p>\n<p>L&rsquo;Ukraine doute que les n\u00e9gociateurs russes \u00e0 Istanbul aient un \u00ab\u00a0r\u00e9el pouvoir de d\u00e9cision\u00a0\u00bb, a indiqu\u00e9 \u00e0 l&rsquo;AFP un haut responsable ukrainien peu avant le d\u00e9but des premiers pourparlers directs entre deux bellig\u00e9rants depuis le printemps 2022, quelques semaines apr\u00e8s le lancement de l&rsquo;invasion russe.<\/p>\n<p>Le pr\u00e9sident russe Vladimir \u00ab\u00a0Poutine a envoy\u00e9 \u00e0 Istanbul des personnes qui n&rsquo;ont aucun r\u00e9el pouvoir de d\u00e9cision\u00a0\u00bb, a d\u00e9nonc\u00e9 ce responsable sous couvert de l&rsquo;anonymat aupr\u00e8s de l&rsquo;AFP. \u00ab\u00a0Mais si la d\u00e9l\u00e9gation russe dispose tout de m\u00eame de certaines pr\u00e9rogatives, elle ne pourra le prouver qu&rsquo;en acceptant de prendre des mesures concr\u00e8tes, notamment un cessez-le-feu\u00a0\u00bb, a-t-il ajout\u00e9.\u00a0<\/p>\n<p>10:54<br class=\"jsx-494582681\"\/> 16 mai 2025KIEV VEUT UN \u00ab\u00a0CESSEZ-LE-FEU INCONDITIONNEL\u00a0\u00bb<\/p>\n<p>La priorit\u00e9 de Kiev est d&rsquo;obtenir de Moscou un \u00ab\u00a0cessez-le-feu inconditionnel\u00a0\u00bb, a d\u00e9clar\u00e9 le chef du cabinet de la pr\u00e9sidence ukrainienne vendredi avant des pourparlers avec la Russie \u00e0 Istanbul, les premiers depuis le printemps 2022. \u00ab\u00a0La d\u00e9l\u00e9gation ukrainienne est \u00e0 Istanbul aujourd&rsquo;hui pour parvenir \u00e0 un cessez-le-feu inconditionnel : c&rsquo;est notre priorit\u00e9\u00a0\u00bb, a indiqu\u00e9 Andri\u00ef Iermak, bras droit de Volodymyr Zelensky, sur le r\u00e9seau social X.<\/p>\n<p>Dans un autre message, il a \u00e9galement indiqu\u00e9 avoir \u00e9chang\u00e9 \u00e0 Istanbul, aux c\u00f4t\u00e9s des ministres ukrainiens \u00e0 la D\u00e9fense Roustem Oumerov et aux Affaires \u00e9trang\u00e8res Andri\u00ef Sybiga, avec l&rsquo;envoy\u00e9 pr\u00e9sidentiel am\u00e9ricain pour l&rsquo;Ukraine Keith Kellogg. Mais aussi avec \u00ab\u00a0le conseiller \u00e0 la s\u00e9curit\u00e9 nationale du Premier ministre britannique, Jonathan Powell\u00a0\u00bb, \u00ab\u00a0Emmanuel Bonne, conseiller diplomatique du pr\u00e9sident fran\u00e7ais, et G\u00fcnter Sautter, conseiller en politique \u00e9trang\u00e8re et de s\u00e9curit\u00e9 du chancelier allemand\u00a0\u00bb. Une rencontre annonc\u00e9e un peu plus t\u00f4t par une source au sein de la d\u00e9l\u00e9gation ukrainienne.<\/p>\n<blockquote data-testid=\"EmbedTwitter\" id=\"tweet-1923292800507838627-:R3j8icmb6ij9n79m:\" class=\"jsx-aeff1a1c40f54d7a twitter-tweet flex justify-center items-center\"><p>Together with Minister of Defense  @rustem_umerov and Deputy Foreign Minister  @andrii_sybiha , we held a meeting with U.S. Presidential Envoy  @generalkellogg , UK Prime Minister\u2019s National Security Advisor Jonathan Powell\u2026  pic.twitter.com\/UmtASxATq5 \u2014 Andriy Yermak (@AndriyYermak)  May 16, 2025<\/p><\/blockquote>\n<p>10:44<br class=\"jsx-494582681\"\/> 16 mai 2025TRUMP PR\u00caT \u00c0 RENCONTRER POUTINE, MAIS NE VA PAS EN TURQUIE<\/p>\n<p>Donald Trump, qui a entretenu le suspense ces derniers jours sur une entrevue avec Vladimir Poutine, a dit vendredi qu&rsquo;il verrait le pr\u00e9sident russe \u00ab\u00a0d\u00e8s qu&rsquo;il sera possible d&rsquo;organiser\u00a0\u00bb une rencontre, mais pr\u00e9cis\u00e9 que dans l&rsquo;imm\u00e9diat, il regagnait Washington. \u00ab\u00a0J&rsquo;allais le faire, je serais pr\u00eat \u00e0 partir d&rsquo;ici pour y aller\u00a0\u00bb, a ajout\u00e9 le pr\u00e9sident am\u00e9ricain dans un court \u00e9change avec des journalistes \u00e0 la fin d&rsquo;une visite officielle aux \u00c9mirats arabes unis.<\/p>\n<p>Il a toutefois ajout\u00e9 qu&rsquo;il rentrait bien aux \u00c9tats-Unis comme pr\u00e9vu et qu&rsquo;il se r\u00e9jouissait en particulier de faire la connaissance du gar\u00e7on auquel sa fille Tiffany Trump vient de donner naissance. Il ne se rendra donc pas en Turquie pour prendre part aux discussions en cours sur une issue au conflit en Ukraine. Le locataire de la Maison-Blanche avait auparavant laiss\u00e9 entendre qu&rsquo;il s&rsquo;y joindrait aux discussions en cours en Turquie sur une issue au conflit en Ukraine si Vladimir Poutine s&rsquo;y rendait aussi, comme le r\u00e9clamait le chef d&rsquo;\u00c9tat ukrainien Volodymyr Zelensky. Donald Trump avait aussi assur\u00e9 que \u00ab\u00a0rien ne se passerait\u00a0\u00bb sur l&rsquo;Ukraine tant qu&rsquo;il n&rsquo;aurait pas rencontr\u00e9 son homologue russe.\u00a0<\/p>\n<p>10:39<br class=\"jsx-494582681\"\/> 16 mai 2025L&rsquo;OTAN POINTE UNE \u00ab\u00a0\u00c9NORME ERREUR\u00a0\u00bb DE MOSCOU<\/p>\n<p>Le secr\u00e9taire g\u00e9n\u00e9ral de l&rsquo;Otan Mark Rutte a estim\u00e9 vendredi que le pr\u00e9sident russe Vladimir Poutine avait fait une \u00ab\u00a0\u00e9norme erreur\u00a0\u00bb en envoyant une \u00e9quipe de \u00ab\u00a0second rang\u00a0\u00bb dans les pourparlers avec l&rsquo;Ukraine \u00e0 Istanbul.<\/p>\n<p>\u00ab\u00a0Je pense que Poutine a fait une \u00e9norme erreur\u00a0\u00bb, a-t-il d\u00e9clar\u00e9 \u00e0 son arriv\u00e9e au sommet de la Communaut\u00e9 politique europ\u00e9enne \u00e0 Tirana. \u00ab\u00a0Il sait tr\u00e8s bien que la balle est dans son camp, qu&rsquo;il est en difficult\u00e9 et qu&rsquo;il a fait une \u00e9norme erreur\u00a0\u00bb, a-t-il poursuivi. \u00ab\u00a0Je pense que toute la pression est d\u00e9sormais sur Poutine\u00a0\u00bb, a-t-il ajout\u00e9.<\/p>\n<p>10:38<br class=\"jsx-494582681\"\/> 16 mai 2025\u00c9CHANGES UKRAINO-EUROP\u00c9ENS<\/p>\n<p>De hauts responsables ukrainiens ont rencontr\u00e9 vendredi \u00e0 Istanbul des repr\u00e9sentants s\u00e9curitaires europ\u00e9ens, avant les pourparlers pr\u00e9vus avec la Russie, dont les Europ\u00e9ens sont exclus, a indiqu\u00e9 \u00e0 l&rsquo;AFP une source au sein de la d\u00e9l\u00e9gation ukrainienne.<\/p>\n<p>Cette rencontre a eu lieu entre les ministres ukrainiens de la D\u00e9fense Roustem Oumerov, des Affaires \u00e9trang\u00e8res Andri\u00ef Sybiga et le chef de l&rsquo;administration pr\u00e9sidentielle ukrainienne Andri\u00ef Iermak d&rsquo;un c\u00f4t\u00e9, et des conseillers \u00e0 la s\u00e9curit\u00e9 fran\u00e7ais, allemand et britannique, ainsi que l&rsquo;\u00e9missaire am\u00e9ricain Keith Kellogg de l&rsquo;autre, a indiqu\u00e9 cette source.<\/p>\n<p>10:37<br class=\"jsx-494582681\"\/> 16 mai 2025D\u00c9BUT D&rsquo;UNE RENCONTRE UKRAINE-TURQUIE-\u00c9TATS-UNIS<\/p>\n<p>Une rencontre entre Ukrainiens, Turcs et Am\u00e9ricains a commenc\u00e9 vendredi matin au palais de Dolmabah\u00e7e \u00e0 Istanbul, avant des pourparlers entre Moscou et Kiev pr\u00e9vus \u00e0 la mi-journ\u00e9e, ont indiqu\u00e9 des sources turques.<\/p>\n<p>Les discussions, men\u00e9es par le ministre turc des Affaires \u00e9trang\u00e8res Hakan Fidan, r\u00e9unissent c\u00f4t\u00e9 am\u00e9ricain le secr\u00e9taire d&rsquo;\u00c9tat Marco Rubio, l&rsquo;ambassadeur des \u00c9tats-Unis \u00e0 Ankara Tom Barrack et le repr\u00e9sentant sp\u00e9cial am\u00e9ricain pour l&rsquo;Ukraine Keith Kellogg. C\u00f4t\u00e9 ukrainien sont pr\u00e9sents le chef de l&rsquo;administration pr\u00e9sidentielle Andri\u00ef Iermak et les ministres de la D\u00e9fense et des Affaires \u00e9trang\u00e8res, Roustem Oumerov et Andri\u00ef Sybiga, selon ces sources du minist\u00e8re turc des Affaires \u00e9trang\u00e8res.<\/p>\n<p>10:36<br class=\"jsx-494582681\"\/> 16 mai 2025L&rsquo;UE VEUT \u00ab\u00a0METTRE LA PRESSION\u00a0\u00bb SUR MOSCOU<\/p>\n<p>La cheffe de la diplomatie europ\u00e9enne, Kaja Kallas, a estim\u00e9 vendredi que les derniers rebondissements dans les discussions sur l&rsquo;Ukraine d\u00e9montraient que Moscou ne visait pas la paix, appelant \u00e0 \u00ab\u00a0mettre la pression\u00a0\u00bb sur Moscou. \u00ab\u00a0Nous voyons clairement que la Russie ne veut pas la paix et que tous les autres la veulent\u00a0\u00bb, a-t-elle d\u00e9clar\u00e9 \u00e0 son arriv\u00e9e au sommet de la Communaut\u00e9 politique europ\u00e9enne \u00e0 Tirana.<\/p>\n<p>09:57<br class=\"jsx-494582681\"\/> 16 mai 2025P\u00c9KIN ESP\u00c8RE UN ACCORD \u00ab\u00a0JUSTE\u00a0\u00bb ET \u00ab\u00a0DURABLE\u00a0\u00bb<\/p>\n<p>La Chine a dit vendredi esp\u00e9rer un accord de paix \u00ab\u00a0juste\u00a0\u00bb et \u00ab\u00a0durable\u00a0\u00bb entre la Russie et l&rsquo;Ukraine, au moment o\u00f9 Moscou et Kiev s&rsquo;appr\u00eatent \u00e0 tenir \u00e0 Istanbul leurs premi\u00e8res n\u00e9gociations directes depuis 2022.<\/p>\n<p>\u00ab\u00a0Nous esp\u00e9rons que toutes les parties concern\u00e9es poursuivent les pourparlers et les n\u00e9gociations en vue d&rsquo;aboutir \u00e0 un accord de paix juste, durable et contraignant, acceptable pour toutes les parties, afin de parvenir \u00e0 un r\u00e8glement politique de la crise ukrainienne\u00a0\u00bb, a d\u00e9clar\u00e9 lors d&rsquo;un point presse r\u00e9gulier Lin Jian, un porte-parole du minist\u00e8re chinois des Affaires \u00e9trang\u00e8res.<\/p>\n<p>09:56<br class=\"jsx-494582681\"\/> 16 mai 2025LE POINT SUR LA RENCONTRE D&rsquo;ISTANBUL<\/p>\n<p>Un sommet de n\u00e9gociations directes entre Kiev et Moscou doit commencer sous m\u00e9diation turque \u00e0 09h30 GMT (11h30 \u00e0 Paris) \u00e0 Istanbul, dans un palais sur les bords du Bosphore. Les modalit\u00e9s de cette rencontre reste encore floues, et les revendications des Ukrainiens, qui demandent un cessez-le-feu, et Russes, qui exigent ce qui semble \u00eatre une capitulation de leur voisin, divergent compl\u00e8tement. Toutes les explications de notre envoy\u00e9e sp\u00e9ciale H\u00e9l\u00e8ne Bonnet dans la vid\u00e9o ci-dessous.\u00a0<\/p>\n<p>Pourparlers Ukraine-Russie : le point depuis Istanbul, en TurquieSource : TF1 Info<\/p>\n<p><img decoding=\"async\" src=\"https:\/\/www.europesays.com\/fr\/wp-content\/uploads\/2025\/05\/pourparlers-ukraine-russie-le-point-depuis-istanbul-en-turquie-0ff5f4-0@1x.jpeg\" alt=\"Pourparlers Ukraine-Russie : le point depuis Istanbul, en Turquie\" loading=\"lazy\" importance=\"low\" fetchpriority=\"low\" class=\"\"\/><img decoding=\"async\" src=\"https:\/\/www.europesays.com\/fr\/wp-content\/uploads\/2025\/04\/player-logo-play.svg.svg+xml\" alt=\"Logo lecture\" class=\"jsx-d0de44c05fe3042c PlayerLazyload__Play\"\/>08:59<br class=\"jsx-494582681\"\/> 16 mai 2025FRAPPES RUSSES \u00ab\u00a0D\u00c9LIB\u00c9R\u00c9ES\u00a0\u00bb CONTRE DES JOURNALISTES<\/p>\n<p>Les ONG Reporters sans fronti\u00e8res (RSF) et Truth Hounds, organisation ukrainienne qui documente les crimes de guerre dans son pays, ont d\u00e9nonc\u00e9 vendredi la \u00ab\u00a0strat\u00e9gie d\u00e9lib\u00e9r\u00e9e\u00a0\u00bb de la Russie consistant, selon elles, \u00e0 bombarder les h\u00f4tels ukrainiens o\u00f9 logent des journalistes pour les \u00ab\u00a0faire taire\u00a0\u00bb, des attaques \u00ab\u00a0constitutives de crimes de guerre\u00a0\u00bb. Entre f\u00e9vrier 2022, au d\u00e9but de l&rsquo;invasion russe de l&rsquo;Ukraine, et mi-mars 2025, 31 frappes russes ont touch\u00e9 25 h\u00f4tels, selon un rapport commun.\u00a0<\/p>\n<p>Seul l&rsquo;un de ces h\u00f4tels, situ\u00e9s en \u00ab\u00a0majorit\u00e9 dans des r\u00e9gions proches du front\u00a0\u00bb comme \u00e0 Kharkiv (nord-est), Donetsk (est), Dnipro (centre), Odessa (sud) et Kiev, \u00ab\u00a0\u00e9tait utilis\u00e9 par l&rsquo;arm\u00e9e\u00a0\u00bb, assurent les deux organisations dans un communiqu\u00e9. \u00ab\u00a0Les autres h\u00e9bergeaient des civils\u00a0\u00bb, dont \u00ab\u00a025 journalistes et professionnels de l&rsquo;information\u00a0\u00bb qui \u00ab\u00a0se sont retrouv\u00e9s sous les bombardements\u00a0\u00bb. Ces attaques \u00ab\u00a0ne sont ni accidentelles ni al\u00e9atoires\u00a0\u00bb et \u00ab\u00a0visent \u00e0 r\u00e9duire la couverture journalistique de la guerre\u00a0\u00bb, assure Pauline Maufrais, charg\u00e9e de zone Ukraine pour RSF, cit\u00e9e dans le communiqu\u00e9.<\/p>\n<p>08:54<br class=\"jsx-494582681\"\/> 16 mai 2025MARCO RUBIO EST ARRIV\u00c9 \u00c0 ISTANBUL<\/p>\n<p>Le secr\u00e9taire d&rsquo;\u00c9tat am\u00e9ricain Marco Rubio est arriv\u00e9 vendredi matin \u00e0 Istanbul, avant la tenue plus tard dans la journ\u00e9e de pourparlers directs entre Russes et Ukrainiens, les premiers depuis le printemps 2022, a constat\u00e9 un journaliste de l&rsquo;AFP.<\/p>\n<p>Le responsable am\u00e9ricain ne participera pas aux discussions entre Moscou et Kiev, qui doivent commencer sous m\u00e9diation turque \u00e0 09h30 GMT (11h30 \u00e0 Paris), mais les Am\u00e9ricains devraient tenir des rencontres s\u00e9par\u00e9es avec Ukrainiens et Turcs d&rsquo;une part et aussi avec les Russes \u00e0 partir de 07h45 GMT \u00e0 Istanbul (9h45 \u00e0 Paris), selon des sources turques.<\/p>\n<p>08:10<br class=\"jsx-494582681\"\/> 16 mai 2025D\u00c9BUT DE LA R\u00c9UNION EN TURQUIE \u00c0 11H30<\/p>\n<p>La r\u00e9union Ukraine-Russie-Turquie d\u00e9marrera \u00e0 09h30 GMT vendredi \u00e0 Istanbul (11h30 \u00e0 Paris), selon des sources turques.<\/p>\n<p>07:17<br class=\"jsx-494582681\"\/> 16 mai 2025PLUSIEURS ATTAQUES NOCTURNES <\/p>\n<p>Par ailleurs, les attaques se sont poursuivies en Ukraine et en Russie dans la nuit de jeudi \u00e0 vendredi des deux c\u00f4t\u00e9s de la fronti\u00e8re.\u00a0<\/p>\n<p>Une femme a \u00e9t\u00e9 tu\u00e9e apr\u00e8s des attaques de bombes guid\u00e9es dans la r\u00e9gion de Dnipropetrovsk, a indiqu\u00e9 Mykola Lukachouk chef du conseil de la r\u00e9gion du sud de l&rsquo;Ukraine. Des explosions ont \u00e9t\u00e9 entendues \u00e0 Kiev et les \u00ab\u00a0d\u00e9fenses a\u00e9riennes mobilis\u00e9es contre des drones\u00a0\u00bb russes, a indiqu\u00e9 jeudi t\u00f4t le maire de la capitale ukrainienne Vitali Klitschko, sur Telegram, sans faire \u00e9tat de victimes.\u00a0<\/p>\n<p>C\u00f4t\u00e9 russe, Viatcheslav Gladkov le gouverneur de la r\u00e9gion frontali\u00e8re de Belgorod a signal\u00e9 un ou plusieurs bless\u00e9s \u00ab\u00a0apr\u00e8s des attaques de drones ennemis\u00a0\u00bb.\u00a0<\/p>\n<p>07:16<br class=\"jsx-494582681\"\/> 16 mai 2025LE CONTACT \u00ab\u00a0PERDU\u00a0\u00bb AVEC UN F-16 AM\u00c9RICAIN<\/p>\n<p>L&rsquo;Ukraine a rapport\u00e9 vendredi avoir perdu un avion de combat de conception am\u00e9ricaine F-16, pr\u00e9cieux mat\u00e9riel militaire livr\u00e9 par les Occidentaux, deuxi\u00e8me perte officiellement reconnue d&rsquo;un appareil de ce type depuis leur obtention. Ce F-16 \u00ab\u00a0effectuait une mission de d\u00e9fense contre une attaque a\u00e9rienne ennemie\u00a0\u00bb dans la nuit de jeudi \u00e0 vendredi lorsqu&rsquo;il \u00ab\u00a0a \u00e9t\u00e9 perdu\u00a0\u00bb, a expliqu\u00e9 l&rsquo;arm\u00e9e de l&rsquo;air ukrainienne sur Telegram.<\/p>\n<p>Selon elle, le pilote a \u00ab\u00a0d\u00e9truit trois cibles a\u00e9riennes et s&rsquo;attaquait \u00e0 la quatri\u00e8me \u00e0 l&rsquo;aide d&rsquo;un canon embarqu\u00e9\u00a0\u00bb mais a \u00e9t\u00e9 confront\u00e9 \u00e0 une \u00ab\u00a0situation d&rsquo;urgence \u00e0 bord\u00a0\u00bb et a d\u00fb s&rsquo;\u00e9jecter de l&rsquo;appareil. \u00ab\u00a0Le pilote a \u00e9t\u00e9 rapidement retrouv\u00e9 et \u00e9vacu\u00e9\u00a0\u00bb et se trouve en bonne sant\u00e9, a-t-elle ajout\u00e9. L&rsquo;Ukraine avait d\u00e9j\u00e0 annonc\u00e9 fin ao\u00fbt la perte d&rsquo;un premier F-16, qui s&rsquo;\u00e9tait \u00e9cras\u00e9 en repoussant une attaque de missiles russes, tuant son pilote form\u00e9 aux \u00c9tats-Unis. \u00a0<\/p>\n<p>07:14<br class=\"jsx-494582681\"\/> 16 mai 2025&Prime;PAS AU NIVEAU QUE NOUS ESP\u00c9RIONS\u00a0\u00bb<\/p>\n<p>Washington semble se faire peu d&rsquo;illusion sur la r\u00e9union pr\u00e9vue ce vendredi \u00e0 Istanbul : le secr\u00e9taire d&rsquo;\u00c9tat am\u00e9ricain Marco Rubio a d\u00e9clar\u00e9 jeudi soir ne pas nourrir \u00ab\u00a0de grandes attentes\u00a0\u00bb concernant ce rendez-vous, reconnaissant que la repr\u00e9sentation russe n&rsquo;est \u00ab\u00a0pas au niveau que nous esp\u00e9rions\u00a0\u00bb.\u00a0<\/p>\n<p>Donald Trump, qui s&rsquo;\u00e9tait dit pr\u00eat \u00e0 se rendre sur place si le dirigeant russe en faisait autant, a lui estim\u00e9 que \u00ab\u00a0rien ne se passera (&#8230;) tant que (Vladimir Poutine) et moi ne serons pas ensemble\u00a0\u00bb. Le pr\u00e9sident am\u00e9ricain, qui pousse les bellig\u00e9rants \u00e0 conclure la paix au plus vite, a r\u00e9p\u00e9t\u00e9 jeudi qu&rsquo;il pourrait se rendre \u00ab\u00a0vendredi\u00a0\u00bb en Turquie en cas de progr\u00e8s dans les discussions.<\/p>\n<p>07:04<br class=\"jsx-494582681\"\/> 16 mai 2025PORTRAIT<\/p>\n<p>Le pr\u00e9sident russe Vladimir Poutine ne sera pas de la partie ce jeudi pour des pourparlers directs avec les Ukrainiens en Turquie. Le ma\u00eetre du Kremlin sera repr\u00e9sent\u00e9 par Vladimir Medinski, son ancien ministre de la Culture. Accus\u00e9 de plagiat, ce fid\u00e8le du pouvoir est notamment accus\u00e9 de r\u00e9visionnisme.<\/p>\n<p>International<img decoding=\"async\" src=\"https:\/\/www.europesays.com\/fr\/wp-content\/uploads\/2025\/05\/vladimir-melinski-f11ec0-1@1x.jpeg\" alt=\"Pourparlers Ukraine-Russie : Vladimir Medinski, un sulfureux n\u00e9gociateur proche de Poutine\" loading=\"lazy\" importance=\"low\" fetchpriority=\"low\" class=\"\" aria-hidden=\"true\"\/><\/p>\n<p>Publi\u00e9 le 15 mai 2025 \u00e0 12h29<\/p>\n<p>07:03<br class=\"jsx-494582681\"\/> 16 mai 2025&Prime;PAYER LE PRIX DE SON REFUS DE LA PAIX\u00a0\u00bb<\/p>\n<p>Le Premier ministre britannique Keir Starmer a affirm\u00e9 que le pr\u00e9sident russe Vladimir Poutine devait \u00ab\u00a0payer le prix de son refus de la paix\u00a0\u00bb avec l&rsquo;Ukraine, avant un sommet de la Communaut\u00e9 politique europ\u00e9enne (CPE) vendredi en Albanie. \u00ab\u00a0Les tactiques de Poutine consistant \u00e0 tergiverser et \u00e0 retarder les choses, tout en continuant \u00e0 tuer et \u00e0 provoquer des effusions de sang \u00e0 travers l&rsquo;Ukraine, sont intol\u00e9rables\u00a0\u00bb, a d\u00e9clar\u00e9 Keir Starmer dans un communiqu\u00e9 en amont de ce sommet, qui r\u00e9unit \u00e0 Tirana les membres de l&rsquo;Union europ\u00e9enne et 20 autres pays du continent.<\/p>\n<p>\u00ab\u00a0Un cessez-le-feu total et inconditionnel doit \u00eatre conclu et si la Russie ne veut pas venir \u00e0 la table des n\u00e9gociations, alors Poutine devra en payer le prix\u00a0\u00bb, a insist\u00e9 Keir Starmer. Londres \u00e9voque notamment une \u00ab\u00a0vaste campagne de sanctions\u00a0\u00bb, visant le secteur \u00e9nerg\u00e9tique russe \u00ab\u00a0dans les semaines \u00e0 venir\u00a0\u00bb si Moscou n&rsquo;accepte pas un cessez-le-feu. Une menace \u00e9galement brandie par la France.<\/p>\n<p>07:01<br class=\"jsx-494582681\"\/> 16 mai 2025QU&rsquo;ATTENDRE DES DISCUSSIONS \u00c0 ISTANBUL ?<\/p>\n<p>Moscou et Kiev doivent tenir vendredi \u00e0 Istanbul de <a href=\"https:\/\/www.tf1info.fr\/international\/en-direct-guerre-en-ukraine-russie-zelensky-des-pourparlers-de-paix-aujourd-hui-a-istanbul-turquie-erdogan-mais-sans-poutine-les-dernieres-infos-du-15-mai-2025-2370895.html\" target=\"_blank\" rel=\"noopener\">premi\u00e8res n\u00e9gociations directes (nouvelle fen\u00eatre)<\/a> sur la guerre en Ukraine depuis le printemps 2022, mais <a href=\"https:\/\/www.tf1info.fr\/international\/guerre-ukraine-russie-vladimir-poutine-ne-se-rendra-pas-aux-pourparlers-de-paix-en-turquie-istanbul-cessez-le-feu-2370876.html\" target=\"_blank\" rel=\"noopener\">en l&rsquo;absence de Vladimir Poutine (nouvelle fen\u00eatre)<\/a>, les espoirs de progr\u00e8s sont jug\u00e9s minces. Le pr\u00e9sident ukrainien Volodymyr Zelensky, qui avait dit vouloir rencontrer son homologue russe \u00e0 Istanbul, a accus\u00e9 Moscou de ne pas prendre \u00ab\u00a0au s\u00e9rieux\u00a0\u00bb ces pourparlers.<\/p>\n<p>Vladimir Poutine avait propos\u00e9 des n\u00e9gociations directes entre les deux pays. Mais, mis au d\u00e9fi par Volodymyr Zelensky de se rendre en personne \u00e0 Istanbul pour n\u00e9gocier avec lui, le pr\u00e9sident russe n&rsquo;a pas fait le d\u00e9placement. La d\u00e9l\u00e9gation russe est emmen\u00e9e par un conseiller de second plan de Vladimir Poutine, Vladimir Medinski, ex-ministre de la Culture, et comprend \u00e9galement les vice-ministres des Affaires \u00e9trang\u00e8res et de la D\u00e9fense, ainsi que des repr\u00e9sentants de l&rsquo;arm\u00e9e.<\/p>\n<p>Dans ce contexte, Volodymyr Zelensky, qui est en Turquie, a quant \u00e0 lui d\u00e9l\u00e9gu\u00e9 pour les discussions son ministre de la D\u00e9fense Roustem Oumerov et un vice-ministre des Affaires \u00e9trang\u00e8res, qui \u00ab\u00a0auront un mandat pour un cessez-le-feu\u00a0\u00bb. Il a qualifi\u00e9 de \u00ab\u00a0pure fa\u00e7ade\u00a0\u00bb la d\u00e9l\u00e9gation russe.\u00a0<\/p>\n<p>Voir plus<\/p>\n<p>06:58<br class=\"jsx-494582681\"\/> 16 mai 2025R\u00c9UNIONS TRILAT\u00c9RALES<\/p>\n<p>Des r\u00e9unions trilat\u00e9rales auront lieu ce vendredi \u00e0 Istanbul entre Turcs, Ukrainiens et Russes d&rsquo;une part, et Turcs, Am\u00e9ricains et Ukrainiens de l&rsquo;autre, a annonc\u00e9 jeudi soir une source au minist\u00e8re turc des Affaires \u00e9trang\u00e8res.<\/p>\n<p>\u00ab\u00a0La r\u00e9union est termin\u00e9e. Demain, une autre s\u00e9rie de r\u00e9unions se d\u00e9roulera sous diff\u00e9rents formats\u00a0\u00bb, a pr\u00e9cis\u00e9 cette source dans un communiqu\u00e9. Des \u00ab\u00a0n\u00e9gociations trilat\u00e9rales\u00a0\u00bb sont pr\u00e9vues d&rsquo;un c\u00f4t\u00e9 entre les \u00c9tats-Unis, l&rsquo;Ukraine, la Turquie, et de l&rsquo;autre entre la Russie, l&rsquo;Ukraine et la Turquie. \u00ab\u00a0Il n\u2019est pas certain qu\u2019une r\u00e9union se tiendra au format quadripartite (\u00c9tats-Unis, Russie, Ukraine, Turquie)\u00a0\u00bb, a-t-elle d\u00e9taill\u00e9.\u00a0<\/p>\n<p>06:53<br class=\"jsx-494582681\"\/> 16 mai 2025BIENVENUE<\/p>\n<p>Bonjour et bienvenue sur ce live consacr\u00e9 \u00e0 l&rsquo;actualit\u00e9 de la guerre en Ukraine. Retrouvez ici toutes les derni\u00e8res informations sur le conflit, tout au long de la journ\u00e9e. \u00a0<\/p>\n<p data-module=\"article-paragraph\" class=\"jsx-362436225 Paragraph\">Des \u00ab\u00a0r\u00e9unions trilat\u00e9rales\u00a0\u00bb auront lieu vendredi \u00e0 Istanbul en lieu et place <a href=\"https:\/\/www.tf1info.fr\/international\/guerre-ukraine-russie-vladimir-poutine-ne-se-rendra-pas-aux-pourparlers-de-paix-en-turquie-istanbul-cessez-le-feu-2370876.html\" target=\"_blank\" rel=\"noopener\">des pourparlers de paix<\/a> qui devaient s&rsquo;ouvrir entre Russes et Ukrainiens dans cette m\u00e9galopole turque, a annonc\u00e9 jeudi soir une source au minist\u00e8re turc des Affaires \u00e9trang\u00e8res.<\/p>\n<p data-module=\"article-paragraph\" class=\"jsx-362436225 Paragraph Paragraph__End\">Le chef de la diplomatie turque, Hakan Fidan, a rencontr\u00e9 dans la soir\u00e9e la d\u00e9l\u00e9gation russe dirig\u00e9e par un conseiller du pr\u00e9sident Vladimir Poutine, Vladimir Medinskiy, au palais de Dolmabahce. \u00ab\u00a0La r\u00e9union est termin\u00e9e\u00a0\u00bb, a dit le minist\u00e8re, sans autres pr\u00e9cisions.<\/p>\n<p data-module=\"article-paragraph\" class=\"jsx-362436225 Paragraph\">Mais les pourparlers entre Russes et Ukrainiens n&rsquo;ont pas commenc\u00e9 et aucune partie n&rsquo;a \u00e9t\u00e9 en mesure de confirmer qu&rsquo;ils auraient lieu vendredi. \u00c0 la place, selon le minist\u00e8re turc, il y aura \u00ab\u00a0une autre s\u00e9rie de r\u00e9unions sous diff\u00e9rents formats\u00a0\u00bb.<\/p>\n<p data-module=\"article-paragraph\" class=\"jsx-362436225 Paragraph Paragraph__End\">\u00ab\u00a0Des n\u00e9gociations trilat\u00e9rales entre les \u00c9tats-Unis, l&rsquo;Ukraine, la Turquie\u00a0\u00bb, d&rsquo;une part, et entre \u00ab\u00a0<a href=\"https:\/\/www.tf1info.fr\/international\/vladimir-poutine-a-besoin-de-la-guerre-pour-federer-en-russie-estime-l-essayiste-adina-revol-2371070.html\" target=\"_blank\" rel=\"noopener\">la F\u00e9d\u00e9ration de Russie<\/a>, l&rsquo;Ukraine et la Turquie\u00a0\u00bb d&rsquo;autre part sont \u00e0 l&rsquo;ordre du jour, a dit cette source.\u00a0\u00ab\u00a0Il n\u2019est pas certain qu\u2019une r\u00e9union se d\u00e9roulera au format quadripartite (\u00c9tats-Unis, Russie, Ukraine, Turquie)\u00a0\u00bb, a-t-elle relev\u00e9.<\/p>\n<ul class=\"jsx-3657663356 ReadMoreArticle__List flex flex-column\">\n<li class=\"jsx-3657663356\"><a href=\"https:\/\/www.tf1info.fr\/international\/guerre-ukraine-russie-pourparlers-entre-ukraine-et-russie-vladimir-medinski-un-fidele-de-poutine-a-la-reputation-sulfureuse-2371006.html\" rel=\"noopener\" class=\"jsx-4233824444 Link flex\" target=\"_blank\"><img decoding=\"async\" src=\"https:\/\/www.europesays.com\/fr\/wp-content\/uploads\/2025\/05\/vladimir-melinski-38c40e-1@1x.jpeg\" alt=\"Lire aussi\" loading=\"lazy\" importance=\"low\" fetchpriority=\"low\" class=\"\"\/>\n<p class=\"jsx-3657663356 ReadMoreArticle__Title\">Lire aussi<\/p>\n<p class=\"jsx-3657663356\">Pourparlers Ukraine-Russie : Vladimir Medinski, un sulfureux n\u00e9gociateur proche de Poutine<\/p>\n<p><\/a><\/li>\n<\/ul>\n<p data-module=\"article-paragraph\" class=\"jsx-362436225 Paragraph\">Le pr\u00e9sident ukrainien Volodymyr Zelensky, qui a envoy\u00e9 jeudi une d\u00e9l\u00e9gation \u00e0 Istanbul pour des discussions de paix avec des repr\u00e9sentants russes, a accus\u00e9 Moscou de ne pas prendre \u00ab\u00a0au s\u00e9rieux\u00a0\u00bb ces pourparlers, sur lesquels les \u00c9tats-Unis se sont \u00e9galement montr\u00e9s sceptiques.<\/p>\n<p data-module=\"article-paragraph\" class=\"jsx-362436225 Paragraph Paragraph__End\">\u00c0 l&rsquo;instar de Donald Trump, selon qui, comme il l&rsquo;a clam\u00e9 le m\u00eame jour, \u00ab\u00a0rien ne se passera (&#8230;) tant que (Vladimir Poutine) et moi ne serons pas ensemble\u00a0\u00bb. Et de son secr\u00e9taire d&rsquo;\u00c9tat Marco Rubio, qui a lanc\u00e9, quelques heures plus tard : \u00ab\u00a0Je vais \u00eatre franc, je ne pense pas que nous ayons de grandes attentes quant \u00e0 ce qui se passera demain\u00a0\u00bb, reconnaissant que la repr\u00e9sentation russe n&rsquo;est \u00ab\u00a0pas au niveau que nous esp\u00e9rions\u00a0\u00bb.<\/p>\n<p>La r\u00e9daction de TF1info<\/p>\n<p><script async src=\"https:\/\/platform.twitter.com\/widgets.js\" charset=\"utf-8\"><\/script><\/p>\n","protected":false},"excerpt":{"rendered":"Une rencontre entre Volodymyr Zelensky et Vladimir Poutine doit \u00eatre \u00ab\u00a0la prochaine \u00e9tape\u00a0\u00bb, a d\u00e9clar\u00e9 \u00e0 Istanbul, le&hellip;\n","protected":false},"author":2,"featured_media":105613,"comment_status":"","ping_status":"","sticky":false,"template":"","format":"standard","meta":{"footnotes":""},"categories":[1591],"tags":[1111,11,1921,75,1073,73,1887,1918,1922,1916,12,1885,1886,132,3496,220,1917,133,1920,135,134],"class_list":{"0":"post-105612","1":"post","2":"type-post","3":"status-publish","4":"format-standard","5":"has-post-thumbnail","7":"category-russie","8":"tag-actu","9":"tag-actualites","10":"tag-article-video","11":"tag-donald-trump","12":"tag-emmanuel-macron","13":"tag-etats-unis","14":"tag-federation-de-russie","15":"tag-guerre-en-ukraine-une-treve-en-negociation","16":"tag-info","17":"tag-moscou","18":"tag-news","19":"tag-russia","20":"tag-russian-federation","21":"tag-russie","22":"tag-turquie","23":"tag-ukraine","24":"tag-ukraine-4-annee-de-guerre","25":"tag-video","26":"tag-video-international","27":"tag-vladimir-poutine","28":"tag-volodymyr-zelensky"},"share_on_mastodon":{"url":"https:\/\/pubeurope.com\/@fr\/114520134026146002","error":""},"_links":{"self":[{"href":"https:\/\/www.europesays.com\/fr\/wp-json\/wp\/v2\/posts\/105612","targetHints":{"allow":["GET"]}}],"collection":[{"href":"https:\/\/www.europesays.com\/fr\/wp-json\/wp\/v2\/posts"}],"about":[{"href":"https:\/\/www.europesays.com\/fr\/wp-json\/wp\/v2\/types\/post"}],"author":[{"embeddable":true,"href":"https:\/\/www.europesays.com\/fr\/wp-json\/wp\/v2\/users\/2"}],"replies":[{"embeddable":true,"href":"https:\/\/www.europesays.com\/fr\/wp-json\/wp\/v2\/comments?post=105612"}],"version-history":[{"count":0,"href":"https:\/\/www.europesays.com\/fr\/wp-json\/wp\/v2\/posts\/105612\/revisions"}],"wp:featuredmedia":[{"embeddable":true,"href":"https:\/\/www.europesays.com\/fr\/wp-json\/wp\/v2\/media\/105613"}],"wp:attachment":[{"href":"https:\/\/www.europesays.com\/fr\/wp-json\/wp\/v2\/media?parent=105612"}],"wp:term":[{"taxonomy":"category","embeddable":true,"href":"https:\/\/www.europesays.com\/fr\/wp-json\/wp\/v2\/categories?post=105612"},{"taxonomy":"post_tag","embeddable":true,"href":"https:\/\/www.europesays.com\/fr\/wp-json\/wp\/v2\/tags?post=105612"}],"curies":[{"name":"wp","href":"https:\/\/api.w.org\/{rel}","templated":true}]}}