{"id":105616,"date":"2025-05-16T23:36:10","date_gmt":"2025-05-16T23:36:10","guid":{"rendered":"https:\/\/www.europesays.com\/fr\/105616\/"},"modified":"2025-05-16T23:36:10","modified_gmt":"2025-05-16T23:36:10","slug":"les-etats-unis-approuvent-le-premier-test-sanguin-de-depistage-dalzheimer","status":"publish","type":"post","link":"https:\/\/www.europesays.com\/fr\/105616\/","title":{"rendered":"Les \u00c9tats-Unis approuvent le premier test sanguin de d\u00e9pistage d&rsquo;Alzheimer"},"content":{"rendered":"<p class=\"fig-paragraph\">Les \u00c9tats-Unis ont donn\u00e9 leur feu vert vendredi 16 mai au premier test sanguin de d\u00e9pistage de\u00a0<a href=\"https:\/\/www.lefigaro.fr\/tag\/alzheimer\" target=\"_blank\" rel=\"noopener\" data-gtm-custom-categorie=\"navigation\" data-gtm-custom-action=\"crossclick\" data-gtm-custom-label=\"Contextuel\" data-gtm-event=\"customEventSPE\">la maladie d&rsquo;Alzheimer<\/a>, ce qui pourrait permettre aux patients de prendre plus t\u00f4t des m\u00e9dicaments ralentissant la progression de cette maladie neurod\u00e9g\u00e9n\u00e9rative. Le test, mis au point par Fujirebio Diagnostics, mesure le ratio de deux prot\u00e9ines pr\u00e9sentes dans le sang. Ce ratio est corr\u00e9l\u00e9 \u00e0 la pr\u00e9sence de plaques b\u00eata amylo\u00efdes dans le cerveau, caract\u00e9ristiques de la maladie d&rsquo;Alzheimer, qui jusqu&rsquo;ici n&rsquo;\u00e9taient d\u00e9tectables que par des scans du cerveau ou l&rsquo;analyse du liquide c\u00e9phalorachidien.<\/p>\n<p class=\"fig-paragraph\">\u00abLa maladie d&rsquo;Alzheimer touche trop de personnes, plus que le cancer du sein et le cancer de la prostate r\u00e9unis\u00bb, a d\u00e9clar\u00e9 Marty Makary, de la Food and Drug Administration (FDA), l&rsquo;agence de sant\u00e9 am\u00e9ricaine. \u00abSachant que 10% des gens \u00e2g\u00e9s de 65 ans et plus sont atteints de la maladie d&rsquo;Alzheimer et que ce chiffre devrait doubler d&rsquo;ici 2050, j&rsquo;esp\u00e8re que de nouveaux produits m\u00e9dicaux tels que celui-ci aideront les patients.\u00bb\u00a0<\/p>\n<p class=\"fig-paragraph\">Il existe actuellement deux traitements approuv\u00e9s de l&rsquo;Alzheimer, les lecanemab et donanemab, qui ciblent la plaque amylo\u00efde et ralentissent modestement le d\u00e9clin cognitif. Elles ne permettent pas la gu\u00e9rison. Les partisans de ces traitements, dont de nombreux neurologues, avancent qu&rsquo;ils peuvent offrir aux malades quelques mois suppl\u00e9mentaires d&rsquo;ind\u00e9pendance, et qu&rsquo;ils devraient \u00eatre plus efficaces plus ils sont pris t\u00f4t.<\/p>\n<p>\u00abUne \u00e9tape importante\u00bb<\/p>\n<p class=\"fig-paragraph\">Lors d&rsquo;essais cliniques, le test sanguin a produit des r\u00e9sultats largement similaires \u00e0 ceux des scans du cerveau obtenus par la technique de la tomographie par \u00e9mission de positons (PET scan) et l&rsquo;analyse du liquide c\u00e9phalorachidien. \u00abL&rsquo;autorisation accord\u00e9e aujourd&rsquo;hui est une \u00e9tape importante pour le diagnostic de la maladie d&rsquo;Alzheimer, car elle le rend plus facile et potentiellement plus accessible aux patients am\u00e9ricains \u00e0 un stade pr\u00e9coce de la maladie\u00bb, a comment\u00e9 Michelle Tarver, du Center for Devices and Radiological Health (Centre des dispositifs et de la sant\u00e9 radiologique) de la FDA. Le test est autoris\u00e9 en milieu clinique pour les patients pr\u00e9sentant des signes de d\u00e9clin cognitif, et les r\u00e9sultats doivent \u00eatre interpr\u00e9t\u00e9s parall\u00e8lement \u00e0 d&rsquo;autres informations cliniques.<\/p>\n<p class=\"fig-paragraph\">La maladie d&rsquo;Alzheimer est la forme la plus courante de d\u00e9mence. Elle s&rsquo;aggrave avec le temps, privant progressivement les personnes atteintes de leurs souvenirs et de leur ind\u00e9pendance.<\/p>\n","protected":false},"excerpt":{"rendered":"Les \u00c9tats-Unis ont donn\u00e9 leur feu vert vendredi 16 mai au premier test sanguin de d\u00e9pistage de\u00a0la maladie&hellip;\n","protected":false},"author":2,"featured_media":105617,"comment_status":"","ping_status":"","sticky":false,"template":"","format":"standard","meta":{"footnotes":""},"categories":[1589],"tags":[1111,47,11,772,1109,1112,73,1866,118,1108,107,1106,1107,27,1110,1114,14,12,1113,316,1864,1865,1863,308],"class_list":{"0":"post-105616","1":"post","2":"type-post","3":"status-publish","4":"format-standard","5":"has-post-thumbnail","7":"category-etats-unis","8":"tag-actu","9":"tag-actualite","10":"tag-actualites","11":"tag-alzheimer","12":"tag-breves","13":"tag-depeches","14":"tag-etats-unis","15":"tag-etats-unis-damerique","16":"tag-faits-divers","17":"tag-fil","18":"tag-fil-info","19":"tag-flash","20":"tag-flash-actu","21":"tag-france","22":"tag-informations","23":"tag-infos","24":"tag-international","25":"tag-news","26":"tag-nouvelles","27":"tag-politique","28":"tag-united-states","29":"tag-united-states-of-america","30":"tag-us","31":"tag-usa"},"share_on_mastodon":{"url":"https:\/\/pubeurope.com\/@fr\/114520141556905538","error":""},"_links":{"self":[{"href":"https:\/\/www.europesays.com\/fr\/wp-json\/wp\/v2\/posts\/105616","targetHints":{"allow":["GET"]}}],"collection":[{"href":"https:\/\/www.europesays.com\/fr\/wp-json\/wp\/v2\/posts"}],"about":[{"href":"https:\/\/www.europesays.com\/fr\/wp-json\/wp\/v2\/types\/post"}],"author":[{"embeddable":true,"href":"https:\/\/www.europesays.com\/fr\/wp-json\/wp\/v2\/users\/2"}],"replies":[{"embeddable":true,"href":"https:\/\/www.europesays.com\/fr\/wp-json\/wp\/v2\/comments?post=105616"}],"version-history":[{"count":0,"href":"https:\/\/www.europesays.com\/fr\/wp-json\/wp\/v2\/posts\/105616\/revisions"}],"wp:featuredmedia":[{"embeddable":true,"href":"https:\/\/www.europesays.com\/fr\/wp-json\/wp\/v2\/media\/105617"}],"wp:attachment":[{"href":"https:\/\/www.europesays.com\/fr\/wp-json\/wp\/v2\/media?parent=105616"}],"wp:term":[{"taxonomy":"category","embeddable":true,"href":"https:\/\/www.europesays.com\/fr\/wp-json\/wp\/v2\/categories?post=105616"},{"taxonomy":"post_tag","embeddable":true,"href":"https:\/\/www.europesays.com\/fr\/wp-json\/wp\/v2\/tags?post=105616"}],"curies":[{"name":"wp","href":"https:\/\/api.w.org\/{rel}","templated":true}]}}